{"id":60825,"date":"2025-06-04T09:11:59","date_gmt":"2025-06-04T12:11:59","guid":{"rendered":"https:\/\/www.mpal.mp.br\/?p=60825"},"modified":"2025-09-10T09:17:18","modified_gmt":"2025-09-10T12:17:18","slug":"projeto-familia-acolhedora","status":"publish","type":"post","link":"https:\/\/www.mpal.mp.br\/?p=60825","title":{"rendered":"Projeto &#8211; Fam\u00edlia Acolhedora"},"content":{"rendered":"<p><div class=\"fusion-fullwidth fullwidth-box fusion-builder-row-1 nonhundred-percent-fullwidth non-hundred-percent-height-scrolling\"  style='background-color: #ffffff;background-position: center center;background-repeat: no-repeat;padding-top:0px;padding-right:0px;padding-bottom:0px;padding-left:0px;'><div class=\"fusion-builder-row fusion-row \"><div  class=\"fusion-layout-column fusion_builder_column fusion_builder_column_1_1 fusion-builder-column-1 fusion-one-full fusion-column-first fusion-column-last 1_1\"  style='margin-top:0px;margin-bottom:20px;'>\n\t\t\t\t\t<div class=\"fusion-column-wrapper\" style=\"padding: 0px 0px 0px 0px;background-position:left top;background-repeat:no-repeat;-webkit-background-size:cover;-moz-background-size:cover;-o-background-size:cover;background-size:cover;\"   data-bg-url=\"\">\n\t\t\t\t\t\t<div class=\"fusion-text\"><div class=\"wpb_text_column wpb_content_element \" data-raofz=\"14\">\n<div id=\"ct_86stlyctqtlscocy50gx\" class=\"wpb_wrapper\" data-raofz=\"14\">\n<p style=\"text-align: justify;\"><strong><span style=\"font-size: 14pt;\">Minist\u00e9rio P\u00fablico do Estado de Alagoas<\/span><\/strong><\/p>\n<p style=\"text-align: justify;\"><span style=\"font-size: 14pt;\"><strong>INOVA <\/strong>| Sistema de Gest\u00e3o de Projetos e Processos<\/span><\/p>\n<p style=\"text-align: justify;\"><span style=\"font-size: 14pt;\">FAM\u00cdLIA ACOLHEDORA<\/span><\/p>\n<p style=\"text-align: justify;\"><span style=\"font-size: 14pt;\"><strong>Tipo: <\/strong>Projeto\u00a0\u00a0\u00a0\u00a0\u00a0\u00a0\u00a0\u00a0\u00a0\u00a0\u00a0\u00a0\u00a0\u00a0\u00a0\u00a0\u00a0\u00a0\u00a0\u00a0\u00a0\u00a0\u00a0\u00a0\u00a0\u00a0\u00a0\u00a0\u00a0\u00a0\u00a0\u00a0 <strong>\u00c1rea Regional: <\/strong>Munic\u00edpio de origem n\u00e3o informado<\/span><\/p>\n<p style=\"text-align: justify;\"><span style=\"font-size: 14pt;\"><strong>Status: <\/strong>Em elabora\u00e7\u00e3o\u00a0 \u00a0 \u00a0 \u00a0 \u00a0 \u00a0 \u00a0 \u00a0 \u00a0 \u00a0<strong>Unidade: <\/strong>Unidade de origem n\u00e3o informada<\/span><\/p>\n<p style=\"text-align: justify;\"><strong><span style=\"font-size: 14pt;\">::: Problema\/ Oportunidade<\/span><\/strong><\/p>\n<p style=\"text-align: justify;\"><span style=\"font-size: 14pt;\">A a\u00e7\u00e3o proposta pelo projeto Fam\u00edlia Acolhedora \u00e9 necess\u00e1ria para enfrentar a situa\u00e7\u00e3o de vulnerabilidade social que afeta crian\u00e7as e adolescentes no munic\u00edpio de Vi\u00e7osa, AL, causada principalmente pela neglig\u00eancia familiar ou outras formas de risco que comprometem sua integridade e desenvolvimento. Atualmente, a comarca enfrenta a insufici\u00eancia de uma pol\u00edtica p\u00fablica efetiva voltada para o acolhimento familiar, o que resulta na predomin\u00e2ncia do acolhimento institucional como solu\u00e7\u00e3o. Esse modelo, al\u00e9m de sobrecarregar as institui\u00e7\u00f5es dispon\u00edveis, como as casas de acolhimento em Cajueiro e Atalaia, limita a capacidade de atendimento e n\u00e3o favorece a manuten\u00e7\u00e3o dos v\u00ednculos familiares e comunit\u00e1rios. O problema \u00e9 agravado pela inexist\u00eancia de alternativas vi\u00e1veis, como a inser\u00e7\u00e3o em fam\u00edlias extensas, que muitas vezes n\u00e3o est\u00e3o aptas ou dispon\u00edveis. Essa lacuna institucional viola o disposto no Estatuto da Crian\u00e7a e do Adolescente (ECA), que prev\u00ea a prefer\u00eancia pelo acolhimento familiar em detrimento da institucionaliza\u00e7\u00e3o, tornando evidente a necessidade urgente de uma solu\u00e7\u00e3o estruturada. A justificativa para a a\u00e7\u00e3o tamb\u00e9m se fundamenta no alinhamento estrat\u00e9gico ao Plano Geral de Atua\u00e7\u00e3o do Minist\u00e9rio P\u00fablico de Alagoas (MPAL), que prioriza a prote\u00e7\u00e3o de crian\u00e7as e adolescentes em situa\u00e7\u00e3o de vulnerabilidade. A aus\u00eancia de uma pol\u00edtica de acolhimento familiar n\u00e3o s\u00f3 perpetua a exclus\u00e3o social e o afastamento das crian\u00e7as de suas comunidades, como tamb\u00e9m representa um desafio para a reinser\u00e7\u00e3o \u00e0 fam\u00edlia natural ou o encaminhamento para ado\u00e7\u00e3o. Caso a a\u00e7\u00e3o n\u00e3o seja executada, os impactos ser\u00e3o significativos, incluindo o agravamento da vulnerabilidade social, o enfraquecimento dos v\u00ednculos afetivos, a sobrecarga das institui\u00e7\u00f5es de acolhimento e a inefici\u00eancia na aplica\u00e7\u00e3o das normas previstas pelo ECA. Por outro lado, a implementa\u00e7\u00e3o do programa trar\u00e1 benef\u00edcios importantes. Espera-se a cria\u00e7\u00e3o de um ambiente familiar mais saud\u00e1vel e acolhedor para crian\u00e7as e adolescentes, reduzindo os efeitos negativos da institucionaliza\u00e7\u00e3o. A a\u00e7\u00e3o tamb\u00e9m contribuir\u00e1 para a melhoria dos servi\u00e7os p\u00fablicos de prote\u00e7\u00e3o, suporte e promo\u00e7\u00e3o social, promovendo uma abordagem mais humanizada e eficiente no cuidado com a inf\u00e2ncia e juventude vulner\u00e1veis. Al\u00e9m disso, o programa incentiva a participa\u00e7\u00e3o da comunidade, fortalecendo la\u00e7os sociais e proporcionando maior estabilidade emocional para os menores. Por fim, a execu\u00e7\u00e3o do projeto responde tanto \u00e0 demanda legal imposta pelo ECA quanto \u00e0 orienta\u00e7\u00e3o estrat\u00e9gica do MPAL, tornando-o priorit\u00e1rio. Sua implementa\u00e7\u00e3o n\u00e3o s\u00f3 atende \u00e0 necessidade de promover uma rede de prote\u00e7\u00e3o mais eficaz, como tamb\u00e9m demonstra o compromisso do Minist\u00e9rio P\u00fablico e da administra\u00e7\u00e3o p\u00fablica com a transforma\u00e7\u00e3o social e a garantia de direitos fundamentais.<\/span><\/p>\n<p style=\"text-align: justify;\"><strong><span style=\"font-size: 14pt;\">::: Objetivo<\/span><\/strong><\/p>\n<p style=\"text-align: justify;\"><span style=\"font-size: 14pt;\">O objetivo principal do projeto Fam\u00edlia Acolhedora \u00e9 implementar, no munic\u00edpio de Vi\u00e7osa, AL, um programa de acolhimento familiar para crian\u00e7as e adolescentes em situa\u00e7\u00e3o de vulnerabilidade, garantindo um ambiente mais seguro e humano, conforme previsto no Estatuto da Crian\u00e7a e do Adolescente (ECA). Especificamente, busca-se cadastrar e capacitar pelo menos 20 fam\u00edlias acolhedoras at\u00e9 o final de um per\u00edodo de seis meses, promovendo a prote\u00e7\u00e3o imediata dos menores e contribuindo para a reinser\u00e7\u00e3o familiar ou o encaminhamento \u00e0 ado\u00e7\u00e3o. Para alcan\u00e7ar esse objetivo geral, o projeto define metas espec\u00edficas e mensur\u00e1veis. Primeiramente, realizar o levantamento e diagn\u00f3stico das situa\u00e7\u00f5es de vulnerabilidade familiar no munic\u00edpio, abrangendo 100% das fam\u00edlias identificadas nessa condi\u00e7\u00e3o, no prazo de dois meses. Em seguida, trabalhar em parceria com o poder p\u00fablico e organiza\u00e7\u00f5es locais para a cria\u00e7\u00e3o de uma legisla\u00e7\u00e3o municipal que institucionalize o programa de acolhimento familiar, com prazo estimado de quatro meses para sua aprova\u00e7\u00e3o e san\u00e7\u00e3o. Outro objetivo fundamental \u00e9 garantir a<br \/>\ncapacita\u00e7\u00e3o das fam\u00edlias acolhedoras, envolvendo 100% das fam\u00edlias cadastradas, at\u00e9 o sexto m\u00eas do projeto. Essa meta inclui a sensibiliza\u00e7\u00e3o comunit\u00e1ria e a divulga\u00e7\u00e3o ampla do programa, com a\u00e7\u00f5es voltadas a informar e engajar os cidad\u00e3os sobre a import\u00e2ncia e os benef\u00edcios do acolhimento familiar. Todos os objetivos ser\u00e3o acordados com as principais partes interessadas, como o Minist\u00e9rio P\u00fablico, o poder p\u00fablico local e \u00f3rg\u00e3os de prote\u00e7\u00e3o \u00e0 inf\u00e2ncia, garantindo que as metas sejam realistas e alinhadas \u00e0s condi\u00e7\u00f5es dispon\u00edveis. Por fim, o cumprimento desses objetivos dentro do prazo estabelecido refor\u00e7a o compromisso de entregar resultados concretos e sustent\u00e1veis, promovendo a transforma\u00e7\u00e3o social no munic\u00edpio de Vi\u00e7osa e criando um modelo replic\u00e1vel para outros munic\u00edpios de Alagoas.<br \/>\n<\/span><\/p>\n<p style=\"text-align: justify;\"><strong><span style=\"font-size: 14pt;\">::: Escopo<\/span><\/strong><\/p>\n<p style=\"text-align: justify;\"><span style=\"font-size: 14pt;\">Os resultados esperados com a implementa\u00e7\u00e3o do projeto Fam\u00edlia Acolhedora incluem uma s\u00e9rie de entregas tang\u00edveis e intang\u00edveis, capazes de gerar impacto direto na prote\u00e7\u00e3o e promo\u00e7\u00e3o dos direitos das crian\u00e7as e adolescentes em situa\u00e7\u00e3o de vulnerabilidade no munic\u00edpio de Vi\u00e7osa, AL. Entre os produtos e servi\u00e7os a serem entregues, destaca-se a cria\u00e7\u00e3o de uma legisla\u00e7\u00e3o municipal espec\u00edfica que institua o programa de acolhimento familiar, regulamentando as diretrizes e garantindo a execu\u00e7\u00e3o da pol\u00edtica p\u00fablica de forma estruturada e legalmente amparada. Espera-se, tamb\u00e9m, o cadastramento e a capacita\u00e7\u00e3o de pelo menos 20 fam\u00edlias acolhedoras, devidamente habilitadas para receber crian\u00e7as e adolescentes em situa\u00e7\u00e3o de risco. Esse processo incluir\u00e1 a realiza\u00e7\u00e3o de treinamentos e o fornecimento de materiais informativos para preparar as fam\u00edlias sobre os aspectos legais, psicol\u00f3gicos e sociais envolvidos no acolhimento familiar. Al\u00e9m disso, o projeto produzir\u00e1 um diagn\u00f3stico detalhado sobre a realidade local, abrangendo as causas da desagrega\u00e7\u00e3o familiar, as condi\u00e7\u00f5es das fam\u00edlias em vulnerabilidade, e a qualidade dos servi\u00e7os p\u00fablicos relacionados \u00e0 prote\u00e7\u00e3o da inf\u00e2ncia e juventude. Esses dados ser\u00e3o sistematizados em relat\u00f3rios t\u00e9cnicos que poder\u00e3o subsidiar decis\u00f5es estrat\u00e9gicas futuras. Outros resultados esperados incluem a amplia\u00e7\u00e3o da rede de prote\u00e7\u00e3o local, por meio da integra\u00e7\u00e3o e articula\u00e7\u00e3o entre diferentes atores, como o Conselho Tutelar, o CREAS e o Conselho Municipal de Direitos da Crian\u00e7a e do Adolescente (CMDCA). Essa rede permitir\u00e1 um atendimento mais eficiente e coordenado, beneficiando n\u00e3o apenas as crian\u00e7as acolhidas, mas tamb\u00e9m suas fam\u00edlias de origem, por meio de programas de orienta\u00e7\u00e3o, apoio e promo\u00e7\u00e3o social. Por fim, o projeto tamb\u00e9m prev\u00ea a\u00e7\u00f5es de sensibiliza\u00e7\u00e3o e engajamento comunit\u00e1rio, com ampla divulga\u00e7\u00e3o do programa em canais locais, buscando ampliar a participa\u00e7\u00e3o e o conhecimento da popula\u00e7\u00e3o sobre a iniciativa. Com essas entregas, o Fam\u00edlia Acolhedora n\u00e3o apenas atender\u00e1 \u00e0s demandas imediatas de prote\u00e7\u00e3o, mas tamb\u00e9m estabelecer\u00e1 um modelo de interven\u00e7\u00e3o sustent\u00e1vel e replic\u00e1vel para outros munic\u00edpios, promovendo um impacto positivo duradouro.<\/span><\/p>\n<p style=\"text-align: justify;\"><strong><span style=\"font-size: 14pt;\">::: N\u00e3o Escopo<\/span><\/strong><\/p>\n<p style=\"text-align: justify; padding-left: 40px;\"><span style=\"font-size: 14pt;\">O projeto Fam\u00edlia Acolhedora possui um escopo bem definido, com foco exclusivo na implementa\u00e7\u00e3o do programa de acolhimento familiar no munic\u00edpio de Vi\u00e7osa, AL, para crian\u00e7as e adolescentes em situa\u00e7\u00e3o de vulnerabilidade. Contudo, algumas a\u00e7\u00f5es e produtos n\u00e3o est\u00e3o inclu\u00eddos no escopo do projeto e, portanto, n\u00e3o ser\u00e3o atendidos. Primeiramente, o projeto n\u00e3o contempla a cria\u00e7\u00e3o de novas institui\u00e7\u00f5es de acolhimento ou a amplia\u00e7\u00e3o da capacidade f\u00edsica das casas de acolhimento existentes no munic\u00edpio ou na regi\u00e3o. Sua proposta \u00e9 substituir, sempre que poss\u00edvel, o acolhimento institucional pelo familiar, evitando investimentos em infraestrutura f\u00edsica. Al\u00e9m disso, o projeto n\u00e3o prev\u00ea a\u00e7\u00f5es diretas voltadas para a ado\u00e7\u00e3o definitiva de crian\u00e7as e adolescentes acolhidos. Embora o programa possa facilitar a transi\u00e7\u00e3o para a ado\u00e7\u00e3o em alguns casos, a iniciativa tem como objetivo central o acolhimento tempor\u00e1rio e o fortalecimento dos v\u00ednculos com a fam\u00edlia natural ou extensa. Outro ponto fora do escopo \u00e9 o financiamento direto \u00e0s fam\u00edlias acolhedoras pelo Minist\u00e9rio P\u00fablico. Os recursos financeiros necess\u00e1rios para compensar as fam\u00edlias que acolherem crian\u00e7as ou adolescentes ser\u00e3o de responsabilidade exclusiva do ente municipal, sendo este um requisito b\u00e1sico para a viabilidade do programa. Adicionalmente, o projeto n\u00e3o incluir\u00e1 a capacita\u00e7\u00e3o de agentes p\u00fablicos externos ao programa ou reformas estruturais em \u00f3rg\u00e3os como CREAS, Conselho Tutelar ou CMDCA, limitando-se a a\u00e7\u00f5es de articula\u00e7\u00e3o e coleta de informa\u00e7\u00f5es junto a esses atores. Por fim, o projeto n\u00e3o abrange interven\u00e7\u00f5es em n\u00edvel estadual ou regional durante sua fase inicial, restringindo sua execu\u00e7\u00e3o \u00e0 comarca de Vi\u00e7osa. Eventuais expans\u00f5es para outros munic\u00edpios ou para um programa estadual depender\u00e3o do \u00eaxito da iniciativa piloto e de novas aprova\u00e7\u00f5es estrat\u00e9gicas. Assim, o foco do projeto permanece limitado ao desenvolvimento e \u00e0 implementa\u00e7\u00e3o do programa local de acolhimento familiar, com um escopo ajustado \u00e0s capacidades e necessidades identificadas na regi\u00e3o.<\/span><\/p>\n<p style=\"text-align: justify;\"><strong><span style=\"font-size: 14pt;\">::: Premissas<\/span><\/strong><\/p>\n<p style=\"text-align: justify; padding-left: 40px;\"><span style=\"font-size: 14pt;\">As premissas consideradas para o planejamento e execu\u00e7\u00e3o do projeto Fam\u00edlia Acolhedora s\u00e3o: 1- Aprova\u00e7\u00e3o Legislativa: Assume-se que o Poder Legislativo municipal aprovar\u00e1, dentro do prazo estimado, a legisla\u00e7\u00e3o necess\u00e1ria para instituir o programa de acolhimento familiar. 2- Apoio do Executivo Municipal: Prev\u00ea-se que o Executivo municipal dar\u00e1 suporte ao projeto, tanto no que diz respeito \u00e0 elabora\u00e7\u00e3o da lei quanto na destina\u00e7\u00e3o de recursos financeiros para o pagamento das fam\u00edlias acolhedoras. 3- Ades\u00e3o da Comunidade: Espera-se que pelo menos 20 fam\u00edlias estejam dispostas a se cadastrar e participar do programa, assumindo o papel de acolhedoras ap\u00f3s o treinamento adequado. 4- Capacidade Operacional das Institui\u00e7\u00f5es: Sup\u00f5e-se que o CREAS, o Conselho Tutelar e o CMDCA ter\u00e3o disponibilidade e estrutura para participar das articula\u00e7\u00f5es e fornecer as informa\u00e7\u00f5es necess\u00e1rias durante o desenvolvimento do projeto. 5- Viabilidade Financeira do Munic\u00edpio: Parte-se do pressuposto de que o munic\u00edpio dispor\u00e1 de recursos or\u00e7ament\u00e1rios suficientes para cobrir os custos associados ao programa, como os subs\u00eddios \u00e0s fam\u00edlias acolhedoras, sem interrup\u00e7\u00f5es ao longo da execu\u00e7\u00e3o. 6- Engajamento da Equipe do Projeto: Assume-se que os integrantes do projeto (idealizador e gerente) poder\u00e3o dedicar o tempo e os esfor\u00e7os necess\u00e1rios para cumprir os prazos e metas estabelecidos no cronograma. 7- Condi\u00e7\u00f5es Sociais Locais: Sup\u00f5e-se que as fam\u00edlias cadastradas e capacitadas como acolhedoras ter\u00e3o condi\u00e7\u00f5es adequadas para proporcionar um ambiente seguro e acolhedor \u00e0s crian\u00e7as e adolescentes. 8- Estabilidade Jur\u00eddica e Normativa: Parte-se do princ\u00edpio de que n\u00e3o haver\u00e1 altera\u00e7\u00f5es legislativas ou normativas que impactem negativamente a execu\u00e7\u00e3o do projeto, como mudan\u00e7as no ECA ou em pol\u00edticas municipais relacionadas ao acolhimento familiar. 9- Aceita\u00e7\u00e3o do Modelo pela Popula\u00e7\u00e3o: Assumese que o conceito de acolhimento familiar ser\u00e1 bem aceito pela comunidade local, sem resist\u00eancias culturais ou sociais significativas que dificultem sua implementa\u00e7\u00e3o.<\/span><\/p>\n<p style=\"text-align: justify;\"><strong><span style=\"font-size: 14pt;\">::: Restri\u00e7\u00f5es<\/span><\/strong><\/p>\n<p style=\"text-align: justify; padding-left: 40px;\"><span style=\"font-size: 14pt;\">As restri\u00e7\u00f5es do projeto Fam\u00edlia Acolhedora s\u00e3o: 1- Or\u00e7amento Municipal Limitado: Os recursos financeiros para o pagamento das fam\u00edlias acolhedoras est\u00e3o limitados \u00e0 capacidade or\u00e7ament\u00e1ria do munic\u00edpio de Vi\u00e7osa, com valor estimado em um sal\u00e1rio-m\u00ednimo mensal por fam\u00edlia, proporcional aos dias de acolhimento. Essa limita\u00e7\u00e3o exige uma gest\u00e3o rigorosa e o cadastramento inicial de no m\u00e1ximo 20 fam\u00edlias. 2- Prazo Fixo para Conclus\u00e3o: O projeto deve ser executado em seis meses, conforme definido no planejamento estrat\u00e9gico, o que restringe o tempo dispon\u00edvel para a articula\u00e7\u00e3o pol\u00edtica, a aprova\u00e7\u00e3o da legisla\u00e7\u00e3o e a capacita\u00e7\u00e3o das fam\u00edlias acolhedoras. 3- Depend\u00eancia de Atores Externos: A execu\u00e7\u00e3o est\u00e1 condicionada ao apoio do Executivo e Legislativo municipais, bem como \u00e0 colabora\u00e7\u00e3o de \u00f3rg\u00e3os como CREAS, Conselho Tutelar e CMDCA. A falta de engajamento desses atores pode limitar o avan\u00e7o das etapas previstas. 4- Capacidade da Equipe: A equipe do projeto \u00e9 composta por dois integrantes principais, com responsabilidades acumuladas em outras atividades institucionais. Essa limita\u00e7\u00e3o exige prioriza\u00e7\u00e3o e gerenciamento eficiente do tempo e dos recursos humanos. 5- Restri\u00e7\u00e3o Geogr\u00e1fica Inicial: O projeto est\u00e1 limitado, em sua fase inicial, \u00e0 comarca de Vi\u00e7osa, o que impede a expans\u00e3o imediata para outros munic\u00edpios e reduz o impacto territorial da iniciativa. 6- Infraestrutura Existente: O projeto depende exclusivamente da infraestrutura j\u00e1 dispon\u00edvel nos \u00f3rg\u00e3os participantes, como CREAS e Conselho Tutelar, sem previs\u00e3o de investimento em melhorias estruturais. 7- Ades\u00e3o Comunit\u00e1ria: O n\u00famero de fam\u00edlias dispostas a participar do programa pode ser limitado devido a barreiras culturais ou falta de compreens\u00e3o do modelo de acolhimento familiar. A meta inicial \u00e9 cadastrar pelo menos 20 fam\u00edlias qualificadas. 8- Complexidade do Processo Legislativo: A elabora\u00e7\u00e3o, aprova\u00e7\u00e3o e san\u00e7\u00e3o da legisla\u00e7\u00e3o municipal dependem de fatores externos, como o ritmo do Legislativo, o que pode impor restri\u00e7\u00f5es ao cronograma. 9- Regulamenta\u00e7\u00e3o Legal: O programa deve seguir rigorosamente o que est\u00e1 previsto no Estatuto da Crian\u00e7a e do Adolescente (ECA) e outras normativas aplic\u00e1veis, o que pode limitar adapta\u00e7\u00f5es ou flexibiliza\u00e7\u00f5es no modelo proposto. 10- Limita\u00e7\u00f5es Socioecon\u00f4micas Locais: As condi\u00e7\u00f5es socioecon\u00f4micas da popula\u00e7\u00e3o de Vi\u00e7osa podem limitar a quantidade de fam\u00edlias eleg\u00edveis para o programa, restringindo o alcance do projeto.<\/span><\/p>\n<\/div>\n<\/div>\n<\/div><div class=\"fusion-builder-row fusion-builder-row-inner fusion-row \"><div  class=\"fusion-layout-column fusion_builder_column fusion_builder_column_1_2  fusion-one-half fusion-column-first 1_2\"  style='margin-top: 30px;margin-bottom: 20px;width:50%;width:calc(50% - ( ( 4% ) * 0.5 ) );margin-right:4%;'><div class=\"fusion-column-wrapper fusion-column-wrapper-1\" style=\"padding: 0px 0px 0px 0px;background-position:left top;background-repeat:no-repeat;-webkit-background-size:cover;-moz-background-size:cover;-o-background-size:cover;background-size:cover;\"  data-bg-url=\"\"><style type=\"text\/css\"><\/style><div class=\"fusion-title title fusion-title-1 fusion-title-center fusion-title-text fusion-title-size-two\" style=\"margin-top:0px;margin-bottom:31px;\"><div class=\"title-sep-container title-sep-container-left\"><div class=\"title-sep sep-double sep-solid\" style=\"border-color:#e0dede;\"><\/div><\/div><h2 class=\"title-heading-center\" style=\"margin:0;\">RESPONS\u00c1VEIS<\/h2><div class=\"title-sep-container title-sep-container-right\"><div class=\"title-sep sep-double sep-solid\" style=\"border-color:#e0dede;\"><\/div><\/div><\/div><div class=\"fusion-text\"><p style=\"text-align: center;\"><span style=\"font-size: 14pt; color: #003866;\" data-raofz=\"14\">ADRIANO JORGE<\/span><\/p>\n<\/div><div class=\"fusion-text\"><p style=\"text-align: center;\"><span style=\"font-size: 14pt; color: #003866;\" data-raofz=\"14\">RAFAEL PEREIRA COSTA<\/span><\/p>\n<\/div><\/div><\/div><div  class=\"fusion-layout-column fusion_builder_column fusion_builder_column_1_2  fusion-one-half fusion-column-last 1_2\"  style='margin-top: 30px;margin-bottom: 20px;width:50%;width:calc(50% - ( ( 4% ) * 0.5 ) );'><div class=\"fusion-column-wrapper fusion-column-wrapper-2\" style=\"padding: 0px 0px 0px 0px;background-position:left top;background-repeat:no-repeat;-webkit-background-size:cover;-moz-background-size:cover;-o-background-size:cover;background-size:cover;\"  data-bg-url=\"\"><style type=\"text\/css\"><\/style><div class=\"fusion-title title fusion-title-2 fusion-title-center fusion-title-text fusion-title-size-two\" style=\"margin-top:0px;margin-bottom:31px;\"><div class=\"title-sep-container title-sep-container-left\"><div class=\"title-sep sep-double sep-solid\" style=\"border-color:#e0dede;\"><\/div><\/div><h2 class=\"title-heading-center\" style=\"margin:0;\">CONTATOS<\/h2><div class=\"title-sep-container title-sep-container-right\"><div class=\"title-sep sep-double sep-solid\" style=\"border-color:#e0dede;\"><\/div><\/div><\/div><div class=\"fusion-text\"><p style=\"text-align: center;\"><span style=\"font-size: 14pt; color: #003866;\" data-raofz=\"14\">(82) 2122-3650<\/span><\/p>\n<\/div><div class=\"fusion-text\"><p style=\"text-align: center;\"><span style=\"font-size: 14pt; color: #003866;\" data-raofz=\"14\">(82) 2122-3650<\/span><\/p>\n<\/div><\/div><\/div><\/div><div class=\"fusion-sep-clear\"><\/div><div class=\"fusion-separator fusion-full-width-sep sep-none\" style=\"margin-left: auto;margin-right: auto;margin-top:10px;\"><\/div><style type=\"text\/css\"><\/style><div class=\"fusion-title title fusion-title-3 fusion-title-text fusion-title-size-three\" style=\"margin-top:40px;margin-bottom:31px;\"><h3 class=\"title-heading-left\" style=\"margin:0;color:#ffffff;\"><strong><span style=\"font-size: 14pt; color: #003866;\">Anexos<\/span><\/strong><\/h3><div class=\"title-sep-container\"><div class=\"title-sep sep-double sep-solid\" style=\"border-color:#003866;\"><\/div><\/div><\/div><div class=\"fusion-text\"><p><span style=\"font-size: 14pt;\"><i class=\"fontawesome-icon fa-file-pdf fas circle-no\" style=\"font-size:18px;margin-right:9px;color:#003866;\"><\/i><a href=\"https:\/\/www.mpal.mp.br\/wp-content\/uploads\/2025\/06\/INOVA-Familia-Acolhedora.pdf\" target=\"_blank\" rel=\"noopener\">Projeto &#8211; Fam\u00edlia Acolhedora &#8211; INOVA<\/a><\/span><\/p>\n<\/div><div class=\"fusion-clearfix\"><\/div>\n\n\t\t\t\t\t<\/div>\n\t\t\t\t<\/div><\/div><\/div><div class=\"fusion-fullwidth fullwidth-box fusion-builder-row-2 nonhundred-percent-fullwidth non-hundred-percent-height-scrolling\"  style='background-color: #ffffff;background-position: center center;background-repeat: no-repeat;padding-top:0px;padding-right:0px;padding-bottom:0px;padding-left:0px;'><div class=\"fusion-builder-row fusion-row \"><div  class=\"fusion-layout-column fusion_builder_column fusion_builder_column_1_1 fusion-builder-column-2 fusion-one-full fusion-column-first fusion-column-last 1_1\"  style='margin-top:0px;margin-bottom:20px;'>\n\t\t\t\t\t<div class=\"fusion-column-wrapper\" style=\"padding: 0px 0px 0px 0px;background-position:left top;background-repeat:no-repeat;-webkit-background-size:cover;-moz-background-size:cover;-o-background-size:cover;background-size:cover;\"   data-bg-url=\"\">\n\t\t\t\t\t\t<style type=\"text\/css\"><\/style><div class=\"fusion-title title fusion-title-4 fusion-title-center fusion-title-text fusion-title-size-three\" style=\"margin-top:40px;margin-bottom:31px;\"><div class=\"title-sep-container title-sep-container-left\"><div class=\"title-sep sep-double sep-solid\" style=\"border-color:#003866;\"><\/div><\/div><h3 class=\"title-heading-center\" style=\"margin:0;color:#ffffff;\"><span style=\"color: #808080;\"><strong><span style=\"font-size: 14pt;\">\u00daltimos Projetos<\/span><\/strong><\/span><\/h3><div class=\"title-sep-container title-sep-container-right\"><div class=\"title-sep sep-double sep-solid\" style=\"border-color:#003866;\"><\/div><\/div><\/div><div class=\"fusion-recent-posts fusion-recent-posts-1 avada-container layout-default layout-columns-1\"><section class=\"fusion-columns columns fusion-columns-1 columns-1\"><article class=\"post fusion-column column col col-lg-12 col-md-12 col-sm-12\"><div class=\"recent-posts-content\"><span class=\"vcard\" style=\"display: none;\"><span class=\"fn\"><a href=\"https:\/\/www.mpal.mp.br\/?author=2\" title=\"Posts de Administrador03\" rel=\"author\">Administrador03<\/a><\/span><\/span><span class=\"updated\" style=\"display:none;\">2025-09-10T10:10:39-03:00<\/span><h4 class=\"entry-title\"><a href=\"https:\/\/www.mpal.mp.br\/?p=60868\">Projeto &#8211; PM: Quero Paz!<\/a><\/h4><\/div><\/article><article class=\"post fusion-column column col col-lg-12 col-md-12 col-sm-12\"><div class=\"recent-posts-content\"><span class=\"vcard\" style=\"display: none;\"><span class=\"fn\"><a href=\"https:\/\/www.mpal.mp.br\/?author=2\" title=\"Posts de Administrador03\" rel=\"author\">Administrador03<\/a><\/span><\/span><span class=\"updated\" style=\"display:none;\">2025-09-10T08:45:48-03:00<\/span><h4 class=\"entry-title\"><a href=\"https:\/\/www.mpal.mp.br\/?p=60799\">Projeto &#8211; Acolher para Proteger<\/a><\/h4><\/div><\/article><article class=\"post fusion-column column col col-lg-12 col-md-12 col-sm-12\"><div class=\"recent-posts-content\"><span class=\"vcard\" style=\"display: none;\"><span class=\"fn\"><a href=\"https:\/\/www.mpal.mp.br\/?author=2\" title=\"Posts de Administrador03\" rel=\"author\">Administrador03<\/a><\/span><\/span><span class=\"updated\" style=\"display:none;\">2025-09-11T10:08:18-03:00<\/span><h4 class=\"entry-title\"><a href=\"https:\/\/www.mpal.mp.br\/?p=60949\">Projeto &#8211; O Futuro \u00e9 agora &#8211; MPAL na luta contra a fome<\/a><\/h4><\/div><\/article><article class=\"post fusion-column column col col-lg-12 col-md-12 col-sm-12\"><div class=\"recent-posts-content\"><span class=\"vcard\" style=\"display: none;\"><span class=\"fn\"><a href=\"https:\/\/www.mpal.mp.br\/?author=2\" title=\"Posts de Administrador03\" rel=\"author\">Administrador03<\/a><\/span><\/span><span class=\"updated\" style=\"display:none;\">2025-09-10T09:53:04-03:00<\/span><h4 class=\"entry-title\"><a href=\"https:\/\/www.mpal.mp.br\/?p=60854\">Projeto &#8211; O Fomento do terceiro<\/a><\/h4><\/div><\/article><article class=\"post fusion-column column col col-lg-12 col-md-12 col-sm-12\"><div class=\"recent-posts-content\"><span class=\"vcard\" style=\"display: none;\"><span class=\"fn\"><a href=\"https:\/\/www.mpal.mp.br\/?author=2\" title=\"Posts de Administrador03\" rel=\"author\">Administrador03<\/a><\/span><\/span><span class=\"updated\" style=\"display:none;\">2025-09-10T09:45:49-03:00<\/span><h4 class=\"entry-title\"><a href=\"https:\/\/www.mpal.mp.br\/?p=60846\">Projeto &#8211; Nossa Educa\u00e7\u00e3o daria um Livro<\/a><\/h4><\/div><\/article><article class=\"post fusion-column column col col-lg-12 col-md-12 col-sm-12\"><div class=\"recent-posts-content\"><span class=\"vcard\" style=\"display: none;\"><span class=\"fn\"><a href=\"https:\/\/www.mpal.mp.br\/?author=2\" title=\"Posts de Administrador03\" rel=\"author\">Administrador03<\/a><\/span><\/span><span class=\"updated\" style=\"display:none;\">2025-09-10T08:56:41-03:00<\/span><h4 class=\"entry-title\"><a href=\"https:\/\/www.mpal.mp.br\/?p=60806\">Projeto &#8211; Educar e Proteger<\/a><\/h4><\/div><\/article><\/section><\/div><div class=\"fusion-clearfix\"><\/div>\n\n\t\t\t\t\t<\/div>\n\t\t\t\t<\/div><\/div><\/div><\/p>\n","protected":false},"excerpt":{"rendered":"","protected":false},"author":2,"featured_media":60826,"comment_status":"open","ping_status":"open","sticky":false,"template":"","format":"standard","meta":{"om_disable_all_campaigns":false,"_monsterinsights_skip_tracking":false,"_monsterinsights_sitenote_active":false,"_monsterinsights_sitenote_note":"","_monsterinsights_sitenote_category":0,"_uf_show_specific_survey":0,"_uf_disable_surveys":false,"footnotes":""},"categories":[28],"tags":[],"class_list":["post-60825","post","type-post","status-publish","format-standard","has-post-thumbnail","hentry","category-projetos"],"aioseo_notices":[],"_links":{"self":[{"href":"https:\/\/www.mpal.mp.br\/index.php?rest_route=\/wp\/v2\/posts\/60825","targetHints":{"allow":["GET"]}}],"collection":[{"href":"https:\/\/www.mpal.mp.br\/index.php?rest_route=\/wp\/v2\/posts"}],"about":[{"href":"https:\/\/www.mpal.mp.br\/index.php?rest_route=\/wp\/v2\/types\/post"}],"author":[{"embeddable":true,"href":"https:\/\/www.mpal.mp.br\/index.php?rest_route=\/wp\/v2\/users\/2"}],"replies":[{"embeddable":true,"href":"https:\/\/www.mpal.mp.br\/index.php?rest_route=%2Fwp%2Fv2%2Fcomments&post=60825"}],"version-history":[{"count":4,"href":"https:\/\/www.mpal.mp.br\/index.php?rest_route=\/wp\/v2\/posts\/60825\/revisions"}],"predecessor-version":[{"id":60831,"href":"https:\/\/www.mpal.mp.br\/index.php?rest_route=\/wp\/v2\/posts\/60825\/revisions\/60831"}],"wp:featuredmedia":[{"embeddable":true,"href":"https:\/\/www.mpal.mp.br\/index.php?rest_route=\/wp\/v2\/media\/60826"}],"wp:attachment":[{"href":"https:\/\/www.mpal.mp.br\/index.php?rest_route=%2Fwp%2Fv2%2Fmedia&parent=60825"}],"wp:term":[{"taxonomy":"category","embeddable":true,"href":"https:\/\/www.mpal.mp.br\/index.php?rest_route=%2Fwp%2Fv2%2Fcategories&post=60825"},{"taxonomy":"post_tag","embeddable":true,"href":"https:\/\/www.mpal.mp.br\/index.php?rest_route=%2Fwp%2Fv2%2Ftags&post=60825"}],"curies":[{"name":"wp","href":"https:\/\/api.w.org\/{rel}","templated":true}]}}