{"id":60183,"date":"2025-08-29T08:57:11","date_gmt":"2025-08-29T11:57:11","guid":{"rendered":"https:\/\/www.mpal.mp.br\/?p=60183"},"modified":"2025-09-11T08:40:38","modified_gmt":"2025-09-11T11:40:38","slug":"mpal-entrega-medalha-merito-a-corregedor-nacional-e-promove-dialogos-estrategicos-na-defesa-da-mulher","status":"publish","type":"post","link":"https:\/\/www.mpal.mp.br\/?p=60183","title":{"rendered":"MPAL entrega Medalha M\u00e9rito a corregedor nacional e promove Di\u00e1logos Estrat\u00e9gicos na Defesa da Mulher"},"content":{"rendered":"<div class=\"fusion-fullwidth fullwidth-box fusion-builder-row-1 nonhundred-percent-fullwidth non-hundred-percent-height-scrolling\"  style='background-color: #ffffff;background-position: center center;background-repeat: no-repeat;padding-top:0px;padding-right:0px;padding-bottom:0px;padding-left:0px;'><div class=\"fusion-builder-row fusion-row \"><div  class=\"fusion-layout-column fusion_builder_column fusion_builder_column_1_1 fusion-builder-column-1 fusion-one-full fusion-column-first fusion-column-last 1_1\"  style='margin-top:0px;margin-bottom:0px;'>\n\t\t\t\t\t<div class=\"fusion-column-wrapper\" style=\"padding: 0px 0px 0px 0px;background-position:left top;background-repeat:no-repeat;-webkit-background-size:cover;-moz-background-size:cover;-o-background-size:cover;background-size:cover;\"   data-bg-url=\"\">\n\t\t\t\t\t\t<div class=\"fusion-text\"><p style=\"text-align: justify;\" align=\"justify\"><span style=\"font-family: helvetica, arial, sans-serif;\">O Col\u00e9gio de Procuradores de Justi\u00e7a do Minist\u00e9rio P\u00fablico do Estado de Alagoas (MPAL) fez a entrega da Medalha M\u00e9rito do MPAL ao corregedor nacional do Minist\u00e9rio P\u00fablico, \u00c2ngelo Fabiano Farias da Costa, na manh\u00e3 dessa quinta-feira (28), durante sua 8\u00aa reuni\u00e3o extraordin\u00e1ria. Em seguida, foi realizada mais uma edi\u00e7\u00e3o do \u201cDi\u00e1logos Estrat\u00e9gicos na Defesa da Mulher\u201d, evento que faz parte das a\u00e7\u00f5es do Agosto Lil\u00e1s e que tem como foco a preven\u00e7\u00e3o e o enfrentamento da viol\u00eancia contra a mulher, oportunidade que contou com uma palestra da <span data-raofz=\"16\">promotora de Justi\u00e7a\u00a0<\/span><span data-raofz=\"16\">\u00c9rica Canuto de Oliveira, <\/span><span data-raofz=\"16\">coordenadora do Centro de Estudos e Aperfei\u00e7oamento<\/span>\u00a0<span data-raofz=\"16\">do MP d<\/span><span data-raofz=\"16\">o Rio Grande do Norte.<\/span><\/span><\/p>\n<p style=\"text-align: justify;\" align=\"justify\"><span style=\"font-family: helvetica, arial, sans-serif;\">A solenidade, que foi coordenada pelo procurador-geral de Justi\u00e7a, Lean Ara\u00fajo, contou com a presen\u00e7a de procuradores, promotores e servidores do \u00f3rg\u00e3o ministerial. Na ocasi\u00e3o, o procurador ressaltou a homenagem ao corregedor nacional.<\/span><\/p>\n<p style=\"text-align: justify;\" align=\"justify\"><span style=\"font-family: helvetica, arial, sans-serif;\">\u201cA homenagem que prestamos a Vossa Excel\u00eancia \u00e9 fruto de sua atua\u00e7\u00e3o sem transig\u00eancia, que tem um olhar voltado \u00e0s v\u00e1rias caracter\u00edsticas dos MPs de todas as unidades da federa\u00e7\u00e3o. O senhor tem uma capacidade dialogal que nos permite conhecer o que \u00e9 a Corregedoria Nacional e como ela pode contribuir para a melhoria dos servi\u00e7os de cada Minist\u00e9rio P\u00fablico. Nesse sentido, o MP de Alagoas \u00e9 altamente reconhecido no cen\u00e1rio nacional\u201d, salientou o procurador-geral de Justi\u00e7a.<\/span><\/p>\n<p style=\"text-align: justify;\" align=\"justify\"><span style=\"font-family: helvetica, arial, sans-serif;\">Ele disse ainda que o MPAL tem o compromisso de contribuir na constru\u00e7\u00e3o de pol\u00edticas p\u00fablicas de prote\u00e7\u00e3o da mulher e punir todo e qualquer agressor, assunto que \u00e9 um dos temas levados a todos os MP estaduais pelo corregedor nacional.<\/span><\/p>\n<p style=\"text-align: justify;\" align=\"justify\"><span style=\"font-family: helvetica, arial, sans-serif;\">O homenageado, por sua vez, disse que \u00e9 uma honra muito grande receber a Medalha M\u00e9rito do MP de Alagoas. \u201c\u00c9 um reconhecimento ao nosso trabalho, especialmente na prote\u00e7\u00e3o dos direitos fundamentais de mulheres, de crian\u00e7as e de adolescentes. O MPAL tem feito um belo trabalho com rela\u00e7\u00e3o a essas tem\u00e1ticas de atua\u00e7\u00e3o da Corregedoria Nacional e do Minist\u00e9rio P\u00fablico brasileiro\u201d, declarou \u00c2ngelo Fabiano Farias da Costa, corregedor nacional do Minist\u00e9rio P\u00fablico.<\/span><\/p>\n<p style=\"text-align: justify;\" align=\"justify\"><span style=\"font-family: helvetica, arial, sans-serif;\">Em seu pronunciamento, o corregedor do MPAL, procurador Eduardo Tavares, lembrou que \u00c2ngelo Fabiano tem feito uma \u201ccruzada em todo o Brasil\u201d em torno da defesa dos direitos elementares da sociedade, sobretudo nesse m\u00eas de agosto, a respeito do combate \u00e0 agress\u00e3o \u00e0 mulher no ambiente familiar e ao feminic\u00eddio.<\/span><\/p>\n<p style=\"text-align: justify;\" align=\"justify\"><span style=\"font-family: helvetica, arial, sans-serif;\">\u201cEm Alagoas, tamb\u00e9m temos feito um trabalho em todos os munic\u00edpios com nossos promotores e promotoras, mostrando que temos que mudar essa cultura machista. Apesar da lei ser severa, de termos a Lei Maria da Penha, a Lei do Feminic\u00eddio, a Lei da Tornozeleira, temos que fazer um trabalho de mudan\u00e7a de cultura\u201d, acrescentou. Na oportunidade, o procurador Eduardo Tavares tamb\u00e9m destacou que 100% dos membros do MP de Alagoas participaram de uma capacita\u00e7\u00e3o sobre a tem\u00e1tica de prote\u00e7\u00e3o \u00e0 mulher, combate ao feminic\u00eddio e puni\u00e7\u00e3o dos agressores.<\/span><\/p>\n<p style=\"text-align: justify;\" align=\"justify\"><span style=\"font-family: helvetica, arial, sans-serif;\"><b>Defesa da Mulher<\/b><\/span><\/p>\n<p style=\"text-align: justify;\" align=\"justify\"><span style=\"font-family: helvetica, arial, sans-serif;\">Logo ap\u00f3s a entrega da medalha ao corregedor nacional do Minist\u00e9rio P\u00fablico, deu-se \u00e0 realiza\u00e7\u00e3o do \u201cDi\u00e1logos Estrat\u00e9gicos na Defesa da Mulher\u201d, evento que marcou a consolida\u00e7\u00e3o das a\u00e7\u00f5es do Agosto Lil\u00e1s, com o tema \u201cMinha voz, minha for\u00e7a!\u201d. <span style=\"color: #000000;\"><span style=\"font-size: medium;\">A coordenadora do N\u00facleo de Defesa da Mulher <\/span><\/span><span style=\"color: #000000;\"><span style=\"font-size: medium;\">do MPAL<\/span><\/span><span style=\"color: #000000;\"><span style=\"font-size: medium;\">, promotora de Justi\u00e7a Ariadne Dantas, <\/span><\/span><span style=\"color: #000000;\"><span style=\"font-size: medium;\">lembrou que agosto f<\/span><\/span>oi um m\u00eas muito intenso e com a\u00e7\u00f5es por todo o Estado, como palestras, exposi\u00e7\u00f5es e reuni\u00f5es sobre a tem\u00e1tica.<\/span><\/p>\n<p style=\"text-align: justify;\" align=\"justify\"><span style=\"color: #000000; font-family: helvetica, arial, sans-serif;\">\u201cTudo isso para sensibilizar a sociedade sobre essa forma de viol\u00eancia e os meios de enfrentamento. Com certeza foi um m\u00eas bastante corrido e produtivo no sentido de levar essa consci\u00eancia e mostrar quais s\u00e3o os caminhos poss\u00edveis para que a mulher saia de relacionamentos abusivos e tenha uma vida digna, em paz e em liberdade\u201d, assegurou a promotora.<\/span><\/p>\n<p style=\"text-align: justify;\" align=\"justify\"><span style=\"font-family: helvetica, arial, sans-serif;\"><span style=\"color: #000000;\">A palestrante convidada para o \u201cDi\u00e1logos\u201d foi a promotora de Justi\u00e7a <\/span><span style=\"color: #000000;\">\u00c9rica Canuto de Oliveira, <span style=\"font-size: medium;\">d<\/span><\/span><span style=\"color: #000000;\">o MP d<\/span><span style=\"color: #000000;\">o Rio Grande do Norte. \u201cM<\/span><span style=\"color: #000000;\">uitas vezes, a mulher tem medo <\/span><span style=\"color: #000000;\">ou vergonha<\/span><span style=\"color: #000000;\"> de procurar diretamente um \u00f3rg\u00e3o de seguran\u00e7a p\u00fablica para denunciar sua situa\u00e7\u00e3o de viol\u00eancia. Ent\u00e3o, o acolhimento <\/span><span style=\"color: #000000;\">pelo<\/span><span style=\"color: #000000;\"> Minist\u00e9rio P\u00fablico com escuta qualificada, <\/span><span style=\"color: #000000;\">sem julgamentos, fazendo com que essa rede seja acionada, e tamb\u00e9m com aten\u00e7\u00e3o \u00e0s crian\u00e7as e adolescentes que est\u00e3o nesse contexto do crime, \u00e9 essencial para que a mulher tenha uma ruptura dessa viol\u00eancia e posteriormente uma prote\u00e7\u00e3o integral\u201d, explicou.<\/span><\/span><\/p>\n<\/div><style type=\"text\/css\">.fusion-gallery-1 .fusion-gallery-image {border:0px solid #f6f6f6;-webkit-border-radius:5px;-moz-border-radius:5px;border-radius:5px;}<\/style><div class=\"fusion-gallery fusion-gallery-container fusion-grid-3 fusion-columns-total-0 fusion-gallery-layout-grid fusion-gallery-1\" style=\"margin:-5px;\"><div style=\"padding:5px;\" class=\"fusion-grid-column fusion-gallery-column fusion-gallery-column-3 hover-type-none\"><div class=\"fusion-gallery-image\"><a href=\"https:\/\/www.mpal.mp.br\/wp-content\/uploads\/2025\/08\/homenagem2025-08-28-at-14.43-1.jpeg\" rel=\"noreferrer\" data-rel=\"iLightbox[gallery_image_1]\" class=\"fusion-lightbox\" target=\"_self\"><img loading=\"lazy\" decoding=\"async\" src=\"https:\/\/www.mpal.mp.br\/wp-content\/uploads\/2025\/08\/homenagem2025-08-28-at-14.43-1.jpeg\" width=\"1600\" height=\"1066\" alt=\"\" title=\"homenagem2025-08-28 at 14.43 (1)\" aria-label=\"homenagem2025-08-28 at 14.43 (1)\" class=\"img-responsive wp-image-60182\" \/><\/a><\/div><\/div><div style=\"padding:5px;\" class=\"fusion-grid-column fusion-gallery-column fusion-gallery-column-3 hover-type-none\"><div class=\"fusion-gallery-image\"><a href=\"https:\/\/www.mpal.mp.br\/wp-content\/uploads\/2025\/08\/homenagem2025-08-28-at-14.43-7.jpeg\" rel=\"noreferrer\" data-rel=\"iLightbox[gallery_image_1]\" class=\"fusion-lightbox\" target=\"_self\"><img loading=\"lazy\" decoding=\"async\" src=\"https:\/\/www.mpal.mp.br\/wp-content\/uploads\/2025\/08\/homenagem2025-08-28-at-14.43-7.jpeg\" width=\"1600\" height=\"1066\" alt=\"\" title=\"homenagem2025-08-28 at 14.43 (7)\" aria-label=\"homenagem2025-08-28 at 14.43 (7)\" class=\"img-responsive wp-image-60181\" \/><\/a><\/div><\/div><div style=\"padding:5px;\" class=\"fusion-grid-column fusion-gallery-column fusion-gallery-column-3 hover-type-none\"><div class=\"fusion-gallery-image\"><a href=\"https:\/\/www.mpal.mp.br\/wp-content\/uploads\/2025\/08\/homenagem2025-08-28-at-14.43-6.jpeg\" rel=\"noreferrer\" data-rel=\"iLightbox[gallery_image_1]\" class=\"fusion-lightbox\" target=\"_self\"><img loading=\"lazy\" decoding=\"async\" src=\"https:\/\/www.mpal.mp.br\/wp-content\/uploads\/2025\/08\/homenagem2025-08-28-at-14.43-6.jpeg\" width=\"1600\" height=\"1066\" alt=\"\" title=\"homenagem2025-08-28 at 14.43 (6)\" aria-label=\"homenagem2025-08-28 at 14.43 (6)\" class=\"img-responsive wp-image-60180\" \/><\/a><\/div><\/div><div class=\"clearfix\"><\/div><div style=\"padding:5px;\" class=\"fusion-grid-column fusion-gallery-column fusion-gallery-column-3 hover-type-none\"><div class=\"fusion-gallery-image\"><a href=\"https:\/\/www.mpal.mp.br\/wp-content\/uploads\/2025\/08\/homenagem2025-08-28-at-14.43-5.jpeg\" rel=\"noreferrer\" data-rel=\"iLightbox[gallery_image_1]\" class=\"fusion-lightbox\" target=\"_self\"><img loading=\"lazy\" decoding=\"async\" src=\"https:\/\/www.mpal.mp.br\/wp-content\/uploads\/2025\/08\/homenagem2025-08-28-at-14.43-5.jpeg\" width=\"1600\" height=\"1066\" alt=\"\" title=\"homenagem2025-08-28 at 14.43 (5)\" aria-label=\"homenagem2025-08-28 at 14.43 (5)\" class=\"img-responsive wp-image-60179\" \/><\/a><\/div><\/div><div style=\"padding:5px;\" class=\"fusion-grid-column fusion-gallery-column fusion-gallery-column-3 hover-type-none\"><div class=\"fusion-gallery-image\"><a href=\"https:\/\/www.mpal.mp.br\/wp-content\/uploads\/2025\/08\/homenagem2025-08-28-at-14.43-4.jpeg\" rel=\"noreferrer\" data-rel=\"iLightbox[gallery_image_1]\" class=\"fusion-lightbox\" target=\"_self\"><img loading=\"lazy\" decoding=\"async\" src=\"https:\/\/www.mpal.mp.br\/wp-content\/uploads\/2025\/08\/homenagem2025-08-28-at-14.43-4.jpeg\" width=\"1600\" height=\"1066\" alt=\"\" title=\"homenagem2025-08-28 at 14.43 (4)\" aria-label=\"homenagem2025-08-28 at 14.43 (4)\" class=\"img-responsive wp-image-60178\" \/><\/a><\/div><\/div><div style=\"padding:5px;\" class=\"fusion-grid-column fusion-gallery-column fusion-gallery-column-3 hover-type-none\"><div class=\"fusion-gallery-image\"><a href=\"https:\/\/www.mpal.mp.br\/wp-content\/uploads\/2025\/08\/homenagem2025-08-28-at-14.43-2.jpeg\" rel=\"noreferrer\" data-rel=\"iLightbox[gallery_image_1]\" class=\"fusion-lightbox\" target=\"_self\"><img loading=\"lazy\" decoding=\"async\" src=\"https:\/\/www.mpal.mp.br\/wp-content\/uploads\/2025\/08\/homenagem2025-08-28-at-14.43-2.jpeg\" width=\"1600\" height=\"1066\" alt=\"\" title=\"homenagem2025-08-28 at 14.43 (2)\" aria-label=\"homenagem2025-08-28 at 14.43 (2)\" class=\"img-responsive wp-image-60176\" \/><\/a><\/div><\/div><div class=\"clearfix\"><\/div><div style=\"padding:5px;\" class=\"fusion-grid-column fusion-gallery-column fusion-gallery-column-3 hover-type-none\"><div class=\"fusion-gallery-image\"><a href=\"https:\/\/www.mpal.mp.br\/wp-content\/uploads\/2025\/08\/homenagem-2025-08-28-at-14.12-47.jpeg\" rel=\"noreferrer\" data-rel=\"iLightbox[gallery_image_1]\" class=\"fusion-lightbox\" target=\"_self\"><img loading=\"lazy\" decoding=\"async\" src=\"https:\/\/www.mpal.mp.br\/wp-content\/uploads\/2025\/08\/homenagem-2025-08-28-at-14.12-47.jpeg\" width=\"1600\" height=\"1066\" alt=\"\" title=\"homenagem 2025-08-28 at 14.12 (47)\" aria-label=\"homenagem 2025-08-28 at 14.12 (47)\" class=\"img-responsive wp-image-60167\" \/><\/a><\/div><\/div><div style=\"padding:5px;\" class=\"fusion-grid-column fusion-gallery-column fusion-gallery-column-3 hover-type-none\"><div class=\"fusion-gallery-image\"><a href=\"https:\/\/www.mpal.mp.br\/wp-content\/uploads\/2025\/08\/homenagem-2025-08-28-at-14.12-36.jpeg\" rel=\"noreferrer\" data-rel=\"iLightbox[gallery_image_1]\" class=\"fusion-lightbox\" target=\"_self\"><img loading=\"lazy\" decoding=\"async\" src=\"https:\/\/www.mpal.mp.br\/wp-content\/uploads\/2025\/08\/homenagem-2025-08-28-at-14.12-36.jpeg\" width=\"1600\" height=\"1066\" alt=\"\" title=\"homenagem 2025-08-28 at 14.12 (36)\" aria-label=\"homenagem 2025-08-28 at 14.12 (36)\" class=\"img-responsive wp-image-60156\" \/><\/a><\/div><\/div><div style=\"padding:5px;\" class=\"fusion-grid-column fusion-gallery-column fusion-gallery-column-3 hover-type-none\"><div class=\"fusion-gallery-image\"><a href=\"https:\/\/www.mpal.mp.br\/wp-content\/uploads\/2025\/08\/homenagem-2025-08-28-at-14.12-35.jpeg\" rel=\"noreferrer\" data-rel=\"iLightbox[gallery_image_1]\" class=\"fusion-lightbox\" target=\"_self\"><img loading=\"lazy\" decoding=\"async\" src=\"https:\/\/www.mpal.mp.br\/wp-content\/uploads\/2025\/08\/homenagem-2025-08-28-at-14.12-35.jpeg\" width=\"1600\" height=\"1066\" alt=\"\" title=\"homenagem 2025-08-28 at 14.12 (35)\" aria-label=\"homenagem 2025-08-28 at 14.12 (35)\" class=\"img-responsive wp-image-60155\" \/><\/a><\/div><\/div><div class=\"clearfix\"><\/div><div style=\"padding:5px;\" class=\"fusion-grid-column fusion-gallery-column fusion-gallery-column-3 hover-type-none\"><div class=\"fusion-gallery-image\"><a href=\"https:\/\/www.mpal.mp.br\/wp-content\/uploads\/2025\/08\/homenagem-2025-08-28-at-14.12-34.jpeg\" rel=\"noreferrer\" data-rel=\"iLightbox[gallery_image_1]\" class=\"fusion-lightbox\" target=\"_self\"><img loading=\"lazy\" decoding=\"async\" src=\"https:\/\/www.mpal.mp.br\/wp-content\/uploads\/2025\/08\/homenagem-2025-08-28-at-14.12-34.jpeg\" width=\"1600\" height=\"1066\" alt=\"\" title=\"homenagem 2025-08-28 at 14.12 (34)\" aria-label=\"homenagem 2025-08-28 at 14.12 (34)\" class=\"img-responsive wp-image-60154\" \/><\/a><\/div><\/div><div style=\"padding:5px;\" class=\"fusion-grid-column fusion-gallery-column fusion-gallery-column-3 hover-type-none\"><div class=\"fusion-gallery-image\"><a href=\"https:\/\/www.mpal.mp.br\/wp-content\/uploads\/2025\/08\/homenagem-2025-08-28-at-14.12-33.jpeg\" rel=\"noreferrer\" data-rel=\"iLightbox[gallery_image_1]\" class=\"fusion-lightbox\" target=\"_self\"><img loading=\"lazy\" decoding=\"async\" src=\"https:\/\/www.mpal.mp.br\/wp-content\/uploads\/2025\/08\/homenagem-2025-08-28-at-14.12-33.jpeg\" width=\"1600\" height=\"1066\" alt=\"\" title=\"homenagem 2025-08-28 at 14.12 (33)\" aria-label=\"homenagem 2025-08-28 at 14.12 (33)\" class=\"img-responsive wp-image-60153\" \/><\/a><\/div><\/div><div style=\"padding:5px;\" class=\"fusion-grid-column fusion-gallery-column fusion-gallery-column-3 hover-type-none\"><div class=\"fusion-gallery-image\"><a href=\"https:\/\/www.mpal.mp.br\/wp-content\/uploads\/2025\/08\/homenagem-2025-08-28-at-14.12-32.jpeg\" rel=\"noreferrer\" data-rel=\"iLightbox[gallery_image_1]\" class=\"fusion-lightbox\" target=\"_self\"><img loading=\"lazy\" decoding=\"async\" src=\"https:\/\/www.mpal.mp.br\/wp-content\/uploads\/2025\/08\/homenagem-2025-08-28-at-14.12-32.jpeg\" width=\"1600\" height=\"1066\" alt=\"\" title=\"homenagem 2025-08-28 at 14.12 (32)\" aria-label=\"homenagem 2025-08-28 at 14.12 (32)\" class=\"img-responsive wp-image-60152\" \/><\/a><\/div><\/div><div class=\"clearfix\"><\/div><div style=\"padding:5px;\" class=\"fusion-grid-column fusion-gallery-column fusion-gallery-column-3 hover-type-none\"><div class=\"fusion-gallery-image\"><a href=\"https:\/\/www.mpal.mp.br\/wp-content\/uploads\/2025\/08\/homenagem-2025-08-28-at-14.12-30.jpeg\" rel=\"noreferrer\" data-rel=\"iLightbox[gallery_image_1]\" class=\"fusion-lightbox\" target=\"_self\"><img loading=\"lazy\" decoding=\"async\" src=\"https:\/\/www.mpal.mp.br\/wp-content\/uploads\/2025\/08\/homenagem-2025-08-28-at-14.12-30.jpeg\" width=\"1600\" height=\"1066\" alt=\"\" title=\"homenagem 2025-08-28 at 14.12 (30)\" aria-label=\"homenagem 2025-08-28 at 14.12 (30)\" class=\"img-responsive wp-image-60150\" \/><\/a><\/div><\/div><div style=\"padding:5px;\" class=\"fusion-grid-column fusion-gallery-column fusion-gallery-column-3 hover-type-none\"><div class=\"fusion-gallery-image\"><a href=\"https:\/\/www.mpal.mp.br\/wp-content\/uploads\/2025\/08\/homenagem-2025-08-28-at-14.12-28.jpeg\" rel=\"noreferrer\" data-rel=\"iLightbox[gallery_image_1]\" class=\"fusion-lightbox\" target=\"_self\"><img loading=\"lazy\" decoding=\"async\" src=\"https:\/\/www.mpal.mp.br\/wp-content\/uploads\/2025\/08\/homenagem-2025-08-28-at-14.12-28.jpeg\" width=\"1600\" height=\"1066\" alt=\"\" title=\"homenagem 2025-08-28 at 14.12 (28)\" aria-label=\"homenagem 2025-08-28 at 14.12 (28)\" class=\"img-responsive wp-image-60148\" \/><\/a><\/div><\/div><div style=\"padding:5px;\" class=\"fusion-grid-column fusion-gallery-column fusion-gallery-column-3 hover-type-none\"><div class=\"fusion-gallery-image\"><a href=\"https:\/\/www.mpal.mp.br\/wp-content\/uploads\/2025\/08\/homenagem-2025-08-28-at-14.12-26.jpeg\" rel=\"noreferrer\" data-rel=\"iLightbox[gallery_image_1]\" class=\"fusion-lightbox\" target=\"_self\"><img loading=\"lazy\" decoding=\"async\" src=\"https:\/\/www.mpal.mp.br\/wp-content\/uploads\/2025\/08\/homenagem-2025-08-28-at-14.12-26.jpeg\" width=\"1600\" height=\"1066\" alt=\"\" title=\"homenagem 2025-08-28 at 14.12 (26)\" aria-label=\"homenagem 2025-08-28 at 14.12 (26)\" class=\"img-responsive wp-image-60146\" \/><\/a><\/div><\/div><div class=\"clearfix\"><\/div><div style=\"padding:5px;\" class=\"fusion-grid-column fusion-gallery-column fusion-gallery-column-3 hover-type-none\"><div class=\"fusion-gallery-image\"><a href=\"https:\/\/www.mpal.mp.br\/wp-content\/uploads\/2025\/08\/homenagem-2025-08-28-at-14.12-25.jpeg\" rel=\"noreferrer\" data-rel=\"iLightbox[gallery_image_1]\" class=\"fusion-lightbox\" target=\"_self\"><img loading=\"lazy\" decoding=\"async\" src=\"https:\/\/www.mpal.mp.br\/wp-content\/uploads\/2025\/08\/homenagem-2025-08-28-at-14.12-25.jpeg\" width=\"1600\" height=\"1066\" alt=\"\" title=\"homenagem 2025-08-28 at 14.12 (25)\" aria-label=\"homenagem 2025-08-28 at 14.12 (25)\" class=\"img-responsive wp-image-60145\" \/><\/a><\/div><\/div><div style=\"padding:5px;\" class=\"fusion-grid-column fusion-gallery-column fusion-gallery-column-3 hover-type-none\"><div class=\"fusion-gallery-image\"><a href=\"https:\/\/www.mpal.mp.br\/wp-content\/uploads\/2025\/08\/homenagem-2025-08-28-at-14.12-24.jpeg\" rel=\"noreferrer\" data-rel=\"iLightbox[gallery_image_1]\" class=\"fusion-lightbox\" target=\"_self\"><img loading=\"lazy\" decoding=\"async\" src=\"https:\/\/www.mpal.mp.br\/wp-content\/uploads\/2025\/08\/homenagem-2025-08-28-at-14.12-24.jpeg\" width=\"1600\" height=\"1066\" alt=\"\" title=\"homenagem 2025-08-28 at 14.12 (24)\" aria-label=\"homenagem 2025-08-28 at 14.12 (24)\" class=\"img-responsive wp-image-60144\" \/><\/a><\/div><\/div><div style=\"padding:5px;\" class=\"fusion-grid-column fusion-gallery-column fusion-gallery-column-3 hover-type-none\"><div class=\"fusion-gallery-image\"><a href=\"https:\/\/www.mpal.mp.br\/wp-content\/uploads\/2025\/08\/homenagem-2025-08-28-at-14.12-23.jpeg\" rel=\"noreferrer\" data-rel=\"iLightbox[gallery_image_1]\" class=\"fusion-lightbox\" target=\"_self\"><img loading=\"lazy\" decoding=\"async\" src=\"https:\/\/www.mpal.mp.br\/wp-content\/uploads\/2025\/08\/homenagem-2025-08-28-at-14.12-23.jpeg\" width=\"1600\" height=\"1066\" alt=\"\" title=\"homenagem 2025-08-28 at 14.12 (23)\" aria-label=\"homenagem 2025-08-28 at 14.12 (23)\" class=\"img-responsive wp-image-60143\" \/><\/a><\/div><\/div><div class=\"clearfix\"><\/div><div style=\"padding:5px;\" class=\"fusion-grid-column fusion-gallery-column fusion-gallery-column-3 hover-type-none\"><div class=\"fusion-gallery-image\"><a href=\"https:\/\/www.mpal.mp.br\/wp-content\/uploads\/2025\/08\/homenagem-2025-08-28-at-14.12-22.jpeg\" rel=\"noreferrer\" data-rel=\"iLightbox[gallery_image_1]\" class=\"fusion-lightbox\" target=\"_self\"><img loading=\"lazy\" decoding=\"async\" src=\"https:\/\/www.mpal.mp.br\/wp-content\/uploads\/2025\/08\/homenagem-2025-08-28-at-14.12-22.jpeg\" width=\"1600\" height=\"1066\" alt=\"\" title=\"homenagem 2025-08-28 at 14.12 (22)\" aria-label=\"homenagem 2025-08-28 at 14.12 (22)\" class=\"img-responsive wp-image-60142\" \/><\/a><\/div><\/div><div style=\"padding:5px;\" class=\"fusion-grid-column fusion-gallery-column fusion-gallery-column-3 hover-type-none\"><div class=\"fusion-gallery-image\"><a href=\"https:\/\/www.mpal.mp.br\/wp-content\/uploads\/2025\/08\/homenagem-2025-08-28-at-14.12-21.jpeg\" rel=\"noreferrer\" data-rel=\"iLightbox[gallery_image_1]\" class=\"fusion-lightbox\" target=\"_self\"><img loading=\"lazy\" decoding=\"async\" src=\"https:\/\/www.mpal.mp.br\/wp-content\/uploads\/2025\/08\/homenagem-2025-08-28-at-14.12-21.jpeg\" width=\"1600\" height=\"1066\" alt=\"\" title=\"homenagem 2025-08-28 at 14.12 (21)\" aria-label=\"homenagem 2025-08-28 at 14.12 (21)\" class=\"img-responsive wp-image-60141\" \/><\/a><\/div><\/div><div style=\"padding:5px;\" class=\"fusion-grid-column fusion-gallery-column fusion-gallery-column-3 hover-type-none\"><div class=\"fusion-gallery-image\"><a href=\"https:\/\/www.mpal.mp.br\/wp-content\/uploads\/2025\/08\/homenagem-2025-08-28-at-14.12-20.jpeg\" rel=\"noreferrer\" data-rel=\"iLightbox[gallery_image_1]\" class=\"fusion-lightbox\" target=\"_self\"><img loading=\"lazy\" decoding=\"async\" src=\"https:\/\/www.mpal.mp.br\/wp-content\/uploads\/2025\/08\/homenagem-2025-08-28-at-14.12-20.jpeg\" width=\"1600\" height=\"1066\" alt=\"\" title=\"homenagem 2025-08-28 at 14.12 (20)\" aria-label=\"homenagem 2025-08-28 at 14.12 (20)\" class=\"img-responsive wp-image-60140\" \/><\/a><\/div><\/div><div class=\"clearfix\"><\/div><div style=\"padding:5px;\" class=\"fusion-grid-column fusion-gallery-column fusion-gallery-column-3 hover-type-none\"><div class=\"fusion-gallery-image\"><a href=\"https:\/\/www.mpal.mp.br\/wp-content\/uploads\/2025\/08\/homenagem-2025-08-28-at-14.12-19.jpeg\" rel=\"noreferrer\" data-rel=\"iLightbox[gallery_image_1]\" class=\"fusion-lightbox\" target=\"_self\"><img loading=\"lazy\" decoding=\"async\" src=\"https:\/\/www.mpal.mp.br\/wp-content\/uploads\/2025\/08\/homenagem-2025-08-28-at-14.12-19.jpeg\" width=\"1600\" height=\"1066\" alt=\"\" title=\"homenagem 2025-08-28 at 14.12 (19)\" aria-label=\"homenagem 2025-08-28 at 14.12 (19)\" class=\"img-responsive wp-image-60139\" \/><\/a><\/div><\/div><div style=\"padding:5px;\" class=\"fusion-grid-column fusion-gallery-column fusion-gallery-column-3 hover-type-none\"><div class=\"fusion-gallery-image\"><a href=\"https:\/\/www.mpal.mp.br\/wp-content\/uploads\/2025\/08\/homenagem-2025-08-28-at-14.12-18.jpeg\" rel=\"noreferrer\" data-rel=\"iLightbox[gallery_image_1]\" class=\"fusion-lightbox\" target=\"_self\"><img loading=\"lazy\" decoding=\"async\" src=\"https:\/\/www.mpal.mp.br\/wp-content\/uploads\/2025\/08\/homenagem-2025-08-28-at-14.12-18.jpeg\" width=\"1600\" height=\"1066\" alt=\"\" title=\"homenagem 2025-08-28 at 14.12 (18)\" aria-label=\"homenagem 2025-08-28 at 14.12 (18)\" class=\"img-responsive wp-image-60138\" \/><\/a><\/div><\/div><div style=\"padding:5px;\" class=\"fusion-grid-column fusion-gallery-column fusion-gallery-column-3 hover-type-none\"><div class=\"fusion-gallery-image\"><a href=\"https:\/\/www.mpal.mp.br\/wp-content\/uploads\/2025\/08\/homenagem-2025-08-28-at-14.12-17.jpeg\" rel=\"noreferrer\" data-rel=\"iLightbox[gallery_image_1]\" class=\"fusion-lightbox\" target=\"_self\"><img loading=\"lazy\" decoding=\"async\" src=\"https:\/\/www.mpal.mp.br\/wp-content\/uploads\/2025\/08\/homenagem-2025-08-28-at-14.12-17.jpeg\" width=\"1600\" height=\"1066\" alt=\"\" title=\"homenagem 2025-08-28 at 14.12 (17)\" aria-label=\"homenagem 2025-08-28 at 14.12 (17)\" class=\"img-responsive wp-image-60137\" \/><\/a><\/div><\/div><div class=\"clearfix\"><\/div><div style=\"padding:5px;\" class=\"fusion-grid-column fusion-gallery-column fusion-gallery-column-3 hover-type-none\"><div class=\"fusion-gallery-image\"><a href=\"https:\/\/www.mpal.mp.br\/wp-content\/uploads\/2025\/08\/homenagem-2025-08-28-at-14.12-16.jpeg\" rel=\"noreferrer\" data-rel=\"iLightbox[gallery_image_1]\" class=\"fusion-lightbox\" target=\"_self\"><img loading=\"lazy\" decoding=\"async\" src=\"https:\/\/www.mpal.mp.br\/wp-content\/uploads\/2025\/08\/homenagem-2025-08-28-at-14.12-16.jpeg\" width=\"1600\" height=\"1066\" alt=\"\" title=\"homenagem 2025-08-28 at 14.12 (16)\" aria-label=\"homenagem 2025-08-28 at 14.12 (16)\" class=\"img-responsive wp-image-60136\" \/><\/a><\/div><\/div><div style=\"padding:5px;\" class=\"fusion-grid-column fusion-gallery-column fusion-gallery-column-3 hover-type-none\"><div class=\"fusion-gallery-image\"><a href=\"https:\/\/www.mpal.mp.br\/wp-content\/uploads\/2025\/08\/homenagem-2025-08-28-at-14.12-15.jpeg\" rel=\"noreferrer\" data-rel=\"iLightbox[gallery_image_1]\" class=\"fusion-lightbox\" target=\"_self\"><img loading=\"lazy\" decoding=\"async\" src=\"https:\/\/www.mpal.mp.br\/wp-content\/uploads\/2025\/08\/homenagem-2025-08-28-at-14.12-15.jpeg\" width=\"1600\" height=\"1066\" alt=\"\" title=\"homenagem 2025-08-28 at 14.12 (15)\" aria-label=\"homenagem 2025-08-28 at 14.12 (15)\" class=\"img-responsive wp-image-60135\" \/><\/a><\/div><\/div><div style=\"padding:5px;\" class=\"fusion-grid-column fusion-gallery-column fusion-gallery-column-3 hover-type-none\"><div class=\"fusion-gallery-image\"><a href=\"https:\/\/www.mpal.mp.br\/wp-content\/uploads\/2025\/08\/homenagem-2025-08-28-at-14.12-13.jpeg\" rel=\"noreferrer\" data-rel=\"iLightbox[gallery_image_1]\" class=\"fusion-lightbox\" target=\"_self\"><img loading=\"lazy\" decoding=\"async\" src=\"https:\/\/www.mpal.mp.br\/wp-content\/uploads\/2025\/08\/homenagem-2025-08-28-at-14.12-13.jpeg\" width=\"1600\" height=\"1066\" alt=\"\" title=\"homenagem 2025-08-28 at 14.12 (13)\" aria-label=\"homenagem 2025-08-28 at 14.12 (13)\" class=\"img-responsive wp-image-60133\" \/><\/a><\/div><\/div><div class=\"clearfix\"><\/div><div style=\"padding:5px;\" class=\"fusion-grid-column fusion-gallery-column fusion-gallery-column-3 hover-type-none\"><div class=\"fusion-gallery-image\"><a href=\"https:\/\/www.mpal.mp.br\/wp-content\/uploads\/2025\/08\/homenagem-2025-08-28-at-14.12-10.jpeg\" rel=\"noreferrer\" data-rel=\"iLightbox[gallery_image_1]\" class=\"fusion-lightbox\" target=\"_self\"><img loading=\"lazy\" decoding=\"async\" src=\"https:\/\/www.mpal.mp.br\/wp-content\/uploads\/2025\/08\/homenagem-2025-08-28-at-14.12-10.jpeg\" width=\"1600\" height=\"1066\" alt=\"\" title=\"homenagem 2025-08-28 at 14.12 (10)\" aria-label=\"homenagem 2025-08-28 at 14.12 (10)\" class=\"img-responsive wp-image-60130\" \/><\/a><\/div><\/div><div style=\"padding:5px;\" class=\"fusion-grid-column fusion-gallery-column fusion-gallery-column-3 hover-type-none\"><div class=\"fusion-gallery-image\"><a href=\"https:\/\/www.mpal.mp.br\/wp-content\/uploads\/2025\/08\/homenagem-2025-08-28-at-14.12-9.jpeg\" rel=\"noreferrer\" data-rel=\"iLightbox[gallery_image_1]\" class=\"fusion-lightbox\" target=\"_self\"><img loading=\"lazy\" decoding=\"async\" src=\"https:\/\/www.mpal.mp.br\/wp-content\/uploads\/2025\/08\/homenagem-2025-08-28-at-14.12-9.jpeg\" width=\"1600\" height=\"1066\" alt=\"\" title=\"homenagem 2025-08-28 at 14.12 (9)\" aria-label=\"homenagem 2025-08-28 at 14.12 (9)\" class=\"img-responsive wp-image-60129\" \/><\/a><\/div><\/div><div style=\"padding:5px;\" class=\"fusion-grid-column fusion-gallery-column fusion-gallery-column-3 hover-type-none\"><div class=\"fusion-gallery-image\"><a href=\"https:\/\/www.mpal.mp.br\/wp-content\/uploads\/2025\/08\/homenagem-2025-08-28-at-14.12-7.jpeg\" rel=\"noreferrer\" data-rel=\"iLightbox[gallery_image_1]\" class=\"fusion-lightbox\" target=\"_self\"><img loading=\"lazy\" decoding=\"async\" src=\"https:\/\/www.mpal.mp.br\/wp-content\/uploads\/2025\/08\/homenagem-2025-08-28-at-14.12-7.jpeg\" width=\"1600\" height=\"1066\" alt=\"\" title=\"homenagem 2025-08-28 at 14.12 (7)\" aria-label=\"homenagem 2025-08-28 at 14.12 (7)\" class=\"img-responsive wp-image-60127\" \/><\/a><\/div><\/div><div class=\"clearfix\"><\/div><div style=\"padding:5px;\" class=\"fusion-grid-column fusion-gallery-column fusion-gallery-column-3 hover-type-none\"><div class=\"fusion-gallery-image\"><a href=\"https:\/\/www.mpal.mp.br\/wp-content\/uploads\/2025\/08\/homenagem-2025-08-28-at-14.12-6.jpeg\" rel=\"noreferrer\" data-rel=\"iLightbox[gallery_image_1]\" class=\"fusion-lightbox\" target=\"_self\"><img loading=\"lazy\" decoding=\"async\" src=\"https:\/\/www.mpal.mp.br\/wp-content\/uploads\/2025\/08\/homenagem-2025-08-28-at-14.12-6.jpeg\" width=\"1600\" height=\"1066\" alt=\"\" title=\"homenagem 2025-08-28 at 14.12 (6)\" aria-label=\"homenagem 2025-08-28 at 14.12 (6)\" class=\"img-responsive wp-image-60126\" \/><\/a><\/div><\/div><div style=\"padding:5px;\" class=\"fusion-grid-column fusion-gallery-column fusion-gallery-column-3 hover-type-none\"><div class=\"fusion-gallery-image\"><a href=\"https:\/\/www.mpal.mp.br\/wp-content\/uploads\/2025\/08\/homenagem-2025-08-28-at-14.12-4.jpeg\" rel=\"noreferrer\" data-rel=\"iLightbox[gallery_image_1]\" class=\"fusion-lightbox\" target=\"_self\"><img loading=\"lazy\" decoding=\"async\" src=\"https:\/\/www.mpal.mp.br\/wp-content\/uploads\/2025\/08\/homenagem-2025-08-28-at-14.12-4.jpeg\" width=\"1600\" height=\"1066\" alt=\"\" title=\"homenagem 2025-08-28 at 14.12 (4)\" aria-label=\"homenagem 2025-08-28 at 14.12 (4)\" class=\"img-responsive wp-image-60124\" \/><\/a><\/div><\/div><div style=\"padding:5px;\" class=\"fusion-grid-column fusion-gallery-column fusion-gallery-column-3 hover-type-none\"><div class=\"fusion-gallery-image\"><a href=\"https:\/\/www.mpal.mp.br\/wp-content\/uploads\/2025\/08\/homenagem-2025-08-28-at-14.12-3.jpeg\" rel=\"noreferrer\" data-rel=\"iLightbox[gallery_image_1]\" class=\"fusion-lightbox\" target=\"_self\"><img loading=\"lazy\" decoding=\"async\" src=\"https:\/\/www.mpal.mp.br\/wp-content\/uploads\/2025\/08\/homenagem-2025-08-28-at-14.12-3.jpeg\" width=\"1600\" height=\"1066\" alt=\"\" title=\"homenagem 2025-08-28 at 14.12 (3)\" aria-label=\"homenagem 2025-08-28 at 14.12 (3)\" class=\"img-responsive wp-image-60123\" \/><\/a><\/div><\/div><div class=\"clearfix\"><\/div><div style=\"padding:5px;\" class=\"fusion-grid-column fusion-gallery-column fusion-gallery-column-3 hover-type-none\"><div class=\"fusion-gallery-image\"><a href=\"https:\/\/www.mpal.mp.br\/wp-content\/uploads\/2025\/08\/homenagem-2025-08-28-at-14.12-2.jpeg\" rel=\"noreferrer\" data-rel=\"iLightbox[gallery_image_1]\" class=\"fusion-lightbox\" target=\"_self\"><img loading=\"lazy\" decoding=\"async\" src=\"https:\/\/www.mpal.mp.br\/wp-content\/uploads\/2025\/08\/homenagem-2025-08-28-at-14.12-2.jpeg\" width=\"1600\" height=\"1066\" alt=\"\" title=\"homenagem 2025-08-28 at 14.12 (2)\" aria-label=\"homenagem 2025-08-28 at 14.12 (2)\" class=\"img-responsive wp-image-60122\" \/><\/a><\/div><\/div><div style=\"padding:5px;\" class=\"fusion-grid-column fusion-gallery-column fusion-gallery-column-3 hover-type-none\"><div class=\"fusion-gallery-image\"><a href=\"https:\/\/www.mpal.mp.br\/wp-content\/uploads\/2025\/08\/homenagem-2025-08-28-at-14.12-38.jpeg\" rel=\"noreferrer\" data-rel=\"iLightbox[gallery_image_1]\" class=\"fusion-lightbox\" target=\"_self\"><img loading=\"lazy\" decoding=\"async\" src=\"https:\/\/www.mpal.mp.br\/wp-content\/uploads\/2025\/08\/homenagem-2025-08-28-at-14.12-38.jpeg\" width=\"1600\" height=\"1066\" alt=\"\" title=\"homenagem 2025-08-28 at 14.12 (38)\" aria-label=\"homenagem 2025-08-28 at 14.12 (38)\" class=\"img-responsive wp-image-60158\" \/><\/a><\/div><\/div><div style=\"padding:5px;\" class=\"fusion-grid-column fusion-gallery-column fusion-gallery-column-3 hover-type-none\"><div class=\"fusion-gallery-image\"><a href=\"https:\/\/www.mpal.mp.br\/wp-content\/uploads\/2025\/08\/homenagem-2025-08-28-at-14.12-37.jpeg\" rel=\"noreferrer\" data-rel=\"iLightbox[gallery_image_1]\" class=\"fusion-lightbox\" target=\"_self\"><img loading=\"lazy\" decoding=\"async\" src=\"https:\/\/www.mpal.mp.br\/wp-content\/uploads\/2025\/08\/homenagem-2025-08-28-at-14.12-37.jpeg\" width=\"1600\" height=\"1066\" alt=\"\" title=\"homenagem 2025-08-28 at 14.12 (37)\" aria-label=\"homenagem 2025-08-28 at 14.12 (37)\" class=\"img-responsive wp-image-60157\" \/><\/a><\/div><\/div><div class=\"clearfix\"><\/div><div style=\"padding:5px;\" class=\"fusion-grid-column fusion-gallery-column fusion-gallery-column-3 hover-type-none\"><div class=\"fusion-gallery-image\"><a href=\"https:\/\/www.mpal.mp.br\/wp-content\/uploads\/2025\/08\/homenagem-2025-08-28-at-14.12-45.jpeg\" rel=\"noreferrer\" data-rel=\"iLightbox[gallery_image_1]\" class=\"fusion-lightbox\" target=\"_self\"><img loading=\"lazy\" decoding=\"async\" src=\"https:\/\/www.mpal.mp.br\/wp-content\/uploads\/2025\/08\/homenagem-2025-08-28-at-14.12-45.jpeg\" width=\"1600\" height=\"1066\" alt=\"\" title=\"homenagem 2025-08-28 at 14.12 (45)\" aria-label=\"homenagem 2025-08-28 at 14.12 (45)\" class=\"img-responsive wp-image-60165\" \/><\/a><\/div><\/div><div style=\"padding:5px;\" class=\"fusion-grid-column fusion-gallery-column fusion-gallery-column-3 hover-type-none\"><div class=\"fusion-gallery-image\"><a href=\"https:\/\/www.mpal.mp.br\/wp-content\/uploads\/2025\/08\/homenagem-2025-08-28-at-14.12-46.jpeg\" rel=\"noreferrer\" data-rel=\"iLightbox[gallery_image_1]\" class=\"fusion-lightbox\" target=\"_self\"><img loading=\"lazy\" decoding=\"async\" src=\"https:\/\/www.mpal.mp.br\/wp-content\/uploads\/2025\/08\/homenagem-2025-08-28-at-14.12-46.jpeg\" width=\"1600\" height=\"1066\" alt=\"\" title=\"homenagem 2025-08-28 at 14.12 (46)\" aria-label=\"homenagem 2025-08-28 at 14.12 (46)\" class=\"img-responsive wp-image-60166\" \/><\/a><\/div><\/div><div style=\"padding:5px;\" class=\"fusion-grid-column fusion-gallery-column fusion-gallery-column-3 hover-type-none\"><div class=\"fusion-gallery-image\"><a href=\"https:\/\/www.mpal.mp.br\/wp-content\/uploads\/2025\/08\/homenagem-2025-08-28-at-14.12-43.jpeg\" rel=\"noreferrer\" data-rel=\"iLightbox[gallery_image_1]\" class=\"fusion-lightbox\" target=\"_self\"><img loading=\"lazy\" decoding=\"async\" src=\"https:\/\/www.mpal.mp.br\/wp-content\/uploads\/2025\/08\/homenagem-2025-08-28-at-14.12-43.jpeg\" width=\"1600\" height=\"1066\" alt=\"\" title=\"homenagem 2025-08-28 at 14.12 (43)\" aria-label=\"homenagem 2025-08-28 at 14.12 (43)\" class=\"img-responsive wp-image-60163\" \/><\/a><\/div><\/div><div class=\"clearfix\"><\/div><div style=\"padding:5px;\" class=\"fusion-grid-column fusion-gallery-column fusion-gallery-column-3 hover-type-none\"><div class=\"fusion-gallery-image\"><a href=\"https:\/\/www.mpal.mp.br\/wp-content\/uploads\/2025\/08\/homenagem-2025-08-28-at-14.12-42.jpeg\" rel=\"noreferrer\" data-rel=\"iLightbox[gallery_image_1]\" class=\"fusion-lightbox\" target=\"_self\"><img loading=\"lazy\" decoding=\"async\" src=\"https:\/\/www.mpal.mp.br\/wp-content\/uploads\/2025\/08\/homenagem-2025-08-28-at-14.12-42.jpeg\" width=\"1600\" height=\"1066\" alt=\"\" title=\"homenagem 2025-08-28 at 14.12 (42)\" aria-label=\"homenagem 2025-08-28 at 14.12 (42)\" class=\"img-responsive wp-image-60162\" \/><\/a><\/div><\/div><div style=\"padding:5px;\" class=\"fusion-grid-column fusion-gallery-column fusion-gallery-column-3 hover-type-none\"><div class=\"fusion-gallery-image\"><a href=\"https:\/\/www.mpal.mp.br\/wp-content\/uploads\/2025\/08\/homenagem-2025-08-28-at-14.12-41.jpeg\" rel=\"noreferrer\" data-rel=\"iLightbox[gallery_image_1]\" class=\"fusion-lightbox\" target=\"_self\"><img loading=\"lazy\" decoding=\"async\" src=\"https:\/\/www.mpal.mp.br\/wp-content\/uploads\/2025\/08\/homenagem-2025-08-28-at-14.12-41.jpeg\" width=\"1600\" height=\"1066\" alt=\"\" title=\"homenagem 2025-08-28 at 14.12 (41)\" aria-label=\"homenagem 2025-08-28 at 14.12 (41)\" class=\"img-responsive wp-image-60161\" \/><\/a><\/div><\/div><div style=\"padding:5px;\" class=\"fusion-grid-column fusion-gallery-column fusion-gallery-column-3 hover-type-none\"><div class=\"fusion-gallery-image\"><a href=\"https:\/\/www.mpal.mp.br\/wp-content\/uploads\/2025\/08\/homenagem-2025-08-28-at-14.12-40.jpeg\" rel=\"noreferrer\" data-rel=\"iLightbox[gallery_image_1]\" class=\"fusion-lightbox\" target=\"_self\"><img loading=\"lazy\" decoding=\"async\" src=\"https:\/\/www.mpal.mp.br\/wp-content\/uploads\/2025\/08\/homenagem-2025-08-28-at-14.12-40.jpeg\" width=\"1600\" height=\"1066\" alt=\"\" title=\"homenagem 2025-08-28 at 14.12 (40)\" aria-label=\"homenagem 2025-08-28 at 14.12 (40)\" class=\"img-responsive wp-image-60160\" \/><\/a><\/div><\/div><div class=\"clearfix\"><\/div><div style=\"padding:5px;\" class=\"fusion-grid-column fusion-gallery-column fusion-gallery-column-3 hover-type-none\"><div class=\"fusion-gallery-image\"><a href=\"https:\/\/www.mpal.mp.br\/wp-content\/uploads\/2025\/08\/homenagem-2025-08-28-at-14.12-39.jpeg\" rel=\"noreferrer\" data-rel=\"iLightbox[gallery_image_1]\" class=\"fusion-lightbox\" target=\"_self\"><img loading=\"lazy\" decoding=\"async\" src=\"https:\/\/www.mpal.mp.br\/wp-content\/uploads\/2025\/08\/homenagem-2025-08-28-at-14.12-39.jpeg\" width=\"1600\" height=\"1066\" alt=\"\" title=\"homenagem 2025-08-28 at 14.12 (39)\" aria-label=\"homenagem 2025-08-28 at 14.12 (39)\" class=\"img-responsive wp-image-60159\" \/><\/a><\/div><\/div><\/div><div class=\"fusion-clearfix\"><\/div>\n\n\t\t\t\t\t<\/div>\n\t\t\t\t<\/div><\/div><\/div>\n","protected":false},"excerpt":{"rendered":"","protected":false},"author":24,"featured_media":60151,"comment_status":"open","ping_status":"open","sticky":false,"template":"","format":"standard","meta":{"om_disable_all_campaigns":false,"_monsterinsights_skip_tracking":false,"_monsterinsights_sitenote_active":false,"_monsterinsights_sitenote_note":"","_monsterinsights_sitenote_category":0,"_uf_show_specific_survey":0,"_uf_disable_surveys":false,"footnotes":""},"categories":[48,2],"tags":[],"class_list":["post-60183","post","type-post","status-publish","format-standard","has-post-thumbnail","hentry","category-not_corregedoria","category-not_mpal"],"aioseo_notices":[],"_links":{"self":[{"href":"https:\/\/www.mpal.mp.br\/index.php?rest_route=\/wp\/v2\/posts\/60183","targetHints":{"allow":["GET"]}}],"collection":[{"href":"https:\/\/www.mpal.mp.br\/index.php?rest_route=\/wp\/v2\/posts"}],"about":[{"href":"https:\/\/www.mpal.mp.br\/index.php?rest_route=\/wp\/v2\/types\/post"}],"author":[{"embeddable":true,"href":"https:\/\/www.mpal.mp.br\/index.php?rest_route=\/wp\/v2\/users\/24"}],"replies":[{"embeddable":true,"href":"https:\/\/www.mpal.mp.br\/index.php?rest_route=%2Fwp%2Fv2%2Fcomments&post=60183"}],"version-history":[{"count":5,"href":"https:\/\/www.mpal.mp.br\/index.php?rest_route=\/wp\/v2\/posts\/60183\/revisions"}],"predecessor-version":[{"id":60191,"href":"https:\/\/www.mpal.mp.br\/index.php?rest_route=\/wp\/v2\/posts\/60183\/revisions\/60191"}],"wp:featuredmedia":[{"embeddable":true,"href":"https:\/\/www.mpal.mp.br\/index.php?rest_route=\/wp\/v2\/media\/60151"}],"wp:attachment":[{"href":"https:\/\/www.mpal.mp.br\/index.php?rest_route=%2Fwp%2Fv2%2Fmedia&parent=60183"}],"wp:term":[{"taxonomy":"category","embeddable":true,"href":"https:\/\/www.mpal.mp.br\/index.php?rest_route=%2Fwp%2Fv2%2Fcategories&post=60183"},{"taxonomy":"post_tag","embeddable":true,"href":"https:\/\/www.mpal.mp.br\/index.php?rest_route=%2Fwp%2Fv2%2Ftags&post=60183"}],"curies":[{"name":"wp","href":"https:\/\/api.w.org\/{rel}","templated":true}]}}