{"id":6012,"date":"2021-11-22T08:19:16","date_gmt":"2021-11-22T11:19:16","guid":{"rendered":"https:\/\/www.mpal.mp.br\/?p=6012"},"modified":"2022-05-25T08:19:30","modified_gmt":"2022-05-25T11:19:30","slug":"mais-uma-acao-do-ministerio-publico-estadual-e-mais-dois-criminosos-condenados-por-homicidio-em-maceio","status":"publish","type":"post","link":"https:\/\/www.mpal.mp.br\/?p=6012","title":{"rendered":"Mais uma a\u00e7\u00e3o do Minist\u00e9rio P\u00fablico Estadual e mais dois criminosos condenados por homic\u00eddio em Macei\u00f3"},"content":{"rendered":"<p style=\"text-align: justify;\" align=\"justify\" data-raofz=\"14\"><span style=\"font-size: 14pt;\">Mais um j\u00fari na capital, mais uma sustenta\u00e7\u00e3o precisa do Minist\u00e9rio P\u00fablico do Estado de Alagoas (MPAL) que atua desde a den\u00fancia, no ano de 2015, quando ocorreu o assassinato, no bairro Santa L\u00facia, em Macei\u00f3. O julgamento foi na \u00faltima quinta-feira (18), e os r\u00e9us, Walisson da Silva e Elias Ramos da Silva, este \u00faltimo chefe do tr\u00e1fico de drogas naquele bairro, foram condenados a 24 anos e 30 anos de pris\u00e3o, respectivamente. Ambos s\u00e3o acusados de matar barbaramente, por motivo f\u00fatil e trai\u00e7\u00e3o, Rogenis Lopes, com cinco tiros. O MPAL teve como representante de acusa\u00e7\u00e3o o promotor de Justi\u00e7a, Jos\u00e9 Ant\u00f4nio Malta Marques.<\/span><\/p>\n<p style=\"text-align: justify;\" align=\"justify\" data-raofz=\"14\"><span style=\"font-size: 14pt;\">Os debates foram intensos e o representante ministerial teve postura segura e convincente diante do Conselho de Senten\u00e7a que, ap\u00f3s um dia longo de j\u00fari, avaliando tamb\u00e9m a atua\u00e7\u00e3o de advogados e do defensor p\u00fablico, acatou a tese do Minist\u00e9rio P\u00fablico condenando os r\u00e9us nas penas do Artigo 121, com as qualificadoras do \u00a7 2\u00ba, incisos II e IV.<\/span><\/p>\n<p style=\"text-align: justify;\" align=\"justify\" data-raofz=\"14\"><span style=\"font-size: 14pt;\"><b>O crime<\/b><\/span><\/p>\n<p style=\"text-align: justify;\" align=\"justify\" data-raofz=\"14\"><span style=\"font-size: 14pt;\">Nos autos consta que Rogenis Lopes, no dia 3 de abril de 2015, por volta das 19 h, teria ido \u00e0 casa do ex-sogro para buscar o filho com o qual pretendia passar o final de semana, por\u00e9m, diante do vis\u00edvel estado de embriaguez em que se encontrava, a fam\u00edlia, por receio, tentou convenc\u00ea-lo a n\u00e3o levar a crian\u00e7a, visto que, colocaria sua vida em risco, pois tinha como meio de transporte uma bicicleta. No entanto, o mesmo n\u00e3o acatou o posicionamento dos familiares da ex-mulher e queria toda for\u00e7a levar o menino, de apenas um ano e sete meses, o que aconteceu. Durante discuss\u00e3o, a fam\u00edlia amea\u00e7ou acionar a pol\u00edcia, o que causou inc\u00f4modo a Elias Ramos, traficante, por conta das suas atividades criminosas na regi\u00e3o. Assim, ele de forma premeditada, tranquilizou os familiares dispondo-se a resolver o problema e levar a crian\u00e7a de volta.<\/span><\/p>\n<p style=\"text-align: justify;\" align=\"justify\" data-raofz=\"14\"><span style=\"font-size: 14pt;\">O que n\u00e3o se imaginavam era que, naquele, momento, eElias Ramos j\u00e1 premeditava uma vingan\u00e7a a Rogenis Lopes, mesmo sem nenhum v\u00ednculo familiar e de fazer parte diretamente do desentendimento que o envolvia. Assim, uniu-se ao comparsa Walisson da Silva e, montados em uma motocicleta modelo Pop 100, sa\u00edram \u00e0 procura de Rogenis Lopes. Ao se depararem com a v\u00edtima, em plena via p\u00fablica, arrebataram a crian\u00e7a e descarregaram o rev\u00f3lver em seu pai tendo tr\u00eas dos disparos atingido as costas e a nuca, al\u00e9m de outros dois tiros em suas pernas.<\/span><\/p>\n<p style=\"text-align: justify;\" align=\"justify\" data-raofz=\"14\"><span style=\"font-size: 14pt;\">Al\u00e9m de ceifar a vida de Rogenis Lopes, num ato de de frieza, os criminosos foram \u00e0 casa do ex-sogro da v\u00edtima, entregaram a crian\u00e7a e pormenorizaram o crime, avisando a av\u00f3 do menino que haviam efetuado cinco disparos contra o mesmo \u201cpara ele se ligar\u201d, e como prova ainda mostraram o rev\u00f3lver e as c\u00e1psulas disparadas.<\/span><\/p>\n<p style=\"text-align: justify;\" align=\"justify\" data-raofz=\"14\"><span style=\"font-size: 14pt;\">O Minist\u00e9rio P\u00fablico do Estado de Alagoas atua no combate \u00e0 criminalidade, defendendo o cidad\u00e3o de bem, denunciando e pedindo puni\u00e7\u00e3o de quem transgride as leis, atenta contra a vida e comete todo e qualquer tipo de crime.<\/span><\/p>\n","protected":false},"excerpt":{"rendered":"<p> [&hellip;]<\/p>\n","protected":false},"author":1,"featured_media":6013,"comment_status":"open","ping_status":"open","sticky":false,"template":"","format":"standard","meta":{"om_disable_all_campaigns":false,"_monsterinsights_skip_tracking":false,"_monsterinsights_sitenote_active":false,"_monsterinsights_sitenote_note":"","_monsterinsights_sitenote_category":0,"_uf_show_specific_survey":0,"_uf_disable_surveys":false,"footnotes":""},"categories":[2],"tags":[],"class_list":["post-6012","post","type-post","status-publish","format-standard","has-post-thumbnail","hentry","category-not_mpal"],"aioseo_notices":[],"_links":{"self":[{"href":"https:\/\/www.mpal.mp.br\/index.php?rest_route=\/wp\/v2\/posts\/6012","targetHints":{"allow":["GET"]}}],"collection":[{"href":"https:\/\/www.mpal.mp.br\/index.php?rest_route=\/wp\/v2\/posts"}],"about":[{"href":"https:\/\/www.mpal.mp.br\/index.php?rest_route=\/wp\/v2\/types\/post"}],"author":[{"embeddable":true,"href":"https:\/\/www.mpal.mp.br\/index.php?rest_route=\/wp\/v2\/users\/1"}],"replies":[{"embeddable":true,"href":"https:\/\/www.mpal.mp.br\/index.php?rest_route=%2Fwp%2Fv2%2Fcomments&post=6012"}],"version-history":[{"count":1,"href":"https:\/\/www.mpal.mp.br\/index.php?rest_route=\/wp\/v2\/posts\/6012\/revisions"}],"predecessor-version":[{"id":6014,"href":"https:\/\/www.mpal.mp.br\/index.php?rest_route=\/wp\/v2\/posts\/6012\/revisions\/6014"}],"wp:featuredmedia":[{"embeddable":true,"href":"https:\/\/www.mpal.mp.br\/index.php?rest_route=\/wp\/v2\/media\/6013"}],"wp:attachment":[{"href":"https:\/\/www.mpal.mp.br\/index.php?rest_route=%2Fwp%2Fv2%2Fmedia&parent=6012"}],"wp:term":[{"taxonomy":"category","embeddable":true,"href":"https:\/\/www.mpal.mp.br\/index.php?rest_route=%2Fwp%2Fv2%2Fcategories&post=6012"},{"taxonomy":"post_tag","embeddable":true,"href":"https:\/\/www.mpal.mp.br\/index.php?rest_route=%2Fwp%2Fv2%2Ftags&post=6012"}],"curies":[{"name":"wp","href":"https:\/\/api.w.org\/{rel}","templated":true}]}}