{"id":6006,"date":"2021-11-22T08:17:29","date_gmt":"2021-11-22T11:17:29","guid":{"rendered":"https:\/\/www.mpal.mp.br\/?p=6006"},"modified":"2023-06-12T19:06:34","modified_gmt":"2023-06-12T22:06:34","slug":"com-o-apoio-da-pgj-corregedoria-geral-orienta-promotores-de-justica-sobre-correicao-do-cnmp-nas-unidades-do-ministerio-publico-de-alagoas","status":"publish","type":"post","link":"https:\/\/www.mpal.mp.br\/?p=6006","title":{"rendered":"Com o apoio da PGJ, Corregedoria-Geral orienta promotores de Justi\u00e7a sobre correi\u00e7\u00e3o do CNMP nas unidades do Minist\u00e9rio P\u00fablico de Alagoas"},"content":{"rendered":"<p style=\"text-align: justify;\" data-raofz=\"14\"><span style=\"font-size: 14pt;\" data-raofz=\"13\">A Corregedoria-Geral do Minist\u00e9rio P\u00fablico do Estado de Alagoas, com o apoio da Procuradoria-Geral de Justi\u00e7a, est\u00e1 reunindo membros da capital e do interior com atua\u00e7\u00e3o na esfera criminal para orient\u00e1-los sobre a correi\u00e7\u00e3o extraordin\u00e1ria do Conselho Nacional do Minist\u00e9rio P\u00fablico. As atividades, que acontecem, nesta segunda e ter\u00e7a-feira (22 e 23), s\u00e3o voltadas para os promotores de Justi\u00e7a que exercem suas atribui\u00e7\u00f5es nas \u00e1reas de crimes violentos letais intencionais, sistema prisional, controle externo da atividade policial e execu\u00e7\u00e3o penal.<\/span><\/p>\n<p style=\"text-align: justify;\" data-raofz=\"14\"><span style=\"font-size: 14pt;\" data-raofz=\"13\">A condu\u00e7\u00e3o dos trabalhos foi feita pelo corregedor-geral do MPAL, Walber Jos\u00e9 Valente de Lima, que ressaltou que o objetivo do encontro \u00e9 prestar os esclarecimentos necess\u00e1rios aos promotores que ser\u00e3o correicionados, de modo que a compet\u00eancia de cada um possa ser melhor desenvolvida na comarca onde eles atuam. \u201cO Minist\u00e9rio P\u00fablico tem um papel muito importante no enfrentamento ao crime, um grande protagonismo em busca da condena\u00e7\u00e3o daqueles que praticam il\u00edcitos penais e, sem d\u00favida alguma, precisamos desempenhar o nosso papel de forma cada vez mais eficaz, em busca do aperfei\u00e7oamento do Sistema de Justi\u00e7a\u201d, afirmou ele.<\/span><\/p>\n<p style=\"text-align: justify;\" data-raofz=\"14\"><span style=\"font-size: 14pt;\" data-raofz=\"13\">\u201cEsses dois dias de audi\u00eancia p\u00fablica para os promotores conta com o apoio integral da chefia da institui\u00e7\u00e3o porque sabemos que a Corregedoria \u00e9 um \u00f3rg\u00e3o de orienta\u00e7\u00e3o e que promove a reflex\u00e3o, de modo que possamos aperfei\u00e7oar o nosso trabalho no dia a dia em busca da justi\u00e7a e da paz social\u201d, defendeu o procurador-geral de Justi\u00e7a, M\u00e1rcio Roberto Ten\u00f3rio de Albuquerque.<\/span><\/p>\n<p style=\"text-align: justify;\" data-raofz=\"14\"><span style=\"font-size: 14pt;\" data-raofz=\"13\">Para o CNMP, que vem fazendo esse tipo de correi\u00e7\u00e3o em v\u00e1rios estados do Nordeste, \u00e9 essencial esse aprimoramento na atua\u00e7\u00e3o na esfera criminal porque a regi\u00e3o apresenta, em determinadas cidades, taxas consider\u00e1veis de viol\u00eancia.<\/span><\/p>\n<p style=\"text-align: justify;\" data-raofz=\"14\"><span style=\"font-size: 14pt;\" data-raofz=\"13\">Segundo o Conselho, ao final das correi\u00e7\u00f5es tem\u00e1ticas, aquele colegiado vai elaborar um plano de trabalho que incluir\u00e1 a atua\u00e7\u00e3o da Corregedoria Nacional, da Procuradoria-Geral de Justi\u00e7a, da Corregedoria-Geral, das Promotorias de Justi\u00e7a, do Governador do Estado e das autoridades ligadas \u00e0 \u00e1rea de Seguran\u00e7a P\u00fablica no \u00e2mbito estadual. A finalidade maior ser\u00e1 fortalecer uma atua\u00e7\u00e3o conjunta no combate \u00e0 criminalidade e no melhoramento do Sistema de Justi\u00e7a.<\/span><\/p>\n<p style=\"text-align: justify;\" data-raofz=\"14\"><span style=\"font-size: 14pt;\" data-raofz=\"13\">As reuni\u00f5es envolvem71 promotorias de Justi\u00e7a de Macei\u00f3 e do interior do estado.<\/span><\/p>\n","protected":false},"excerpt":{"rendered":"<p> [&hellip;]<\/p>\n","protected":false},"author":1,"featured_media":6009,"comment_status":"closed","ping_status":"closed","sticky":false,"template":"","format":"standard","meta":{"om_disable_all_campaigns":false,"_monsterinsights_skip_tracking":false,"_monsterinsights_sitenote_active":false,"_monsterinsights_sitenote_note":"","_monsterinsights_sitenote_category":0,"_uf_show_specific_survey":0,"_uf_disable_surveys":false,"footnotes":""},"categories":[48,2],"tags":[],"class_list":["post-6006","post","type-post","status-publish","format-standard","has-post-thumbnail","hentry","category-not_corregedoria","category-not_mpal"],"aioseo_notices":[],"_links":{"self":[{"href":"https:\/\/www.mpal.mp.br\/index.php?rest_route=\/wp\/v2\/posts\/6006","targetHints":{"allow":["GET"]}}],"collection":[{"href":"https:\/\/www.mpal.mp.br\/index.php?rest_route=\/wp\/v2\/posts"}],"about":[{"href":"https:\/\/www.mpal.mp.br\/index.php?rest_route=\/wp\/v2\/types\/post"}],"author":[{"embeddable":true,"href":"https:\/\/www.mpal.mp.br\/index.php?rest_route=\/wp\/v2\/users\/1"}],"replies":[{"embeddable":true,"href":"https:\/\/www.mpal.mp.br\/index.php?rest_route=%2Fwp%2Fv2%2Fcomments&post=6006"}],"version-history":[{"count":1,"href":"https:\/\/www.mpal.mp.br\/index.php?rest_route=\/wp\/v2\/posts\/6006\/revisions"}],"predecessor-version":[{"id":6010,"href":"https:\/\/www.mpal.mp.br\/index.php?rest_route=\/wp\/v2\/posts\/6006\/revisions\/6010"}],"wp:featuredmedia":[{"embeddable":true,"href":"https:\/\/www.mpal.mp.br\/index.php?rest_route=\/wp\/v2\/media\/6009"}],"wp:attachment":[{"href":"https:\/\/www.mpal.mp.br\/index.php?rest_route=%2Fwp%2Fv2%2Fmedia&parent=6006"}],"wp:term":[{"taxonomy":"category","embeddable":true,"href":"https:\/\/www.mpal.mp.br\/index.php?rest_route=%2Fwp%2Fv2%2Fcategories&post=6006"},{"taxonomy":"post_tag","embeddable":true,"href":"https:\/\/www.mpal.mp.br\/index.php?rest_route=%2Fwp%2Fv2%2Ftags&post=6006"}],"curies":[{"name":"wp","href":"https:\/\/api.w.org\/{rel}","templated":true}]}}