{"id":6000,"date":"2021-11-23T08:15:19","date_gmt":"2021-11-23T11:15:19","guid":{"rendered":"https:\/\/www.mpal.mp.br\/?p=6000"},"modified":"2022-05-25T08:15:32","modified_gmt":"2022-05-25T11:15:32","slug":"pgj-marcio-roberto-discute-melhorias-para-o-mpal-e-seus-integrantes-junto-a-ampal","status":"publish","type":"post","link":"https:\/\/www.mpal.mp.br\/?p=6000","title":{"rendered":"PGJ M\u00e1rcio Roberto discute melhorias para o MPAL e seus integrantes junto \u00e0 Ampal"},"content":{"rendered":"<p style=\"text-align: justify;\" align=\"justify\" data-raofz=\"14\"><span style=\"font-size: 14pt;\" data-raofz=\"13\">Na manh\u00e3 desta ter\u00e7a-feira (23), o procurador-geral de Justi\u00e7a, M\u00e1rcio Roberto Ten\u00f3rio de Albuquerque, recebeu membros da Associa\u00e7\u00e3o do Minist\u00e9rio P\u00fablico de Alagoas (Ampal) para discutir a\u00e7\u00f5es que visam o melhoramento do Minist\u00e9rio P\u00fablico de Alagoas (MPAL) e a valoriza\u00e7\u00e3o dos seus membros e servidores. O encontro ocorreu no pr\u00e9dio-sede da institui\u00e7\u00e3o.<\/span><\/p>\n<p style=\"text-align: justify;\" align=\"justify\" data-raofz=\"14\"><span style=\"font-size: 14pt;\" data-raofz=\"13\">\u201cDentre outras coisas, comunicamos que, em dezembro, faremos a nomea\u00e7\u00e3o de sete novos promotores de Justi\u00e7a, que chegar\u00e3o ao Minist\u00e9rio P\u00fablico para nos ajudar a promover e distribuir justi\u00e7a aqui no estado. Certamente, ap\u00f3s tomarem posse em janeiro, eles dever\u00e3o se juntar \u00e0 Ampal, essa entidade t\u00e3o importante e que trabalha sempre em prol da classe. Vale que destacar que a atua\u00e7\u00e3o das associa\u00e7\u00f5es em todo o Brasil foi essencial para que, juntos, venc\u00eassemos a batalha contra a PEC n\u00ba 05, uma iniciativa da C\u00e2mara dos Deputados que tentou tirar a autonomia do Minist\u00e9rio P\u00fablico Brasileiro. Felizmente, sa\u00edmos vitoriosos\u201d, afirmou o chefe do MPAL.<\/span><\/p>\n<p style=\"text-align: justify;\" data-raofz=\"14\"><span style=\"font-size: 14pt;\" data-raofz=\"13\">Na ocasi\u00e3o, M\u00e1rcio Roberto Ten\u00f3rio de Albuquerque tamb\u00e9m reafirmou os compromissos da administra\u00e7\u00e3o superior, j\u00e1 anteriormente assumido, que visam valorizar a carreira de promotores e procuradores de Justi\u00e7a e dos servidores do Minist\u00e9rio P\u00fablico do Estado de Alagoas.<\/span><\/p>\n<p style=\"text-align: justify;\" align=\"justify\" data-raofz=\"14\"><span style=\"font-size: 14pt;\" data-raofz=\"13\">O presidente da Ampal, Roberto Salom\u00e3o, destacou que essa rela\u00e7\u00e3o cordial e de respeito entre a entidade e o \u00f3rg\u00e3o ministerial \u00e9 importante para que o aperfei\u00e7oamento dos servi\u00e7os prestados por todos aqueles que integram o MPAL possa evoluir continuamente. \u201cEsse processo de escuta por parte da chefia da institui\u00e7\u00e3o, ouvindo e entendendo a necessidade da valoriza\u00e7\u00e3o de cada de um n\u00f3s, que dedica boa parte do seu dia para trabalhar para garantir direitos, dar-nos a prova de que somos reconhecidos\u201d, disse ele.<\/span><\/p>\n<p style=\"text-align: justify;\" align=\"justify\" data-raofz=\"14\"><span style=\"font-size: 14pt;\" data-raofz=\"13\">Tamb\u00e9m participaram da reuni\u00e3o os promotores de Justi\u00e7a Fl\u00e1vio Gomes da Costa e Manoel Carvalho de Lima, ambos integrantes da diretoria da Ampal,\u00a0<\/span><\/p>\n","protected":false},"excerpt":{"rendered":"<p> [&hellip;]<\/p>\n","protected":false},"author":1,"featured_media":6003,"comment_status":"open","ping_status":"open","sticky":false,"template":"","format":"standard","meta":{"om_disable_all_campaigns":false,"_monsterinsights_skip_tracking":false,"_monsterinsights_sitenote_active":false,"_monsterinsights_sitenote_note":"","_monsterinsights_sitenote_category":0,"_uf_show_specific_survey":0,"_uf_disable_surveys":false,"footnotes":""},"categories":[2],"tags":[],"class_list":["post-6000","post","type-post","status-publish","format-standard","has-post-thumbnail","hentry","category-not_mpal"],"aioseo_notices":[],"_links":{"self":[{"href":"https:\/\/www.mpal.mp.br\/index.php?rest_route=\/wp\/v2\/posts\/6000","targetHints":{"allow":["GET"]}}],"collection":[{"href":"https:\/\/www.mpal.mp.br\/index.php?rest_route=\/wp\/v2\/posts"}],"about":[{"href":"https:\/\/www.mpal.mp.br\/index.php?rest_route=\/wp\/v2\/types\/post"}],"author":[{"embeddable":true,"href":"https:\/\/www.mpal.mp.br\/index.php?rest_route=\/wp\/v2\/users\/1"}],"replies":[{"embeddable":true,"href":"https:\/\/www.mpal.mp.br\/index.php?rest_route=%2Fwp%2Fv2%2Fcomments&post=6000"}],"version-history":[{"count":1,"href":"https:\/\/www.mpal.mp.br\/index.php?rest_route=\/wp\/v2\/posts\/6000\/revisions"}],"predecessor-version":[{"id":6004,"href":"https:\/\/www.mpal.mp.br\/index.php?rest_route=\/wp\/v2\/posts\/6000\/revisions\/6004"}],"wp:featuredmedia":[{"embeddable":true,"href":"https:\/\/www.mpal.mp.br\/index.php?rest_route=\/wp\/v2\/media\/6003"}],"wp:attachment":[{"href":"https:\/\/www.mpal.mp.br\/index.php?rest_route=%2Fwp%2Fv2%2Fmedia&parent=6000"}],"wp:term":[{"taxonomy":"category","embeddable":true,"href":"https:\/\/www.mpal.mp.br\/index.php?rest_route=%2Fwp%2Fv2%2Fcategories&post=6000"},{"taxonomy":"post_tag","embeddable":true,"href":"https:\/\/www.mpal.mp.br\/index.php?rest_route=%2Fwp%2Fv2%2Ftags&post=6000"}],"curies":[{"name":"wp","href":"https:\/\/api.w.org\/{rel}","templated":true}]}}