{"id":5996,"date":"2021-11-23T08:12:26","date_gmt":"2021-11-23T11:12:26","guid":{"rendered":"https:\/\/www.mpal.mp.br\/?p=5996"},"modified":"2022-05-25T08:12:43","modified_gmt":"2022-05-25T11:12:43","slug":"em-arapiraca-ministerio-publico-de-alagoas-lanca-projeto-empoderador-digital","status":"publish","type":"post","link":"https:\/\/www.mpal.mp.br\/?p=5996","title":{"rendered":"Em Arapiraca, Minist\u00e9rio P\u00fablico de Alagoas lan\u00e7a projeto Empoderador Digital"},"content":{"rendered":"<p style=\"text-align: justify;\" align=\"justify\" data-raofz=\"14\"><span style=\"font-size: 14pt;\" data-raofz=\"13\">Incentivar a articula\u00e7\u00e3o comunit\u00e1ria no fortalecimento de sua autonomia quanto a obten\u00e7\u00e3o de servi\u00e7os p\u00fablicos nos meios virtuais de atendimento: esse \u00e9 o objetivo maior do Empoderador Digital, o mais novo projeto do Minist\u00e9rio P\u00fablico do Estado de Alagoas (MPAL) que ser\u00e1 desenvolvido no munic\u00edpio de Arapiraca. A iniciativa ser\u00e1 realizada em parceria com 10 institui\u00e7\u00f5es p\u00fablicas e privadas e diversas associa\u00e7\u00f5es comunit\u00e1rias.<\/span><\/p>\n<p lang=\"pt-PT\" style=\"text-align: justify;\" align=\"justify\" data-raofz=\"14\"><span style=\"font-size: 14pt;\" data-raofz=\"13\">A iniciativa, que est\u00e1 integrada ao planejamento estrat\u00e9gico do Minist\u00e9rio P\u00fablico e foi idealizada pelo N\u00facleo de Autocomposi\u00e7\u00e3o das Promotorias de Justi\u00e7a de Arapiraca, quer promover a inclus\u00e3o digital das comunidades organizadas daquela cidade, capacitando os representantes comunit\u00e1rios no uso de servi\u00e7os digitais, tornando-os facilitadores desses canais em suas respectivas regi\u00f5es. Tais a\u00e7\u00f5es v\u00e3o reduzir as dificuldades de locomo\u00e7\u00e3o e de acesso a esses servi\u00e7os p\u00fablicos.<\/span><\/p>\n<p lang=\"pt-PT\" style=\"text-align: justify;\" align=\"justify\" data-raofz=\"14\"><span style=\"font-size: 14pt;\" data-raofz=\"13\">Ser\u00e3o \u00f3rg\u00e3os parceiros o Servi\u00e7o Nacional de Aprendizagem Comercial (Senac), Prefeitura Municipal de Arapiraca, Caixa Econ\u00f4mica Federal, Instituto Nacional de Seguridade Social, Equatorial Alagoas Distribuidora de Energia S\/A, Companhia de Saneamento de Alagoas, Departamento Estadual de Tr\u00e2nsito, 5\u00aa Ger\u00eancia Regional de Educa\u00e7\u00e3o, Pol\u00edcia Civil, Secretaria de Estado do Planejamento, Gest\u00e3o e Patrim\u00f4nio\u00a0e Servi\u00e7o Nacional de Aprendizagem Industrial.<\/span><\/p>\n<p style=\"text-align: justify;\" align=\"justify\" data-raofz=\"14\"><span style=\"font-size: 14pt;\" data-raofz=\"13\">\u201cNossa miss\u00e3o, com o Empoderador Digital, \u00e9 ver diminu\u00edda a dist\u00e2ncia social entre os arapiraquenses. Ser\u00e1 um trabalho desenvolvido em benef\u00edcio da sociedade e, esperamos que, em breve, ele possa ser expandido para outros munic\u00edpios. Estamos felizes por esse ideal ser coletivo e envolver tantas institui\u00e7\u00f5es, isso deixa a todos n\u00f3s fortalecido. Tenham a certeza que cada um de n\u00f3s que integra o Minist\u00e9rio P\u00fablico de Alagoas se sente honrado em poder desenvolver um trabalho conjunto dessa natureza\u201d, afirmou o subprocurador-geral administrativo institucional, V\u00e1lter Acioly.<\/span><\/p>\n<p lang=\"pt-PT\" style=\"text-align: justify;\" align=\"justify\" data-raofz=\"14\"><span style=\"font-size: 14pt;\" data-raofz=\"13\">\u201cE ainda fa\u00e7o quest\u00e3o de dizer que o projeto vai al\u00e9m da capacita\u00e7\u00e3o. Ap\u00f3s qualificarmos todos os alunos, viabilizaremos, atrav\u00e9s de parcerias, computadores que ser\u00e3o doados \u00e0s associa\u00e7\u00f5es participantes para que elas possam oferecer\u00a0<span lang=\"pt-PT\" data-raofz=\"13\">os\u00a0<\/span>servi\u00e7os dentro da sua comunidade\u201d, acrescentou.<\/span><\/p>\n<p style=\"text-align: justify;\" align=\"justify\" data-raofz=\"14\"><span style=\"font-size: 14pt;\"><strong>Os servi\u00e7os<\/strong><\/span><\/p>\n<p style=\"text-align: justify;\" align=\"justify\" data-raofz=\"14\"><span style=\"font-size: 14pt;\" data-raofz=\"13\">Para o coordenador do Empoderador Digital, promotor de Justi\u00e7a Rog\u00e9rio Paranhos, a iniciativa tornou-se relevante em raz\u00e3o do crescente aumento do uso das tecnologias digitais, principalmente durante o per\u00edodo pand\u00eamico. \u201cA popula\u00e7\u00e3o precisou fazer uso das plataformas virtuais para acesso aos mais b\u00e1sicos servi\u00e7os p\u00fablicos e privados, portanto, foi pensado na dificuldade que muitos cidad\u00e3os tiveram, que surgiu a ideia do projeto. Para al\u00e9m disso, sua execu\u00e7\u00e3o vai servir para que cumpramos com a determina\u00e7\u00e3o da Constitui\u00e7\u00e3o Federal de combater as desigualdades sociais\u201d, defendeu ele, que estava acompanhando de v\u00e1rios outros promotores de Justi\u00e7a.<\/span><\/p>\n<p style=\"text-align: justify;\" data-raofz=\"14\"><span style=\"font-size: 14pt;\" data-raofz=\"13\">O projeto tamb\u00e9m \u00e9 composto pelos servidores Warlley Kaleu da Silva \u2013 gerente do Empoderador Digital, Jonathan do Nascimento Matos e Jos\u00e9 Jailson Nunes de Macedo.<\/span><\/p>\n<p style=\"text-align: justify;\" align=\"justify\" data-raofz=\"14\"><span style=\"font-size: 14pt;\" data-raofz=\"13\">A capacita\u00e7\u00e3o ensinar\u00e1, al\u00e9m do curso b\u00e1sico de inform\u00e1tica que ser\u00e1 patrocinado pelo Sesc, a fazer a emiss\u00e3o e ou agendamento de documentos pessoais, emiss\u00e3o de segunda via de contas residenciais b\u00e1sicas, como energia, \u00e1gua e telefone e o agendamento e acompanhamento dos servi\u00e7os prestados por diversos \u00f3rg\u00e3os como INSS, Receita Federal, SUS, dentre outros.<\/span><\/p>\n<p style=\"text-align: justify;\" align=\"justify\" data-raofz=\"14\"><span style=\"font-size: 14pt;\" data-raofz=\"13\">O curso ser\u00e1 ministrado por representantes dos \u00f3rg\u00e3os prestadores de servi\u00e7os para representantes Facomar, Unamaa, Associa\u00e7\u00e3o Comunit\u00e1ria dos Moradores do Bairro Planalto, Associa\u00e7\u00e3o Esp\u00edrita Seareiros de Jesus, Associa\u00e7\u00e3o dos Moradores do Povoado B\u00e1lsamo, Associa\u00e7\u00e3o dos Moradores da Baixa da Hora, Associa\u00e7\u00e3o Amor Perfeito Azul, Associa\u00e7\u00e3o dos Moradores do Bairro Arnon de Melo, Funda\u00e7\u00e3o Antonio Jorge, Associa\u00e7\u00e3o dos Moradores da Vila Cana\u00e3, Associa\u00e7\u00e3o dos Moradores do Povoado Fazenda Velha, Associa\u00e7\u00e3o de Desenvolvimento da Comunidade de Remanescente de Quilombo Carrasco e Associa\u00e7\u00e3o dos Moradores da Vila Capim.<\/span><\/p>\n<p style=\"text-align: justify;\" data-raofz=\"14\"><span style=\"font-size: 14pt;\" data-raofz=\"13\">O presidente da Federa\u00e7\u00e3o das Associa\u00e7\u00f5es Comunit\u00e1rias do Munic\u00edpio de Arapiraca (Facomar), Thiago Aguiar, agradeceu a oportunidade de aprendizado em nome de todas as entidades. \u201cEsse \u00e9 o momento de expressarmos nossa gratid\u00e3o e alegria por essa iniciativa que vai trazer tantos benef\u00edcios. Saber que o Minist\u00e9rio P\u00fablico continua abra\u00e7ando o movimento comunit\u00e1rio, dando-nos a chance de qualifica\u00e7\u00e3o, \u00e9 ter a certeza que cada um de voc\u00eas nos enxerga de uma maneira muito especial. Obrigada, MP e demais institui\u00e7\u00f5es por serem parceiros t\u00e3o extraordin\u00e1rios\u201d, declarou.<\/span><\/p>\n","protected":false},"excerpt":{"rendered":"<p> [&hellip;]<\/p>\n","protected":false},"author":1,"featured_media":5998,"comment_status":"open","ping_status":"open","sticky":false,"template":"","format":"standard","meta":{"om_disable_all_campaigns":false,"_monsterinsights_skip_tracking":false,"_monsterinsights_sitenote_active":false,"_monsterinsights_sitenote_note":"","_monsterinsights_sitenote_category":0,"_uf_show_specific_survey":0,"_uf_disable_surveys":false,"footnotes":""},"categories":[2],"tags":[],"class_list":["post-5996","post","type-post","status-publish","format-standard","has-post-thumbnail","hentry","category-not_mpal"],"aioseo_notices":[],"_links":{"self":[{"href":"https:\/\/www.mpal.mp.br\/index.php?rest_route=\/wp\/v2\/posts\/5996","targetHints":{"allow":["GET"]}}],"collection":[{"href":"https:\/\/www.mpal.mp.br\/index.php?rest_route=\/wp\/v2\/posts"}],"about":[{"href":"https:\/\/www.mpal.mp.br\/index.php?rest_route=\/wp\/v2\/types\/post"}],"author":[{"embeddable":true,"href":"https:\/\/www.mpal.mp.br\/index.php?rest_route=\/wp\/v2\/users\/1"}],"replies":[{"embeddable":true,"href":"https:\/\/www.mpal.mp.br\/index.php?rest_route=%2Fwp%2Fv2%2Fcomments&post=5996"}],"version-history":[{"count":1,"href":"https:\/\/www.mpal.mp.br\/index.php?rest_route=\/wp\/v2\/posts\/5996\/revisions"}],"predecessor-version":[{"id":5999,"href":"https:\/\/www.mpal.mp.br\/index.php?rest_route=\/wp\/v2\/posts\/5996\/revisions\/5999"}],"wp:featuredmedia":[{"embeddable":true,"href":"https:\/\/www.mpal.mp.br\/index.php?rest_route=\/wp\/v2\/media\/5998"}],"wp:attachment":[{"href":"https:\/\/www.mpal.mp.br\/index.php?rest_route=%2Fwp%2Fv2%2Fmedia&parent=5996"}],"wp:term":[{"taxonomy":"category","embeddable":true,"href":"https:\/\/www.mpal.mp.br\/index.php?rest_route=%2Fwp%2Fv2%2Fcategories&post=5996"},{"taxonomy":"post_tag","embeddable":true,"href":"https:\/\/www.mpal.mp.br\/index.php?rest_route=%2Fwp%2Fv2%2Ftags&post=5996"}],"curies":[{"name":"wp","href":"https:\/\/api.w.org\/{rel}","templated":true}]}}