{"id":5990,"date":"2021-11-24T08:08:04","date_gmt":"2021-11-24T11:08:04","guid":{"rendered":"https:\/\/www.mpal.mp.br\/?p=5990"},"modified":"2022-05-25T08:08:27","modified_gmt":"2022-05-25T11:08:27","slug":"projeto-recomecar-e-implantado-em-delmiro-gouveia-iniciativa-oferecera-curso-de-assistente-administrativo-e-operador-de-supermercado","status":"publish","type":"post","link":"https:\/\/www.mpal.mp.br\/?p=5990","title":{"rendered":"Projeto Recome\u00e7ar \u00e9 implantado em Delmiro Gouveia; iniciativa oferecer\u00e1 curso de assistente administrativo e operador de supermercado"},"content":{"rendered":"<p align=\"justify\" data-raofz=\"14\"><span data-raofz=\"13\">Mais oportunidade de aprendizado e qualifica\u00e7\u00e3o no munic\u00edpio de Delmiro Gouveia. Assim come\u00e7ou o projeto Recome\u00e7ar \u2013 Oficina de Jovens Aprendizes, uma iniciativa do Minist\u00e9rio P\u00fablico Estadual de Alagoas (MPAL) que tem o objetivo de inserir adolescentes em situa\u00e7\u00e3o de vulnerabilidade social no mercado de trabalho. A concretiza\u00e7\u00e3o desta iniciativa est\u00e1 ocorrendo gra\u00e7as a em parceria do \u00f3rg\u00e3o ministerial com o Senac Alagoas e a prefeitura de Delmiro. Desta vez, 50 meninos e meninas ser\u00e3o capacitados:<\/span><\/p>\n<p align=\"justify\" data-raofz=\"14\"><span data-raofz=\"13\">A cerim\u00f4nia que marcou o in\u00edcio do curso de inform\u00e1tica aconteceu no gin\u00e1sio da Escola Maria Dulce Cavalcante e foi prestigiada por membros do Minist\u00e9rio P\u00fablico, pelos alunos e por autoridades municipais e representantes do Senac. O subprocurador-geral administrativo institucional, Valter Acioly, afirmou ter grande admira\u00e7\u00e3o pelo projeto e disse que a institui\u00e7\u00e3o se orgulha muito desse trabalho que visa dar novas oportunidades para jovens que vivem em condi\u00e7\u00e3o de risco social: \u201cO MP de Alagoas tem promotores de Justi\u00e7a vocacionados e que v\u00e3o al\u00e9m do trabalho desenvolvido em seus gabinetes. Isso nos enche de orgulho. Essa articula\u00e7\u00e3o com o poder p\u00fablico e a classe empresarial \u00e9 importante para que iniciativas como essa possam transformar a vida de muitas pessoas, e \u00e9 justamente isso que o projeto Recome\u00e7ar faz. Portanto, hoje \u00e9 um dia de grande alegria para n\u00f3s e enche os nossos cora\u00e7\u00f5es de esperan\u00e7a\u201d, disse ele.<\/span><\/p>\n<p align=\"justify\" data-raofz=\"14\"><span data-raofz=\"13\">\u201cLembrem-se que cuidar da profissionaliza\u00e7\u00e3o \u00e9 muito importante para a devida inser\u00e7\u00e3o no mercado de trabalho. As vagas existem, basta que voc\u00eas se qualifiquem. Delmiro tem crescido cada vez mais, o turismo vem sendo expandido e, hoje em dia, nenhuma ocupa\u00e7\u00e3o acontece sem que o cidad\u00e3o tenha o m\u00ednimo de capacita\u00e7\u00e3o\u201d, destacou Vaqlter Acioly.<\/span><\/p>\n<p align=\"justify\" data-raofz=\"14\"><span data-raofz=\"13\">Nesta nova etapa est\u00e3o sendo ofertadas duas turmas, cada uma com 25 alunos, para os cursos de assistente administrativo e operador de caixa. O coordenador do projeto em Delmiro Gouveia, promotor de Justi\u00e7a Guilherme Diamantaras, incentivou os alunos a darem o seu melhor: \u201cO papel do Minist\u00e9rio P\u00fablico \u00e9 ajudar a promover e distribuir justi\u00e7a, ent\u00e3o, neste momento, n\u00f3s nos sentimos felizes por estarmos fazendo a nossa parte e, a partir de agora, \u00e9 com voc\u00eas. Dediquem-se para que possam fazer a diferen\u00e7a onde estiverem. E contem sempre conosco, estamos aqui para ajud\u00e1-los a viver sob o manto da dignidade humana\u201d, declarou.<\/span><\/p>\n<p align=\"justify\" data-raofz=\"14\"><span data-raofz=\"13\"><strong>Idealizador do projeto comemora o avan\u00e7o do Recome\u00e7ar<\/strong><\/span><\/p>\n<p align=\"justify\" data-raofz=\"14\"><span data-raofz=\"13\">O Recome\u00e7ar foi idealizado pelos promotores de Justi\u00e7a Maur\u00edcio Wanderley e Viviane Karla Farias, respectivamente titular e substituta da 7\u00aa Promotoria de Justi\u00e7a de Arapiraca, que tem atribui\u00e7\u00e3o para atuar na prote\u00e7\u00e3o da inf\u00e2ncia e juventude.<\/span><\/p>\n<p style=\"text-align: justify;\" align=\"justify\" data-raofz=\"14\"><span data-raofz=\"13\">Ao comentar o crescimento do projeto, Maur\u00edcio Wanderley refor\u00e7ou a import\u00e2ncia da dedica\u00e7\u00e3o de cada um dos alunos. \u201cVivemos numa sociedade que clama por justi\u00e7a, dignidade e liberdade. E, por exemplo, essa liberdade est\u00e1 sendo propiciada por meio do trabalho para essa juventude. Acredito no trabalho como valor, como fator de emancipa\u00e7\u00e3o, como vetor de mobilidade social. Por isso, minha esperan\u00e7a \u00e9 que esses jovens aproveitem essa chance para se qualificar e se manter no emprego\u201d, afirmou ele.<\/span><\/p>\n","protected":false},"excerpt":{"rendered":"<p> [&hellip;]<\/p>\n","protected":false},"author":1,"featured_media":5991,"comment_status":"open","ping_status":"open","sticky":false,"template":"","format":"standard","meta":{"om_disable_all_campaigns":false,"_monsterinsights_skip_tracking":false,"_monsterinsights_sitenote_active":false,"_monsterinsights_sitenote_note":"","_monsterinsights_sitenote_category":0,"_uf_show_specific_survey":0,"_uf_disable_surveys":false,"footnotes":""},"categories":[2],"tags":[],"class_list":["post-5990","post","type-post","status-publish","format-standard","has-post-thumbnail","hentry","category-not_mpal"],"aioseo_notices":[],"_links":{"self":[{"href":"https:\/\/www.mpal.mp.br\/index.php?rest_route=\/wp\/v2\/posts\/5990","targetHints":{"allow":["GET"]}}],"collection":[{"href":"https:\/\/www.mpal.mp.br\/index.php?rest_route=\/wp\/v2\/posts"}],"about":[{"href":"https:\/\/www.mpal.mp.br\/index.php?rest_route=\/wp\/v2\/types\/post"}],"author":[{"embeddable":true,"href":"https:\/\/www.mpal.mp.br\/index.php?rest_route=\/wp\/v2\/users\/1"}],"replies":[{"embeddable":true,"href":"https:\/\/www.mpal.mp.br\/index.php?rest_route=%2Fwp%2Fv2%2Fcomments&post=5990"}],"version-history":[{"count":1,"href":"https:\/\/www.mpal.mp.br\/index.php?rest_route=\/wp\/v2\/posts\/5990\/revisions"}],"predecessor-version":[{"id":5992,"href":"https:\/\/www.mpal.mp.br\/index.php?rest_route=\/wp\/v2\/posts\/5990\/revisions\/5992"}],"wp:featuredmedia":[{"embeddable":true,"href":"https:\/\/www.mpal.mp.br\/index.php?rest_route=\/wp\/v2\/media\/5991"}],"wp:attachment":[{"href":"https:\/\/www.mpal.mp.br\/index.php?rest_route=%2Fwp%2Fv2%2Fmedia&parent=5990"}],"wp:term":[{"taxonomy":"category","embeddable":true,"href":"https:\/\/www.mpal.mp.br\/index.php?rest_route=%2Fwp%2Fv2%2Fcategories&post=5990"},{"taxonomy":"post_tag","embeddable":true,"href":"https:\/\/www.mpal.mp.br\/index.php?rest_route=%2Fwp%2Fv2%2Ftags&post=5990"}],"curies":[{"name":"wp","href":"https:\/\/api.w.org\/{rel}","templated":true}]}}