{"id":5984,"date":"2021-11-26T08:03:34","date_gmt":"2021-11-26T11:03:34","guid":{"rendered":"https:\/\/www.mpal.mp.br\/?p=5984"},"modified":"2022-05-25T08:03:51","modified_gmt":"2022-05-25T11:03:51","slug":"apos-cinco-anos-atuacao-do-ministerio-publico-leva-sargento-acusado-de-matar-irmaos-com-deficiencia-intelectual-a-53-anos-de-prisao","status":"publish","type":"post","link":"https:\/\/www.mpal.mp.br\/?p=5984","title":{"rendered":"Ap\u00f3s cinco anos, atua\u00e7\u00e3o do Minist\u00e9rio P\u00fablico leva sargento acusado de matar irm\u00e3os com defici\u00eancia intelectual a 53 anos de pris\u00e3o"},"content":{"rendered":"<p class=\"western\" style=\"text-align: justify;\" align=\"justify\" data-raofz=\"14\"><span style=\"font-size: 14pt;\">Ap\u00f3s mais de 12 horas de julgamento, o Conselho de Senten\u00e7a foi convencido pela atua\u00e7\u00e3o do Minist\u00e9rio P\u00fablico do Estado de Alagoas (MPAL), tendo como titular de acusa\u00e7\u00e3o a promotora de Justi\u00e7a, Adilza Freitas, auxiliada pelos assistentes de acusa\u00e7\u00e3o, advogados Thiago Pinheiro e Arthur Lira, e condenou o r\u00e9u, sargento PM Johnerson Sim\u00f5es Marcelino a 53 anos um m\u00eas de reclus\u00e3o, em regime fechado, pelos assassinatos dos irm\u00e3os Josenildo e Josivaldo Ferreira Aleixo, os jovens portadores de defici\u00eancia intelectual, crime ocorrido em 2016, no Conjunto Village Campestre, em Macei\u00f3. \u00c0 \u00e9poca, o sargento ocupava o patente de cabo. Al\u00e9m disso, o r\u00e9u teve um valor estipulado de, pelo menos, R$ 80 mil, para indenizar, por compensa\u00e7\u00e3o pela morte do esposo,\u00a0 a vi\u00fava do pedreiro Reinaldo, tamb\u00e9m morto. O j\u00fari foi presidido pelo juiz Guilherme Bubolz Bohm.<\/span><\/p>\n<p class=\"western\" style=\"text-align: justify;\" align=\"justify\" data-raofz=\"14\"><span style=\"font-size: 14pt;\">Em toda o julgamento, a acusa\u00e7\u00e3o foi precisa, desbancando depoimentos e levando as testemunhas da defesa a entrarem em contradi\u00e7\u00e3o. Um dos pontos mais tocados foi o referente \u00e0 bolsa e as armas que, segundo o r\u00e9u, estariam com as vitimas. Todas as testemunhas de acusa\u00e7\u00e3o asseveraram que os irm\u00e3os, na hora da abordagem, n\u00e3o carregavam nenhum objeto. Johnerson Sim\u00f5es tamb\u00e9m foi acusado do cometimento de fraude processual.<\/span><\/p>\n<p class=\"western\" style=\"text-align: justify;\" align=\"justify\" data-raofz=\"14\"><span style=\"font-size: 14pt;\">\u201cO j\u00fari \u00e9 uma resposta da sociedade para dizer oue tipo de pol\u00edcia ela quer, ela escolheu entre a que rasga a Constitui\u00e7\u00e3o e mata e a pol\u00edcia que protege. Foi uma decis\u00e3o que est\u00e1 de acordo com as provas que t\u00eam nos autos. O Conselho de Senten\u00e7a \u00e9 formado por seus representantes que sentiram a dor da fam\u00edlia, de uma m\u00e3e que perdeu os \u00fanicos filhos, em seguida, o esposo que teve o problema de sa\u00fade agravado em consequ\u00eancia desse barb\u00e1rie. Fizemos o nosso papel, buscamos a Justi\u00e7a em nome de dois inocentes e para amenizar a dor de uma fam\u00edlia. Provocamos o cumprimento da lei, quem comete crime tem de pagar por seus atos. A condena\u00e7\u00e3o foi o que esper\u00e1vamos\u201d, declara a promotora Adilza Freitas.<\/span><\/p>\n<p class=\"western\" style=\"text-align: justify;\" align=\"justify\" data-raofz=\"14\"><span style=\"font-size: 14pt;\">O assistente de acusa\u00e7\u00e3o , advogado Thiago Pinheiro, afirma que o dever foi cumprido e que, com o resultado, a dor das fam\u00edlias amenizada.<\/span><\/p>\n<p class=\"western\" style=\"text-align: justify;\" align=\"justify\" data-raofz=\"14\"><span style=\"font-size: 14pt;\">\u201cAp\u00f3s cinco anos, acreditamos que as fam\u00edlias enlutadas se sentiram justi\u00e7adas com a condena\u00e7\u00e3o e o resultado \u00e9 para demonstrar que n\u00e3o permitimos mais uma pol\u00edcia truculenta que sai matando inocentes. As provas foram incontest\u00e1veis e a defesa n\u00e3o conseguiu lograr \u00eaxito com justificativas totalmente contradit\u00f3rias aos fatos o conselho de senten\u00e7a, de uma postura louv\u00e1vel, nada mais fez do que justi\u00e7a, assim vamos para casa com a convic\u00e7\u00e3o do dever cumprido\u201d, enfatiza Pinheiro.<\/span><\/p>\n<p class=\"western\" style=\"text-align: justify;\" align=\"justify\" data-raofz=\"14\"><span style=\"font-size: 14pt;\">O outro assistente, advogado Arthur Lira, refor\u00e7a a fala ressaltando o sentimento de justi\u00e7a ap\u00f3s ser lida a senten\u00e7a.<\/span><\/p>\n<p class=\"western\" style=\"text-align: justify;\" align=\"justify\" data-raofz=\"14\"><span style=\"font-size: 14pt;\">\u201cDepois de cinco anos e oito meses, especificamente hoje completando, o sentimento que a fam\u00edlia dos irm\u00e3os assassinados no bairro do Village Campestre em mar\u00e7o de 2016 \u00e9 de que foi feito justi\u00e7a. Ap\u00f3s o julgamento longo, ouvindo testemunhas de defesa e de acusa\u00e7\u00e3o, posteriormente os debates, os jurdis entenderam que a justi\u00e7a era a condena\u00e7\u00e3o pelos dois homic\u00eddios triplamente qualificados, bem como a fraude processual e o erro na execu\u00e7\u00e3o relacionado \u00e0 v\u00edtima Reinaldo, que era o pedreiro. N\u00e3o sa\u00edmos vitoriosos , pois n\u00e3o h\u00e1 vit\u00f3rias em um j\u00fari, mas com o reconhecimento de que a justi\u00e7a foi feita e pra deixar de li\u00e7\u00e3o que ios nossos policiais n\u00e3o pratiquem nas ruas delitos como esses\u201d, declara Lira.<\/span><\/p>\n<p class=\"western\" style=\"text-align: justify;\" align=\"justify\" data-raofz=\"14\"><span style=\"font-size: 14pt;\">O juiz Guilherme Bubolz Bohm elogiou o n\u00edvel do j\u00fari , por ambas as partes, e conclui falando, tamb\u00e9m, que a justi\u00e7a foi feita.<\/span><\/p>\n<p class=\"western\" style=\"text-align: justify;\" align=\"justify\" data-raofz=\"14\"><span style=\"font-size: 14pt;\">\u201cO juri transcorreu dentro da normalidade, come\u00e7ou \u00e0s 8h e se encerrou agora por volta de 22h30, estendeu-se assim porque foram ouvidas v\u00e1rias testemunhas, tr\u00eas v\u00edtimas de disparos de arma de fogo, o Minist\u00e9rio P\u00fablico contou com assist\u00eancia de acusa\u00e7\u00e3o, fizeram uso de todo tempo \u00e0 disposi\u00e7\u00e3o deles, assim como a defesa, por outro lado, tamb\u00e9m fez uso de todo tempo nos debates que foram em alto n\u00edvel. Ambas as partes s\u00e3o muito gabaritadas e, dessa forma, contribu\u00edram muito com o desenrolar dos trabalhos e, dessa forma, entendo que tenha sido feita a justi\u00e7a e se encera esse caso\u201d, afirma o magistrado.<\/span><\/p>\n<p class=\"western\" style=\"text-align: justify;\" align=\"justify\" data-raofz=\"14\"><span style=\"font-size: 14pt;\"><b>Testemunhas de acusa\u00e7\u00e3o<\/b><\/span><\/p>\n<p class=\"western\" style=\"text-align: justify;\" align=\"justify\" data-raofz=\"14\"><span style=\"font-size: 14pt;\">A m\u00e3e dos jovens assassinados, Maria de F\u00e1tima, entrou ao recinto e provocou como\u00e7\u00e3o com o seu jeito simples e a forma de amor com a qual descrevia seus filhos especiais.<\/span><\/p>\n<p class=\"western\" style=\"text-align: justify;\" align=\"justify\" data-raofz=\"14\"><span style=\"font-size: 14pt;\">O irm\u00e3o dela, Cl\u00e1udio Silva, chorou durante o depoimento e lembrando a inoc\u00eancia dos sobrinhos.<\/span><\/p>\n<p class=\"western\" style=\"text-align: justify;\" align=\"justify\" data-raofz=\"14\"><span style=\"font-size: 14pt;\">O motoboy afirmou v\u00e1rias vezes que as vitimas n\u00e3o carregavam mochilas ou bolsas e que na primeira abordagem j\u00e1 teriam sido agredidos. Ele tamb\u00e9m foi atingido com um tiro no joelho e disse ter ficado com receio de morrer.<\/span><\/p>\n<p class=\"western\" style=\"text-align: justify;\" align=\"justify\" data-raofz=\"14\"><span style=\"font-size: 14pt;\">\u201cOs meninos iam ao ponto de \u00f4nibus e quando a viatura chegou j\u00e1 foi batendo neles. E eu afirmo que n\u00e3o estavam com bolsa, com nada. O meu amigo, o pedreiro, assim que foi baleado, correu na minha dire\u00e7\u00e3o, abriu os bra\u00e7os e disse: neg\u00e3o fui atingido, pega tua moto pra me socorrer e j\u00e1 caiu morto., e eu fui ferido no joelho\u201d, enfatizou.<\/span><\/p>\n<p class=\"western\" style=\"text-align: justify;\" align=\"justify\" data-raofz=\"14\"><span style=\"font-size: 14pt;\"><b>Defesa<\/b><\/span><\/p>\n<p class=\"western\" style=\"text-align: justify;\" align=\"justify\" data-raofz=\"14\"><span style=\"font-size: 14pt;\">A defesa tentou a todo custo manter a vers\u00e3o de que os jovens eram periculosos e que foram atingidos numa rea\u00e7\u00e3o por resist\u00eancia.<\/span><\/p>\n<p class=\"western\" style=\"text-align: justify;\" align=\"justify\" data-raofz=\"14\"><span style=\"font-size: 14pt;\">Nos depoimentos dos policiais, e tamb\u00e9m da funcion\u00e1ria do Hospital Geral do Estado (HGE), houve contradi\u00e7\u00e3o.<\/span><\/p>\n<p class=\"western\" style=\"text-align: justify;\" align=\"justify\" data-raofz=\"14\"><span style=\"font-size: 14pt;\">\u201cA funcion\u00e1ria disse que recebeu as v\u00edtimas por volta das 19h, quando o GPS mostra a chegada da viatura \u00e0 unidade ap\u00f3s as 20h E muitos pontos ficaram obscuros nos depoimentos da guarni\u00e7\u00e3o, ent\u00e3o est\u00e1vamos realmente diante de falsos testemunhos, de algo arquitetado, mas prevaleceram o bom senso, a verdade e a justi\u00e7a\u201d, ressalta a promotora Adilza Freitas.<\/span><\/p>\n<p class=\"western\" style=\"text-align: justify;\" align=\"left\" data-raofz=\"14\"><span style=\"font-size: 14pt;\">Fotos: Fl\u00e1via Lima e Dulce Melo<\/span><\/p>\n","protected":false},"excerpt":{"rendered":"<p> [&hellip;]<\/p>\n","protected":false},"author":1,"featured_media":5985,"comment_status":"open","ping_status":"open","sticky":false,"template":"","format":"standard","meta":{"om_disable_all_campaigns":false,"_monsterinsights_skip_tracking":false,"_monsterinsights_sitenote_active":false,"_monsterinsights_sitenote_note":"","_monsterinsights_sitenote_category":0,"_uf_show_specific_survey":0,"_uf_disable_surveys":false,"footnotes":""},"categories":[2],"tags":[],"class_list":["post-5984","post","type-post","status-publish","format-standard","has-post-thumbnail","hentry","category-not_mpal"],"aioseo_notices":[],"_links":{"self":[{"href":"https:\/\/www.mpal.mp.br\/index.php?rest_route=\/wp\/v2\/posts\/5984","targetHints":{"allow":["GET"]}}],"collection":[{"href":"https:\/\/www.mpal.mp.br\/index.php?rest_route=\/wp\/v2\/posts"}],"about":[{"href":"https:\/\/www.mpal.mp.br\/index.php?rest_route=\/wp\/v2\/types\/post"}],"author":[{"embeddable":true,"href":"https:\/\/www.mpal.mp.br\/index.php?rest_route=\/wp\/v2\/users\/1"}],"replies":[{"embeddable":true,"href":"https:\/\/www.mpal.mp.br\/index.php?rest_route=%2Fwp%2Fv2%2Fcomments&post=5984"}],"version-history":[{"count":1,"href":"https:\/\/www.mpal.mp.br\/index.php?rest_route=\/wp\/v2\/posts\/5984\/revisions"}],"predecessor-version":[{"id":5986,"href":"https:\/\/www.mpal.mp.br\/index.php?rest_route=\/wp\/v2\/posts\/5984\/revisions\/5986"}],"wp:featuredmedia":[{"embeddable":true,"href":"https:\/\/www.mpal.mp.br\/index.php?rest_route=\/wp\/v2\/media\/5985"}],"wp:attachment":[{"href":"https:\/\/www.mpal.mp.br\/index.php?rest_route=%2Fwp%2Fv2%2Fmedia&parent=5984"}],"wp:term":[{"taxonomy":"category","embeddable":true,"href":"https:\/\/www.mpal.mp.br\/index.php?rest_route=%2Fwp%2Fv2%2Fcategories&post=5984"},{"taxonomy":"post_tag","embeddable":true,"href":"https:\/\/www.mpal.mp.br\/index.php?rest_route=%2Fwp%2Fv2%2Ftags&post=5984"}],"curies":[{"name":"wp","href":"https:\/\/api.w.org\/{rel}","templated":true}]}}