{"id":5978,"date":"2021-11-30T07:58:19","date_gmt":"2021-11-30T10:58:19","guid":{"rendered":"https:\/\/www.mpal.mp.br\/?p=5978"},"modified":"2022-05-25T07:58:38","modified_gmt":"2022-05-25T10:58:38","slug":"ministerio-publico-quer-prisao-preventiva-de-homem-que-matou-gari-por-motivo-futil","status":"publish","type":"post","link":"https:\/\/www.mpal.mp.br\/?p=5978","title":{"rendered":"Minist\u00e9rio P\u00fablico quer pris\u00e3o preventiva de homem que matou gari por motivo f\u00fatil"},"content":{"rendered":"<p style=\"text-align: justify;\" data-raofz=\"14\"><span style=\"font-size: 14pt;\" data-raofz=\"13\">O Minist\u00e9rio P\u00fablico do Estado de Alagoas vai requerer, nesta ter\u00e7a-feira (30), a convers\u00e3o da pris\u00e3o em flagrante em pris\u00e3o preventiva de Filipe Cristiano da Silva, que confessou ter assassinado o gari Renilson Freire de Souza, nessa segunda-feira (29), dentro de \u00f4nibus, em Macei\u00f3.<\/span><\/p>\n<p style=\"text-align: justify;\" data-raofz=\"14\"><span style=\"font-size: 14pt;\" data-raofz=\"13\">O pedido ser\u00e1 feito pelo promotor de Justi\u00e7a Thiago Chacon, que est\u00e1 no plant\u00e3o neste feriado. \u201cN\u00e3o h\u00e1 que se falar em ilegalidade do flagrante, como a defesa est\u00e1 pleiteando, pois o suspeito foi capturado logo ap\u00f3s o fato e a pol\u00edcia estava em permanente persegui\u00e7\u00e3o para sua captura. Tamb\u00e9m n\u00e3o vislumbramos elementos para apontar que ele seria inimput\u00e1vel, como seu advogado est\u00e1 parecendo querer justificar\u201d, explicou Chacon.<\/span><\/p>\n<p style=\"text-align: justify;\" data-raofz=\"14\"><span style=\"font-size: 14pt;\" data-raofz=\"13\">Segundo o promotor, durante a audi\u00eancia de cust\u00f3dia de hoje, a convers\u00e3o da pris\u00e3o ser\u00e1 requerida ao Judici\u00e1rio. \u201cVamos defender junto ao juiz que o acusado \u00e9 plenamente capaz e sabia tudo que estava fazendo, tanto \u00e9 que fugiu e trocou de roupas para dificultar as buscas\u201d, argumentou o membro do MPAL.<\/span><\/p>\n<p style=\"text-align: justify;\" data-raofz=\"14\"><span style=\"font-size: 14pt;\" data-raofz=\"13\">\u201cO fato do Filipe Cristiano ter se negado a utilizar a m\u00e1scara tamb\u00e9m demonstra como ele \u00e9 um sujeito conectado a realidade social\u201d, acrescentou.<\/span><\/p>\n<p style=\"text-align: justify;\" data-raofz=\"14\"><span style=\"font-size: 14pt;\" data-raofz=\"13\">Ainda de acordo com Thiago Chacon, para o Minist\u00e9rio P\u00fablico, o homic\u00eddio praticado pelo acusado tem caracter\u00edsticas de ter sido cometido com duas qualificadoras, no entanto, isso ainda ser\u00e1 melhor avaliado pela promotoria do Tribunal do J\u00fari, com o despacho da investiga\u00e7\u00e3o policial: \u201cA princ\u00edpio, est\u00e3o configurados o motivo f\u00fatil e o recurso que tornou dif\u00edcil a defesa da v\u00edtima, que foi morta a facadas\u201d, completou o promotor de Justi\u00e7a.<\/span><\/p>\n<p style=\"text-align: justify;\" data-raofz=\"14\"><span style=\"font-size: 14pt;\" data-raofz=\"13\">A audi\u00eancia de cust\u00f3dia ser\u00e1 realizada com o ju\u00edzo da 12a Vara Criminal da capital.<\/span><\/p>\n","protected":false},"excerpt":{"rendered":"<p> [&hellip;]<\/p>\n","protected":false},"author":1,"featured_media":5979,"comment_status":"open","ping_status":"open","sticky":false,"template":"","format":"standard","meta":{"om_disable_all_campaigns":false,"_monsterinsights_skip_tracking":false,"_monsterinsights_sitenote_active":false,"_monsterinsights_sitenote_note":"","_monsterinsights_sitenote_category":0,"_uf_show_specific_survey":0,"_uf_disable_surveys":false,"footnotes":""},"categories":[2],"tags":[],"class_list":["post-5978","post","type-post","status-publish","format-standard","has-post-thumbnail","hentry","category-not_mpal"],"aioseo_notices":[],"_links":{"self":[{"href":"https:\/\/www.mpal.mp.br\/index.php?rest_route=\/wp\/v2\/posts\/5978","targetHints":{"allow":["GET"]}}],"collection":[{"href":"https:\/\/www.mpal.mp.br\/index.php?rest_route=\/wp\/v2\/posts"}],"about":[{"href":"https:\/\/www.mpal.mp.br\/index.php?rest_route=\/wp\/v2\/types\/post"}],"author":[{"embeddable":true,"href":"https:\/\/www.mpal.mp.br\/index.php?rest_route=\/wp\/v2\/users\/1"}],"replies":[{"embeddable":true,"href":"https:\/\/www.mpal.mp.br\/index.php?rest_route=%2Fwp%2Fv2%2Fcomments&post=5978"}],"version-history":[{"count":1,"href":"https:\/\/www.mpal.mp.br\/index.php?rest_route=\/wp\/v2\/posts\/5978\/revisions"}],"predecessor-version":[{"id":5980,"href":"https:\/\/www.mpal.mp.br\/index.php?rest_route=\/wp\/v2\/posts\/5978\/revisions\/5980"}],"wp:featuredmedia":[{"embeddable":true,"href":"https:\/\/www.mpal.mp.br\/index.php?rest_route=\/wp\/v2\/media\/5979"}],"wp:attachment":[{"href":"https:\/\/www.mpal.mp.br\/index.php?rest_route=%2Fwp%2Fv2%2Fmedia&parent=5978"}],"wp:term":[{"taxonomy":"category","embeddable":true,"href":"https:\/\/www.mpal.mp.br\/index.php?rest_route=%2Fwp%2Fv2%2Fcategories&post=5978"},{"taxonomy":"post_tag","embeddable":true,"href":"https:\/\/www.mpal.mp.br\/index.php?rest_route=%2Fwp%2Fv2%2Ftags&post=5978"}],"curies":[{"name":"wp","href":"https:\/\/api.w.org\/{rel}","templated":true}]}}