{"id":5927,"date":"2020-12-10T09:14:53","date_gmt":"2020-12-10T12:14:53","guid":{"rendered":"https:\/\/www.mpal.mp.br\/?p=5927"},"modified":"2025-06-18T11:27:11","modified_gmt":"2025-06-18T14:27:11","slug":"promotor-de-justica-claudio-sa-e-o-novo-diretor-da-escola-superior-do-ministerio-publico","status":"publish","type":"post","link":"https:\/\/www.mpal.mp.br\/?p=5927","title":{"rendered":"Promotor de Justi\u00e7a Cl\u00e1udio S\u00e1 \u00e9 o novo diretor da Escola Superior do Minist\u00e9rio P\u00fablico"},"content":{"rendered":"<p style=\"text-align: justify;\" align=\"justify\" data-raofz=\"14\"><span style=\"font-size: 14pt;\" data-raofz=\"13\">A Escola Superior do Minist\u00e9rio P\u00fablico do Estado de Alagoas (ESMP\/AL) tem novo diretor. O promotor de Justi\u00e7a Cl\u00e1udio Jos\u00e9 Brand\u00e3o S\u00e1 foi nomeado, nesta quinta-feira (10), para comandar os trabalhos do \u00f3rg\u00e3o que, dentre outras fun\u00e7\u00f5es, tem a miss\u00e3o de promover cursos, semin\u00e1rios, congressos, simp\u00f3sios, pesquisas, estudos e publica\u00e7\u00f5es, visando o aprimoramento profissional e cultural dos membros e servidores da institui\u00e7\u00e3o.<\/span><\/p>\n<p style=\"text-align: justify;\" align=\"justify\" data-raofz=\"14\"><span style=\"font-size: 14pt;\" data-raofz=\"13\">A portaria n\u00ba 19\/2020 est\u00e1 publicada no Di\u00e1rio Oficial de hoje e \u00e9 assinada pelo procurador-geral de Justi\u00e7a, M\u00e1rcio Roberto Ten\u00f3rio de Albuquerque. \u201cO promotor Cl\u00e1udio S\u00e1, h\u00e1 11 anos, tem dedicado a sua vida profissional \u00e0 qualifica\u00e7\u00e3o dos nossos promotores e procuradores de Justi\u00e7a e servidores. \u00c9 mais de uma d\u00e9cada pensando em como capacitar todos os integrantes do Minist\u00e9rio P\u00fablico. Portanto, a nomea\u00e7\u00e3o dele para o cargo de diretor da Escola \u00e9 um justo reconhecimento por todos os seus servi\u00e7os prestados a cada um de n\u00f3s\u201d, declarou o chefe do MPAL.<\/span><\/p>\n<p style=\"text-align: justify;\" align=\"justify\" data-raofz=\"14\"><span style=\"font-size: 14pt;\" data-raofz=\"13\">E o novo diretor tamb\u00e9m falou sobre sua ascens\u00e3o ao cargo. \u201cFoi com muita alegria que recebi a not\u00edcia de minha nomea\u00e7\u00e3o por parte do procurador-geral de Justi\u00e7a para exercer a fun\u00e7\u00e3o de diretor da querida Escola Superior do Minist\u00e9rio P\u00fablico. Estava completando 11 anos exercendo a fun\u00e7\u00e3o de vice-diretor de Planejamento e, ap\u00f3s todo esse per\u00edodo, aceitei o convite do chefe da minha institui\u00e7\u00e3o para assumir essa nova fun\u00e7\u00e3o. O que posso garantir \u00e9 que faremos uma gest\u00e3o de acordo com os interesses do MP, seguindo sempre as orienta\u00e7\u00f5es da administra\u00e7\u00e3o superior. Programa de est\u00e1gio e aperfei\u00e7oamento funcional com cursos e palestras ser\u00e3o as prioridades. Vamos movimentar a escola, isso eu garanto\u201d, disse Cl\u00e1udio Jos\u00e9 Brand\u00e3o S\u00e1.<\/span><\/p>\n<p style=\"text-align: justify;\" align=\"justify\" data-raofz=\"14\"><span style=\"font-size: 14pt;\"><strong>A escola<\/strong><\/span><\/p>\n<p style=\"text-align: justify;\" align=\"justify\" data-raofz=\"14\"><span style=\"font-size: 14pt;\" data-raofz=\"13\">A Escola Superior do Minist\u00e9rio P\u00fablico de Alagoas (ESMP) \u00e9 o \u00f3rg\u00e3o auxiliar do Minist\u00e9rio P\u00fablico destinado a realizar cursos, semin\u00e1rios, congressos, simp\u00f3sios, pesquisas, estudos e publica\u00e7\u00f5es, visando o aprimoramento profissional e cultural dos membros da institui\u00e7\u00e3o, de seus auxiliares e servidores, bem como promover a execu\u00e7\u00e3o de servi\u00e7os e racionaliza\u00e7\u00e3o de seus recursos materiais.<\/span><\/p>\n<p style=\"text-align: justify;\" align=\"justify\" data-raofz=\"14\"><span style=\"font-size: 14pt;\" data-raofz=\"13\">\u201cEla tem a miss\u00e3o maior de promover a\u00e7\u00f5es que contribuam para o crescimento intelecto-profissional dos membros e servidores do Minist\u00e9rio P\u00fablico do Estado de Alagoas\u201d, garantiu o novo diretor.<\/span><\/p>\n","protected":false},"excerpt":{"rendered":"<p> [&hellip;]<\/p>\n","protected":false},"author":5,"featured_media":5928,"comment_status":"closed","ping_status":"closed","sticky":false,"template":"","format":"standard","meta":{"om_disable_all_campaigns":false,"_monsterinsights_skip_tracking":false,"_monsterinsights_sitenote_active":false,"_monsterinsights_sitenote_note":"","_monsterinsights_sitenote_category":0,"_uf_show_specific_survey":0,"_uf_disable_surveys":false,"footnotes":""},"categories":[19],"tags":[],"class_list":["post-5927","post","type-post","status-publish","format-standard","has-post-thumbnail","hentry","category-not_esmp"],"aioseo_notices":[],"_links":{"self":[{"href":"https:\/\/www.mpal.mp.br\/index.php?rest_route=\/wp\/v2\/posts\/5927","targetHints":{"allow":["GET"]}}],"collection":[{"href":"https:\/\/www.mpal.mp.br\/index.php?rest_route=\/wp\/v2\/posts"}],"about":[{"href":"https:\/\/www.mpal.mp.br\/index.php?rest_route=\/wp\/v2\/types\/post"}],"author":[{"embeddable":true,"href":"https:\/\/www.mpal.mp.br\/index.php?rest_route=\/wp\/v2\/users\/5"}],"replies":[{"embeddable":true,"href":"https:\/\/www.mpal.mp.br\/index.php?rest_route=%2Fwp%2Fv2%2Fcomments&post=5927"}],"version-history":[{"count":1,"href":"https:\/\/www.mpal.mp.br\/index.php?rest_route=\/wp\/v2\/posts\/5927\/revisions"}],"predecessor-version":[{"id":5929,"href":"https:\/\/www.mpal.mp.br\/index.php?rest_route=\/wp\/v2\/posts\/5927\/revisions\/5929"}],"wp:featuredmedia":[{"embeddable":true,"href":"https:\/\/www.mpal.mp.br\/index.php?rest_route=\/wp\/v2\/media\/5928"}],"wp:attachment":[{"href":"https:\/\/www.mpal.mp.br\/index.php?rest_route=%2Fwp%2Fv2%2Fmedia&parent=5927"}],"wp:term":[{"taxonomy":"category","embeddable":true,"href":"https:\/\/www.mpal.mp.br\/index.php?rest_route=%2Fwp%2Fv2%2Fcategories&post=5927"},{"taxonomy":"post_tag","embeddable":true,"href":"https:\/\/www.mpal.mp.br\/index.php?rest_route=%2Fwp%2Fv2%2Ftags&post=5927"}],"curies":[{"name":"wp","href":"https:\/\/api.w.org\/{rel}","templated":true}]}}