{"id":59069,"date":"2025-08-07T14:33:06","date_gmt":"2025-08-07T17:33:06","guid":{"rendered":"https:\/\/www.mpal.mp.br\/?p=59069"},"modified":"2025-08-07T14:36:48","modified_gmt":"2025-08-07T17:36:48","slug":"integrantes-de-orcrim-e-presos-na-operacao-senhor-do-sol-sao-condenados-a-mais-de-59-anos-de-prisao","status":"publish","type":"post","link":"https:\/\/www.mpal.mp.br\/?p=59069","title":{"rendered":"Integrantes de Orcrim e presos na Opera\u00e7\u00e3o Senhor do Sol s\u00e3o condenados a mais de 59 anos de pris\u00e3o"},"content":{"rendered":"<p class=\"western\" align=\"justify\"><span style=\"font-family: helvetica, arial, sans-serif; font-size: 12pt;\"><span style=\"color: #1f2123;\">Oito pessoas presas na Opera\u00e7\u00e3o Senhor do Sol, desencadeada pelo <\/span><span style=\"color: #000000;\">Grupo de Atua\u00e7\u00e3o Especial em Sonega\u00e7\u00e3o Fiscal e Lavagem de Bens (Gaesf), <\/span><span style=\"color: #1f2123;\">em dezembro de 2019, no munic\u00edpio de Arapiraca, e denunciadas pelo Minist\u00e9rio P\u00fablico de Alagoas (MPAL), em junho de 2022, <\/span><span style=\"color: #000000;\">foram condenadas pela pr\u00e1tica dos crimes de organiza\u00e7\u00e3o criminosa, falsidade ideol\u00f3gica, sonega\u00e7\u00e3o fiscal, lavagem de capitais e fraude processual. Somadas, as penas ultrapassam 59 anos <\/span><span style=\"color: #000000;\">de reclus\u00e3o, sendo que o l\u00edder da Orcrim foi apenado <\/span><span style=\"color: #000000;\"><span lang=\"pt-BR\">com<\/span><\/span><span style=\"color: #000000;\"> 10 anos e seis meses em regime fechado<\/span><span style=\"color: #000000;\">. A<\/span><span style=\"color: #000000;\">s a\u00e7\u00f5es criminosas <\/span> <span style=\"color: #1f2123;\">de<\/span><span style=\"color: #1f2123;\">ram<\/span><span style=\"color: #1f2123;\"> preju\u00edzo\u00a0 de R$ 108 milh\u00f5es aos cofres p\u00fablicos do Estado atrav\u00e9s de fraudes fiscais.<\/span><\/span><\/p>\n<p class=\"western\" align=\"justify\"><span style=\"color: #001d35; font-family: helvetica, arial, sans-serif; font-size: 12pt;\">De acordo com as investiga\u00e7\u00f5es, ao todo, o chefe da Orcrim comandava cerca de 58 empresas do ramo de atacadistas de alimentos e transportes, mantendo um extremo esquema de fraudes usando familiares como &#8220;laranjas&#8221;, &#8220;testas de ferro&#8221;, que figuravam como s\u00f3cios, al\u00e9m de pessoas falecidas, avatares e menores de idade. <\/span><\/p>\n<p class=\"western\" align=\"justify\"><span style=\"color: #1f2123; font-family: helvetica, arial, sans-serif; font-size: 12pt;\">Por meio delas, os integrantes cometiam a sonega\u00e7\u00e3o fiscal, realizavam o cancelamento fraudulento de um grande n\u00famero de documentos fiscais, al\u00e9m de n\u00e3o recolherem o ICMS por Substitui\u00e7\u00e3o Tribut\u00e1ria de diversas mercadorias comercializadas, usaram artif\u00edcios para burlar as regras do regime de benef\u00edcios fiscais de atacadistas.<\/span><\/p>\n<p class=\"western\" align=\"justify\"><span style=\"font-family: helvetica, arial, sans-serif; font-size: 12pt;\"><span style=\"color: #001d35;\">Durante a opera\u00e7\u00e3o, foram apreendidos ve\u00edculos, celulares, computadores, cerca de R$ 800 mil em dinheiro e cheques, al\u00e9m de documentos que refor\u00e7aram as provas contra os acusados. <\/span><span style=\"color: #333333;\">Na ocasi\u00e3o tamb\u00e9m foram apreendidas tr\u00eas toneladas de alimentos<\/span> <span style=\"color: #333333;\">e material de limpeza todos doados para entidades que trabalham com crian\u00e7as e adolescentes em condi\u00e7\u00e3o de vulnerabilidade social, idosos, pessoas com defici\u00eancia e reabilita\u00e7\u00e3o de dependentes qu\u00edmicos em sistema de interna\u00e7\u00e3o.<\/span><\/span><\/p>\n<p align=\"justify\"><span style=\"font-family: helvetica, arial, sans-serif; font-size: 12pt;\">O nome da opera\u00e7\u00e3o &#8220;Senhor do Sol&#8221; foi escolhido em refer\u00eancia ao chefe da Orcrim considerado um dos grandes comerciantes\u00a0 do Agreste alagoano, que iniciou suas atividades mercantis, com maioria das empresas envolvidas nos delitos relacionados, na famosa Rua do Sol, em Arapiraca, principal local do com\u00e9rcio atacadista de alimentos no interior de Alagoas. Durante a investida do GAesf foram cupridos mais d 150 mandados de busca e aprens\u00e3o, e pris\u00e3o.<\/span><\/p>\n<h4 class=\"western\" align=\"justify\"><\/h4>\n","protected":false},"excerpt":{"rendered":"<p> [&hellip;]<\/p>\n","protected":false},"author":8,"featured_media":36059,"comment_status":"open","ping_status":"open","sticky":false,"template":"","format":"standard","meta":{"om_disable_all_campaigns":false,"_monsterinsights_skip_tracking":false,"_monsterinsights_sitenote_active":false,"_monsterinsights_sitenote_note":"","_monsterinsights_sitenote_category":0,"_uf_show_specific_survey":0,"_uf_disable_surveys":false,"footnotes":""},"categories":[24],"tags":[],"class_list":["post-59069","post","type-post","status-publish","format-standard","has-post-thumbnail","hentry","category-not_gaesf"],"aioseo_notices":[],"_links":{"self":[{"href":"https:\/\/www.mpal.mp.br\/index.php?rest_route=\/wp\/v2\/posts\/59069","targetHints":{"allow":["GET"]}}],"collection":[{"href":"https:\/\/www.mpal.mp.br\/index.php?rest_route=\/wp\/v2\/posts"}],"about":[{"href":"https:\/\/www.mpal.mp.br\/index.php?rest_route=\/wp\/v2\/types\/post"}],"author":[{"embeddable":true,"href":"https:\/\/www.mpal.mp.br\/index.php?rest_route=\/wp\/v2\/users\/8"}],"replies":[{"embeddable":true,"href":"https:\/\/www.mpal.mp.br\/index.php?rest_route=%2Fwp%2Fv2%2Fcomments&post=59069"}],"version-history":[{"count":2,"href":"https:\/\/www.mpal.mp.br\/index.php?rest_route=\/wp\/v2\/posts\/59069\/revisions"}],"predecessor-version":[{"id":59071,"href":"https:\/\/www.mpal.mp.br\/index.php?rest_route=\/wp\/v2\/posts\/59069\/revisions\/59071"}],"wp:featuredmedia":[{"embeddable":true,"href":"https:\/\/www.mpal.mp.br\/index.php?rest_route=\/wp\/v2\/media\/36059"}],"wp:attachment":[{"href":"https:\/\/www.mpal.mp.br\/index.php?rest_route=%2Fwp%2Fv2%2Fmedia&parent=59069"}],"wp:term":[{"taxonomy":"category","embeddable":true,"href":"https:\/\/www.mpal.mp.br\/index.php?rest_route=%2Fwp%2Fv2%2Fcategories&post=59069"},{"taxonomy":"post_tag","embeddable":true,"href":"https:\/\/www.mpal.mp.br\/index.php?rest_route=%2Fwp%2Fv2%2Ftags&post=59069"}],"curies":[{"name":"wp","href":"https:\/\/api.w.org\/{rel}","templated":true}]}}