{"id":5891,"date":"2020-12-16T08:56:22","date_gmt":"2020-12-16T11:56:22","guid":{"rendered":"https:\/\/www.mpal.mp.br\/?p=5891"},"modified":"2022-05-24T08:56:43","modified_gmt":"2022-05-24T11:56:43","slug":"ministerio-publico-recomenda-a-prefeitos-alagoanos-que-se-abstenham-de-fazer-eventos-de-final-de-ano-e-posses-festivas","status":"publish","type":"post","link":"https:\/\/www.mpal.mp.br\/?p=5891","title":{"rendered":"Minist\u00e9rio P\u00fablico recomenda a prefeitos alagoanos que se abstenham de fazer eventos de final de ano e posses festivas"},"content":{"rendered":"<p lang=\"pt-PT\" style=\"text-align: justify;\" align=\"left\" data-raofz=\"14\"><span style=\"font-size: 14pt;\" data-raofz=\"13\">O Minist\u00e9rio P\u00fablico do Estado de Alagoas (MPAL) expediu recomenda\u00e7\u00e3o, nessa ter\u00e7a-feira (15), aos prefeitos dos 102 munic\u00edpios para que eles n\u00e3o promovam nenhum tipo de festividade no final deste ano de 2020 e nem no in\u00edcio de 2021, com a realiza\u00e7\u00e3o de posses comemorativas. A orienta\u00e7\u00e3o \u00e9 para que as cerim\u00f4nias ocorram apenas de forma cartorial. A orienta\u00e7\u00e3o partiu da for\u00e7a-tarefa (FT contra a Covid-19) do \u00f3rg\u00e3o ministerial em raz\u00e3o do aumento de pessoas contaminadas pelo novo coronav\u00edrus.<\/span><\/p>\n<p style=\"text-align: justify;\" align=\"left\" data-raofz=\"14\"><span style=\"font-size: 14pt;\" data-raofz=\"13\">O of\u00edcio n\u00ba454\/2020, assinado pelo procurador-geral de Justi\u00e7a, M\u00e1rcio Roberto Ten\u00f3rio de Albuquerque, pelo subprocurador-geral administrativo institucional, Valter Acioly, e por todos os promotores de Justi\u00e7a integrantes da FT do MPAL, foi encaminhado \u00e0 presidente da Associa\u00e7\u00e3o dos Munic\u00edpios Alagoanos (AMA), Pauline de F\u00e1tima Pereira Albuquerque, para que ela, por meio da entidade que representa, compartilhe o documento com os demais prefeitos.<\/span><\/p>\n<p style=\"text-align: justify;\" align=\"left\" data-raofz=\"14\"><span style=\"font-size: 14pt;\" data-raofz=\"13\">O primeiro item da recomenda\u00e7\u00e3o pede que os gestores \u201cse abstenham de realizar quaisquer festividades p\u00fablicas pertinentes ao Natal, r\u00e9veillon e\/ou comemora\u00e7\u00e3o da posse dos prefeitos e vereadores eleitos, determinando o cancelamento de contratos, publica\u00e7\u00e3o de editais ou qualquer tipo de despesa, repasses, patroc\u00ednios ou qualquer forma de destina\u00e7\u00e3o de recursos p\u00fablicos para tal fim, inclusive contrata\u00e7\u00e3o de shows pirot\u00e9cnicos, musicais ou art\u00edsticos e demais tipos de eventos\u201d.<\/span><\/p>\n<p lang=\"pt-PT\" style=\"text-align: justify;\" align=\"justify\" data-raofz=\"14\"><span style=\"font-size: 14pt;\" data-raofz=\"13\">A for\u00e7a-tarefa tamb\u00e9m recomenda que eles n\u00e3o concedam autoriza\u00e7\u00f5es ou licen\u00e7as para a utiliza\u00e7\u00e3o de qualquer espa\u00e7o p\u00fablico ou privado para a realiza\u00e7\u00e3o de festas particulares, com ou sem cobran\u00e7a de ingressos, que estejam em desacordo com o Decreto Estadual n\u00ba. 71.749, de 20 de outubro de2020.<\/span><\/p>\n<p style=\"text-align: justify;\" data-raofz=\"14\"><span style=\"font-size: 14pt;\" data-raofz=\"13\"><strong>Prazo de cinco dias<\/strong><\/span><\/p>\n<p lang=\"pt-PT\" style=\"text-align: justify;\" align=\"justify\" data-raofz=\"14\"><span style=\"font-size: 14pt;\" data-raofz=\"14\">Dentro de cinco dias ap\u00f3s o recebimento da referida recomenda\u00e7\u00e3o, todos os prefeitos dever\u00e3o informar ao promotor de Justi\u00e7a do seu munic\u00edpio acerca do acatamento ou n\u00e3o dos termos daquilo que foi orientado pelo Minist\u00e9rio P\u00fablico. Em caso de acolhimento ao documento, os gestores dever\u00e3o encaminhar tamb\u00e9m, nesse mesmo prazo, informa\u00e7\u00f5es sobre as provid\u00eancias que ser\u00e3o adotadas para\u00a0o seu\u00a0devido\u00a0cumprimento.<\/span><\/p>\n<p style=\"text-align: justify;\" align=\"justify\" data-raofz=\"14\"><span style=\"font-size: 14pt;\">A aus\u00eancia de observ\u00e2ncia das medidas\u00a0recomendadas\u00a0pelo MPAL\u00a0poder\u00e1 acarretar na ado\u00e7\u00e3o das\u00a0provid\u00eancias judiciais pertinentes\u00a0ao caso.\u00a0Para expedir a recomenda\u00e7\u00e3o, o Minist\u00e9rio P\u00fablico levou em considera\u00e7\u00e3o os dados recentes, divulgados pelo governo de Alagoas, que apontam o crescimento de mais pessoas contaminadas com a Covid-19, al\u00e9m, claro, do estado de pandemia ainda continuar vigorando por parte da Organiza\u00e7\u00e3o Mundial de Sa\u00fade.<\/span><\/p>\n","protected":false},"excerpt":{"rendered":"<p> [&hellip;]<\/p>\n","protected":false},"author":5,"featured_media":5892,"comment_status":"open","ping_status":"open","sticky":false,"template":"","format":"standard","meta":{"om_disable_all_campaigns":false,"_monsterinsights_skip_tracking":false,"_monsterinsights_sitenote_active":false,"_monsterinsights_sitenote_note":"","_monsterinsights_sitenote_category":0,"_uf_show_specific_survey":0,"_uf_disable_surveys":false,"footnotes":""},"categories":[2],"tags":[],"class_list":["post-5891","post","type-post","status-publish","format-standard","has-post-thumbnail","hentry","category-not_mpal"],"aioseo_notices":[],"_links":{"self":[{"href":"https:\/\/www.mpal.mp.br\/index.php?rest_route=\/wp\/v2\/posts\/5891","targetHints":{"allow":["GET"]}}],"collection":[{"href":"https:\/\/www.mpal.mp.br\/index.php?rest_route=\/wp\/v2\/posts"}],"about":[{"href":"https:\/\/www.mpal.mp.br\/index.php?rest_route=\/wp\/v2\/types\/post"}],"author":[{"embeddable":true,"href":"https:\/\/www.mpal.mp.br\/index.php?rest_route=\/wp\/v2\/users\/5"}],"replies":[{"embeddable":true,"href":"https:\/\/www.mpal.mp.br\/index.php?rest_route=%2Fwp%2Fv2%2Fcomments&post=5891"}],"version-history":[{"count":1,"href":"https:\/\/www.mpal.mp.br\/index.php?rest_route=\/wp\/v2\/posts\/5891\/revisions"}],"predecessor-version":[{"id":5894,"href":"https:\/\/www.mpal.mp.br\/index.php?rest_route=\/wp\/v2\/posts\/5891\/revisions\/5894"}],"wp:featuredmedia":[{"embeddable":true,"href":"https:\/\/www.mpal.mp.br\/index.php?rest_route=\/wp\/v2\/media\/5892"}],"wp:attachment":[{"href":"https:\/\/www.mpal.mp.br\/index.php?rest_route=%2Fwp%2Fv2%2Fmedia&parent=5891"}],"wp:term":[{"taxonomy":"category","embeddable":true,"href":"https:\/\/www.mpal.mp.br\/index.php?rest_route=%2Fwp%2Fv2%2Fcategories&post=5891"},{"taxonomy":"post_tag","embeddable":true,"href":"https:\/\/www.mpal.mp.br\/index.php?rest_route=%2Fwp%2Fv2%2Ftags&post=5891"}],"curies":[{"name":"wp","href":"https:\/\/api.w.org\/{rel}","templated":true}]}}