{"id":5881,"date":"2020-12-18T08:50:04","date_gmt":"2020-12-18T11:50:04","guid":{"rendered":"https:\/\/www.mpal.mp.br\/?p=5881"},"modified":"2022-05-24T08:50:27","modified_gmt":"2022-05-24T11:50:27","slug":"pgj-marcio-roberto-tenorio-assina-contrato-para-construcao-do-mp-de-palmeira-dos-indios","status":"publish","type":"post","link":"https:\/\/www.mpal.mp.br\/?p=5881","title":{"rendered":"PGJ M\u00e1rcio Roberto Ten\u00f3rio assina contrato para constru\u00e7\u00e3o do MP de Palmeira dos \u00cdndios"},"content":{"rendered":"<p style=\"text-align: justify;\" data-raofz=\"14\"><span style=\"font-size: 14pt;\" data-raofz=\"13\">Foi dado o pontap\u00e9 inicial. Nesta sexta-feira (18), o procurador-geral de justi\u00e7a, M\u00e1rcio Roberto Ten\u00f3rio de Albuquerque, assinou a contrato no valor de R$ Valor R$ 2,8 milh\u00f5es para a constru\u00e7\u00e3o da sede das Promotorias de Justi\u00e7a de Palmeira dos \u00cdndios, munic\u00edpio localizado no agreste alagoano. As obras no terreno, que foi doado pela Prefeitura Municipal daquela cidade, j\u00e1 come\u00e7ar\u00e3o neste m\u00eas de dezembro. A previs\u00e3o \u00e9 que o novo pr\u00e9dio seja inaugurado ainda no primeiro semestre de 2021 para oferecer aos palmeirenses um espa\u00e7o com mais conforto e comodidade.<\/span><\/p>\n<p style=\"text-align: justify;\" data-raofz=\"14\"><span style=\"font-size: 14pt;\" data-raofz=\"13\">A constru\u00e7\u00e3o do pr\u00e9dio que abrigar\u00e1 as seis Promotorias de Justi\u00e7a de Palmeira dos \u00cdndios come\u00e7ar\u00e3o at\u00e9 o final deste m\u00eas. \u201cInicialmente, queremos agradecer a Prefeitura de Palmeira dos \u00cdndios que cedeu o terreno para que o Minist\u00e9rio P\u00fablico pudesse erguer sua sede pr\u00f3pria na cidade. E quero garantir que este im\u00f3vel vai assegurar um melhor atendimento para os moradores, uma vez que eles ser\u00e3o recebidos num espa\u00e7o mais confort\u00e1vel e c\u00f4modo\u201d, disse M\u00e1rcio Roberto Ten\u00f3rio de Albuquerque.<\/span><\/p>\n<p style=\"text-align: justify;\" data-raofz=\"14\"><span style=\"font-size: 14pt;\" data-raofz=\"13\">\u201cAt\u00e9 o final do pr\u00f3ximo semestre estaremos naquele munic\u00edpio para entregar \u00e0 popula\u00e7\u00e3o palmeirense esse equipamento important\u00edssimo. Ser\u00e1 l\u00e1, pelas portas que vamos construir, que as pessoas v\u00e3o entrar com seus problemas e sair\u00e3o, ou com eles j\u00e1 resolvidos, ou com a certeza de que a institui\u00e7\u00e3o n\u00e3o os abandonar\u00e1 at\u00e9 a solu\u00e7\u00e3o de suas demandas\u201d, garantiu o chefe do MPAL.<\/span><\/p>\n<p style=\"text-align: justify;\" data-raofz=\"14\"><span style=\"font-size: 14pt;\" data-raofz=\"13\">A constru\u00e7\u00e3o do novo Minist\u00e9rio P\u00fablico de Palmeira custar\u00e1 R$ 2,8 milh\u00f5es. O momento da assinatura da contrato foi prestigiado pelo engenheiro do \u00f3rg\u00e3o ministerial que acompanhar\u00e1 os trabalhos, Jo\u00e3o Elias, e por um representante da SPS Constru\u00e7\u00f5es e Empreendimentos Eireli, empresa que far\u00e1 a obra.<\/span><\/p>\n<p style=\"text-align: justify;\" data-raofz=\"14\"><span style=\"font-size: 14pt;\"><strong>Como ser\u00e1 a nova sede<\/strong><\/span><\/p>\n<p style=\"text-align: justify;\" data-raofz=\"14\"><span style=\"font-size: 14pt;\" data-raofz=\"13\">O pr\u00e9dio vai contar com uma \u00e1rea constru\u00edda de aproximadamente mil metros quadrados, contendo v\u00e1rios ambientes, a exemplo das seis Promotorias de Justi\u00e7a, j\u00e1 com assessoria integrada, uma sala de audi\u00eancia, seis banheiros, sendo dois deles adaptados para cadeirantes, uma copa cozinha, uma \u00e1rea de servi\u00e7o, um centro de processamento de dados \u2013 CPD, uma recep\u00e7\u00e3o e 11 vagas de estacionamento cobertas, com guarita.<\/span><\/p>\n","protected":false},"excerpt":{"rendered":"<p> [&hellip;]<\/p>\n","protected":false},"author":5,"featured_media":5883,"comment_status":"open","ping_status":"open","sticky":false,"template":"","format":"standard","meta":{"om_disable_all_campaigns":false,"_monsterinsights_skip_tracking":false,"_monsterinsights_sitenote_active":false,"_monsterinsights_sitenote_note":"","_monsterinsights_sitenote_category":0,"_uf_show_specific_survey":0,"_uf_disable_surveys":false,"footnotes":""},"categories":[2],"tags":[],"class_list":["post-5881","post","type-post","status-publish","format-standard","has-post-thumbnail","hentry","category-not_mpal"],"aioseo_notices":[],"_links":{"self":[{"href":"https:\/\/www.mpal.mp.br\/index.php?rest_route=\/wp\/v2\/posts\/5881","targetHints":{"allow":["GET"]}}],"collection":[{"href":"https:\/\/www.mpal.mp.br\/index.php?rest_route=\/wp\/v2\/posts"}],"about":[{"href":"https:\/\/www.mpal.mp.br\/index.php?rest_route=\/wp\/v2\/types\/post"}],"author":[{"embeddable":true,"href":"https:\/\/www.mpal.mp.br\/index.php?rest_route=\/wp\/v2\/users\/5"}],"replies":[{"embeddable":true,"href":"https:\/\/www.mpal.mp.br\/index.php?rest_route=%2Fwp%2Fv2%2Fcomments&post=5881"}],"version-history":[{"count":1,"href":"https:\/\/www.mpal.mp.br\/index.php?rest_route=\/wp\/v2\/posts\/5881\/revisions"}],"predecessor-version":[{"id":5884,"href":"https:\/\/www.mpal.mp.br\/index.php?rest_route=\/wp\/v2\/posts\/5881\/revisions\/5884"}],"wp:featuredmedia":[{"embeddable":true,"href":"https:\/\/www.mpal.mp.br\/index.php?rest_route=\/wp\/v2\/media\/5883"}],"wp:attachment":[{"href":"https:\/\/www.mpal.mp.br\/index.php?rest_route=%2Fwp%2Fv2%2Fmedia&parent=5881"}],"wp:term":[{"taxonomy":"category","embeddable":true,"href":"https:\/\/www.mpal.mp.br\/index.php?rest_route=%2Fwp%2Fv2%2Fcategories&post=5881"},{"taxonomy":"post_tag","embeddable":true,"href":"https:\/\/www.mpal.mp.br\/index.php?rest_route=%2Fwp%2Fv2%2Ftags&post=5881"}],"curies":[{"name":"wp","href":"https:\/\/api.w.org\/{rel}","templated":true}]}}