{"id":5858,"date":"2021-12-01T08:42:40","date_gmt":"2021-12-01T11:42:40","guid":{"rendered":"https:\/\/www.mpal.mp.br\/?p=5858"},"modified":"2022-05-24T08:44:15","modified_gmt":"2022-05-24T11:44:15","slug":"ft-do-ministerio-publico-recomenda-que-prefeitos-se-abstenham-de-promover-reveillons-publicos-em-alagoas","status":"publish","type":"post","link":"https:\/\/www.mpal.mp.br\/?p=5858","title":{"rendered":"FT do Minist\u00e9rio P\u00fablico recomenda que prefeitos se abstenham de promover r\u00e9veillons p\u00fablicos em Alagoas"},"content":{"rendered":"<p style=\"text-align: justify;\" data-raofz=\"14\"><span style=\"font-size: 14pt;\" data-raofz=\"13\">A For\u00e7a-tarefa de Combate e Enfrentamento \u00e0 Covid-19 do Minist\u00e9rio P\u00fablico do Estado de Alagoas recomendou, nesta quarta-feira (1), \u00e0 Associa\u00e7\u00e3o dos Munic\u00edpios Alagoanos (AMA) que oriente os prefeitos a se absterem de realizar os festejos alusivos ao r\u00e9veillon 2022. Argumentando que a mais recente variante do novo coronav\u00edrus pode ter um grau maior de cont\u00e1gio, o colegiado est\u00e1 preocupado com a possibilidade das aglomera\u00e7\u00f5es ocorrerem sem a aplica\u00e7\u00e3o de quaisquer medidas de seguran\u00e7a, o que poder\u00e1 fazer com o que o estado volte a ter um alto n\u00famero de contaminados.<\/span><\/p>\n<p style=\"text-align: justify;\" data-raofz=\"14\"><span style=\"font-size: 14pt;\" data-raofz=\"13\">Na recomenda\u00e7\u00e3o, o procurador-geral de Justi\u00e7a, M\u00e1rcio Roberto Ten\u00f3rio de Albuquerque, e todos os demais procuradores de promotores de Justi\u00e7a que integram a for\u00e7a-tarefa, orientaram \u00e0 presid\u00eancia da AMA que divulgue e encaminhe o referido documento, no prazo m\u00e1ximo de at\u00e9 cinco dias, aos prefeitos dos 102 munic\u00edpios alagoanos. \u00c9 nele que est\u00e1 recomendada a seguinte provid\u00eancia: que os gestores se abstenham de realizar quaisquer festividades p\u00fablicas pertinentes ao Natal e r\u00e9veillon, uma vez que, al\u00e9m das aglomera\u00e7\u00f5es, os eventos incidir\u00e3o em gastos de recursos p\u00fablicos.<\/span><\/p>\n<p style=\"text-align: justify;\" data-raofz=\"14\"><span style=\"font-size: 14pt;\" data-raofz=\"13\">Os prefeitos ter\u00e3o prazo de cinco dias para comunicar ao promotor da sua comarca acerca do acatamento ou n\u00e3o dos termos da recomenda\u00e7\u00e3o. Em caso do n\u00e3o acolhimento, o of\u00edcio da administra\u00e7\u00e3o p\u00fablica dever\u00e1 trazer as raz\u00f5es pertinentes ao caso que, na sequ\u00eancia, ser\u00e3o analisadas por cada promotor respons\u00e1vel.<\/span><\/p>\n<p style=\"text-align: justify;\" data-raofz=\"14\"><span style=\"font-size: 14pt;\" data-raofz=\"13\"><strong>Os argumentos<\/strong><\/span><\/p>\n<p style=\"text-align: justify;\" data-raofz=\"14\"><span style=\"font-size: 14pt;\" data-raofz=\"13\">Dentre os argumentados apresentados pelo MPAL, est\u00e1 o fato de que diversas capitais e cidades brasileiras cancelaram as festividades de r\u00e9veillon, mesmo com um \u00edndice razo\u00e1vel de vacina\u00e7\u00f5es contra a Covid-19 e de interna\u00e7\u00f5es e \u00f3bitos em patamares est\u00e1veis, com o escopo de conter o avan\u00e7a da nova variante \u00f4microm.<\/span><\/p>\n<p style=\"text-align: justify;\" data-raofz=\"14\"><span style=\"font-size: 14pt;\" data-raofz=\"13\">Al\u00e9m disso, a FT tomou como base a nota oficial publicada pelo Sindicato dos M\u00e9dicos de Alagoas, no \u00faltimo dia 29, que conclamou a \u201cpopula\u00e7\u00e3o em geral a evitar aglomera\u00e7\u00f5es, para festejar depois, num cen\u00e1rio mais seguro\u201d.<\/span><\/p>\n<p style=\"text-align: justify;\" data-raofz=\"14\"><span style=\"font-size: 14pt;\" data-raofz=\"13\">A respeito das festas privadas, a orienta\u00e7\u00e3o do Minist\u00e9rio P\u00fablico para as prefeituras \u00e9 que \u201cs\u00f3 sejam concedidas autoriza\u00e7\u00f5es para a realiza\u00e7\u00e3o de eventos particulares caso haja efetiva comprova\u00e7\u00e3o de cumprimento das regras estabelecidas no protocolo sanit\u00e1rio de distanciamento social controlado\u201d.<\/span><\/p>\n","protected":false},"excerpt":{"rendered":"<p> [&hellip;]<\/p>\n","protected":false},"author":1,"featured_media":5863,"comment_status":"open","ping_status":"open","sticky":false,"template":"","format":"standard","meta":{"om_disable_all_campaigns":false,"_monsterinsights_skip_tracking":false,"_monsterinsights_sitenote_active":false,"_monsterinsights_sitenote_note":"","_monsterinsights_sitenote_category":0,"_uf_show_specific_survey":0,"_uf_disable_surveys":false,"footnotes":""},"categories":[2],"tags":[],"class_list":["post-5858","post","type-post","status-publish","format-standard","has-post-thumbnail","hentry","category-not_mpal"],"aioseo_notices":[],"_links":{"self":[{"href":"https:\/\/www.mpal.mp.br\/index.php?rest_route=\/wp\/v2\/posts\/5858","targetHints":{"allow":["GET"]}}],"collection":[{"href":"https:\/\/www.mpal.mp.br\/index.php?rest_route=\/wp\/v2\/posts"}],"about":[{"href":"https:\/\/www.mpal.mp.br\/index.php?rest_route=\/wp\/v2\/types\/post"}],"author":[{"embeddable":true,"href":"https:\/\/www.mpal.mp.br\/index.php?rest_route=\/wp\/v2\/users\/1"}],"replies":[{"embeddable":true,"href":"https:\/\/www.mpal.mp.br\/index.php?rest_route=%2Fwp%2Fv2%2Fcomments&post=5858"}],"version-history":[{"count":2,"href":"https:\/\/www.mpal.mp.br\/index.php?rest_route=\/wp\/v2\/posts\/5858\/revisions"}],"predecessor-version":[{"id":5878,"href":"https:\/\/www.mpal.mp.br\/index.php?rest_route=\/wp\/v2\/posts\/5858\/revisions\/5878"}],"wp:featuredmedia":[{"embeddable":true,"href":"https:\/\/www.mpal.mp.br\/index.php?rest_route=\/wp\/v2\/media\/5863"}],"wp:attachment":[{"href":"https:\/\/www.mpal.mp.br\/index.php?rest_route=%2Fwp%2Fv2%2Fmedia&parent=5858"}],"wp:term":[{"taxonomy":"category","embeddable":true,"href":"https:\/\/www.mpal.mp.br\/index.php?rest_route=%2Fwp%2Fv2%2Fcategories&post=5858"},{"taxonomy":"post_tag","embeddable":true,"href":"https:\/\/www.mpal.mp.br\/index.php?rest_route=%2Fwp%2Fv2%2Ftags&post=5858"}],"curies":[{"name":"wp","href":"https:\/\/api.w.org\/{rel}","templated":true}]}}