{"id":5852,"date":"2021-12-01T08:35:18","date_gmt":"2021-12-01T11:35:18","guid":{"rendered":"https:\/\/www.mpal.mp.br\/?p=5852"},"modified":"2022-05-24T08:35:53","modified_gmt":"2022-05-24T11:35:53","slug":"procurador-geral-de-justica-reinaugura-sede-da-promotoria-de-justica-em-matriz-e-assina-ordem-de-servico-para-a-construcao-de-sede-em-atalaia","status":"publish","type":"post","link":"https:\/\/www.mpal.mp.br\/?p=5852","title":{"rendered":"Procurador-geral de Justi\u00e7a reinaugura sede da Promotoria de Justi\u00e7a em Matriz e assina ordem de servi\u00e7o para a constru\u00e7\u00e3o de sede em Atalaia"},"content":{"rendered":"<p style=\"text-align: justify;\" align=\"justify\" data-raofz=\"14\"><span style=\"font-size: 14pt;\" data-raofz=\"13\">H\u00e1 tempo e plantar e tempo de colher, assim o Minist\u00e9rio P\u00fablico do Estado de Alagoas tem avan\u00e7ado e procurado um trato de respeito a seus membros e servidores. Nesta quarta-feira (1\u00ba), na agenda do procurador-geral de Justi\u00e7a, M\u00e1rcio Roberto Ten\u00f3rio de Albuquerque, foram programadas a reinaugura\u00e7\u00e3o da sede da Promotoria de Justi\u00e7a, na cidade de Matriz do Camaragibe, e a assinatura do Termo de Servi\u00e7o para constru\u00e7\u00e3o da sede das Promotorias de Justi\u00e7a em Atalaia. Em ambos, o chefe ministerial esteve acompanhado dos promotores naturais, Francisca Paula, Bruno Baptista e tamb\u00e9m do promotor de Justi\u00e7a El\u00edsio Maia. No Litoral Norte contou com a presen\u00e7a do presidente da Associa\u00e7\u00e3o do Minist\u00e9rio P\u00fablico (Ampal), Roberto Salom\u00e3o. No evento, a frente de honra, al\u00e9m dos representantes institucionais, contou com o prefeito, Fernando Cavalcante, e o ex-deputado C\u00edcero Cavalcante. Secret\u00e1rios municipais e a procuradora-geral do Munic\u00edpio tamb\u00e9m marcaram presen\u00e7a.<\/span><\/p>\n<p style=\"text-align: justify;\" align=\"justify\" data-raofz=\"14\"><span style=\"font-size: 14pt;\" data-raofz=\"13\">M\u00e1rcio Roberto enfatizou a import\u00e2ncia de reestruturar a sede em Matriz do Camaragibe, ressaltando a palavra dignidade.<\/span><\/p>\n<p style=\"text-align: justify;\" align=\"justify\" data-raofz=\"14\"><span style=\"font-size: 14pt;\" data-raofz=\"13\">\u201cEntendemos, desde o in\u00edcio, que precisar\u00edamos acomodar nossos membros e servidores a altura da compet\u00eancia, da doa\u00e7\u00e3o de cada um. Que t\u00ednhamos de ofertar um local digno onde pudessem desempenhar suas atividades motivados e sentindo-se respeitados. Passamos pela dura prova de conviver com a Covid, o que retardou muita coisa, mas era preciso insistir e arcar com nossos compromissos, este \u00e9 um deles. Entregamos um pr\u00e9dio totalmente reformado, modernizado, pronto tamb\u00e9m para melhor atender o cidad\u00e3o que nos procura e merece aten\u00e7\u00e3o, buscamos um Minist\u00e9rio P\u00fablico moderno, onde todos sintam orgulho de pertenc\u00ea-lo.<\/span><br \/>\n<span style=\"font-size: 14pt;\" data-raofz=\"13\">\u201d, declara o procurador-geral de Justi\u00e7a.<\/span><\/p>\n<p style=\"text-align: justify;\" align=\"justify\" data-raofz=\"14\"><span style=\"font-size: 14pt;\" data-raofz=\"13\">O presidente da Ampal, promotor de Justi\u00e7a, Roberto Salom\u00e3o, enalteceu o trabalho do chefe do Minist\u00e9rio P\u00fablico.<\/span><\/p>\n<p style=\"text-align: justify;\" align=\"justify\" data-raofz=\"14\"><span style=\"font-size: 14pt;\" data-raofz=\"13\">\u201cQuero parabenizar o procurador-geral que n\u00e3o medido esfor\u00e7os para que o Minist\u00e9rio P\u00fablico se torne cada vez melhor. Posso afirmar que tenho acompanhado o dia a dia e registrado um volume enorme de a\u00e7\u00f5es que s\u00f3 engrandecem nossa institui\u00e7\u00e3o\u201d, diz Salom\u00e3o.<\/span><\/p>\n<p style=\"text-align: justify;\" align=\"justify\" data-raofz=\"14\"><span style=\"font-size: 14pt;\"><strong>Reestrutura\u00e7\u00e3o em Matriz<\/strong><\/span><\/p>\n<p style=\"text-align: justify;\" align=\"justify\" data-raofz=\"14\"><span style=\"font-size: 14pt;\" data-raofz=\"13\">Para se ter ideia da transforma\u00e7\u00e3o da Promotoria de Justi\u00e7a de Matriz de Camaragibe apresentamos um resumo. O pr\u00e9dio estava com in\u00fameros danos por conta de falhas na impermeabiliza\u00e7\u00e3o e com problemas no encanamento hidr\u00e1ulico e pluvial da constru\u00e7\u00e3o. O foco da reforma, al\u00e9m de melhorar as condi\u00e7\u00f5es de uso dos funcion\u00e1rios e da comunidade, foi garantir a prote\u00e7\u00e3o duradoura contra as intemp\u00e9ries e os per\u00edodos chuvosos, renovando todo o sistema de coberta e impermeabiliza\u00e7\u00e3o. Al\u00e9m disso, renovou-se a pintura interna e externa do pr\u00e9dio, bem como todo o piso de concreto dos passeios e cal\u00e7ada.<\/span><\/p>\n<p style=\"text-align: justify;\" align=\"justify\" data-raofz=\"14\"><span style=\"font-size: 14pt;\" data-raofz=\"13\">A fim de garantir a qualidade da \u00e1gua consumida, foi efetuada a troca da caixa d\u2019\u00e1gua e o fechamento da cisterna do pr\u00e9dio, que anteriormente ficava exposta \u00e0 entrada de poeira e insetos que pudessem passar pela portinhola. Ainda sobre a seguran\u00e7a dos usu\u00e1rios, foi constru\u00edda uma casa de g\u00e1s externa \u00e0 copa, no intuito de retirar o botij\u00e3o de g\u00e1s que ficava instalado dentro do pr\u00e9dio. No quesito acessibilidade, foi instalado um vaso sanit\u00e1rio para PCD em conjunto com duas barras de apoio. Houve troca de 100% do madeiramento e das telhas de fibrocimento, demoli\u00e7\u00e3o e recomposi\u00e7\u00e3o do rufo de concreto, renova\u00e7\u00e3o do revestimento de concreto das calhas para impedir a continuidade de fissuras e microfissuras, instala\u00e7\u00e3o de chapim para evitar futuros danos por infiltra\u00e7\u00e3o \uf0b7 Renova\u00e7\u00e3o de 100% da cobertura de manta asf\u00e1ltica.<\/span><\/p>\n<p style=\"text-align: justify;\" align=\"justify\" data-raofz=\"14\"><span style=\"font-size: 14pt;\" data-raofz=\"13\">Foi renovado todo o revestimento de concreto dos passeios, rampa e cal\u00e7ada, tamb\u00e9m realizada a troca dos quadros de medi\u00e7\u00e3o e distribui\u00e7\u00e3o, com novos disjuntores e a correta identifica\u00e7\u00e3o, colocados os espelhos nas tomadas . Foi feita a limpeza e pintura dos gradis de ferro, a troca de ma\u00e7aneta da porta do banheiro , de cano pluvial quebrado (motivo de infiltra\u00e7\u00e3o no forro da escada) , troca de reparo de vaso sanit\u00e1rio, de joelho hidr\u00e1ulico do reservat\u00f3rio superior (motivo de infiltra\u00e7\u00e3o do forro do 1\u00ba andar), limpeza do reservat\u00f3rio inferior (cisterna), bem como renova\u00e7\u00e3o da manta asf\u00e1ltica,<\/span><\/p>\n<p style=\"text-align: justify;\" align=\"justify\" data-raofz=\"14\"><span style=\"font-size: 14pt;\" data-raofz=\"13\">O pr\u00e9dio tamb\u00e9m passou pela troca de bancada da copa e coloca\u00e7\u00e3o de nova bancada de granito para servir de apoio a quem utilizar o fog\u00e3o, foi feita a substitui\u00e7\u00e3o do vaso sanit\u00e1rio do banheiro para deficientes, com a instala\u00e7\u00e3o de vaso adequado e barras de apoio, feita a instala\u00e7\u00e3o de chapas para fechamento do reservat\u00f3rio inferior, de modo a garantir a conserva\u00e7\u00e3o da qualidade da \u00e1gua e a f\u00e1cil manuten\u00e7\u00e3o. Foi trocado forro de gesso da \u00e1rea da escada e da sala de espera do 1\u00ba andar, pois estava desgastado a ponto de ter desabado. Finalizando, houve a renova\u00e7\u00e3o de toda a pintura interna (paredes, portas e forro) e externa, dos muros, aplica\u00e7\u00e3o de mastique (como selador de trinca) nas regi\u00f5es da onde havia grande incid\u00eancia de fissuras mapeadas (fachada direita e lado esquerdo do reservat\u00f3rio superior) .<\/span><\/p>\n<p style=\"text-align: justify;\" align=\"justify\" data-raofz=\"14\"><span style=\"font-size: 14pt;\"><strong>Atalaia<\/strong><\/span><\/p>\n<p style=\"text-align: justify;\" align=\"justify\" data-raofz=\"14\"><span style=\"font-size: 14pt;\" data-raofz=\"13\">Em Atalaia, o procurador-geral de Justi\u00e7a, com os promotores de Justi\u00e7a, Bruno Baptista e El\u00edsio Maia, assinou o Termo de Servi\u00e7o para o in\u00edcio da constru\u00e7\u00e3o do pr\u00e9dio-sede das Promotorias de Justi\u00e7a. A prefeita Cec\u00edlia Herman, os procuradores-gerais do Munic\u00edpio, M\u00e1rcio Roberto J\u00fanior e Nicolas Costa, prestigiaram a solenidade.<\/span><\/p>\n<p style=\"text-align: justify;\" align=\"justify\" data-raofz=\"14\"><span style=\"font-size: 14pt;\" data-raofz=\"13\">\u201cO que posso dizer \u00e9 que sinto um orgulho tremendo de saber que temos cumprido com o prometido e assinar esse termo de servi\u00e7o, nesta tarde, muito me honra. Posso olhar para os nossos promotores com a certeza de que estar\u00e3o melhor acomodados, num lugar justo, bem projetado para o bem de todos. E acreditamos que fa\u00e7a a diferen\u00e7a, porque trabalhar num saud\u00e1vel, limpo, novo, com acessibilidade, motiva.<\/span><\/p>\n","protected":false},"excerpt":{"rendered":"<p> [&hellip;]<\/p>\n","protected":false},"author":1,"featured_media":5854,"comment_status":"open","ping_status":"open","sticky":false,"template":"","format":"standard","meta":{"om_disable_all_campaigns":false,"_monsterinsights_skip_tracking":false,"_monsterinsights_sitenote_active":false,"_monsterinsights_sitenote_note":"","_monsterinsights_sitenote_category":0,"_uf_show_specific_survey":0,"_uf_disable_surveys":false,"footnotes":""},"categories":[2],"tags":[],"class_list":["post-5852","post","type-post","status-publish","format-standard","has-post-thumbnail","hentry","category-not_mpal"],"aioseo_notices":[],"_links":{"self":[{"href":"https:\/\/www.mpal.mp.br\/index.php?rest_route=\/wp\/v2\/posts\/5852","targetHints":{"allow":["GET"]}}],"collection":[{"href":"https:\/\/www.mpal.mp.br\/index.php?rest_route=\/wp\/v2\/posts"}],"about":[{"href":"https:\/\/www.mpal.mp.br\/index.php?rest_route=\/wp\/v2\/types\/post"}],"author":[{"embeddable":true,"href":"https:\/\/www.mpal.mp.br\/index.php?rest_route=\/wp\/v2\/users\/1"}],"replies":[{"embeddable":true,"href":"https:\/\/www.mpal.mp.br\/index.php?rest_route=%2Fwp%2Fv2%2Fcomments&post=5852"}],"version-history":[{"count":1,"href":"https:\/\/www.mpal.mp.br\/index.php?rest_route=\/wp\/v2\/posts\/5852\/revisions"}],"predecessor-version":[{"id":5855,"href":"https:\/\/www.mpal.mp.br\/index.php?rest_route=\/wp\/v2\/posts\/5852\/revisions\/5855"}],"wp:featuredmedia":[{"embeddable":true,"href":"https:\/\/www.mpal.mp.br\/index.php?rest_route=\/wp\/v2\/media\/5854"}],"wp:attachment":[{"href":"https:\/\/www.mpal.mp.br\/index.php?rest_route=%2Fwp%2Fv2%2Fmedia&parent=5852"}],"wp:term":[{"taxonomy":"category","embeddable":true,"href":"https:\/\/www.mpal.mp.br\/index.php?rest_route=%2Fwp%2Fv2%2Fcategories&post=5852"},{"taxonomy":"post_tag","embeddable":true,"href":"https:\/\/www.mpal.mp.br\/index.php?rest_route=%2Fwp%2Fv2%2Ftags&post=5852"}],"curies":[{"name":"wp","href":"https:\/\/api.w.org\/{rel}","templated":true}]}}