{"id":5840,"date":"2021-12-02T08:31:32","date_gmt":"2021-12-02T11:31:32","guid":{"rendered":"https:\/\/www.mpal.mp.br\/?p=5840"},"modified":"2022-05-24T08:31:59","modified_gmt":"2022-05-24T11:31:59","slug":"delmiro-pgj-reinaugura-mais-uma-sede-de-promotorias-de-justica-priorizando-espacos-com-acessibilidade","status":"publish","type":"post","link":"https:\/\/www.mpal.mp.br\/?p=5840","title":{"rendered":"Delmiro: PGJ reinaugura mais uma sede de Promotorias de Justi\u00e7a priorizando espa\u00e7os com acessibilidade"},"content":{"rendered":"<p style=\"text-align: justify;\" align=\"justify\" data-raofz=\"14\"><span style=\"font-size: 14pt;\">Dando continuidade ao cumprimento da agenda, na manh\u00e3 desta quinta-feira (2), o procurador-geral de Justi\u00e7a, M\u00e1rcio Roberto Ten\u00f3rio de Albuquerque, esteve em Delmiro Gouveia, cidade do Sert\u00e3o de Alagoas, onde reinaugurou o pr\u00e9dio-sede das Promotorias de Justi\u00e7a. Ladeado pelos promotores de Justi\u00e7a, Cl\u00e1udio Teles e Bolivar Ferro, contando com a presen\u00e7a de servidores e autoridades locais, a exemplo da prefeita Ziane Costa, e do procurador-geral do Munic\u00edpio, Ailton Paranhos, entregou um pr\u00e9dio com alta reforma e, agora, com ampla acessibilidade. O valor gasto na recupera\u00e7\u00e3o da unidade aproxima-se de R$ 80 mil.<\/span><\/p>\n<p style=\"text-align: justify;\" align=\"justify\" data-raofz=\"14\"><span style=\"font-size: 14pt;\">Para M\u00e1rcio Roberto, entregar mais uma obra desse n\u00edvel, beneficiando promotores e servidores aumenta o orgulho de comandar a institui\u00e7\u00e3o.<\/span><\/p>\n<p style=\"text-align: justify;\" align=\"justify\" data-raofz=\"14\"><span style=\"font-size: 14pt;\">\u201cMuito importante, uma vez que possibilitar\u00e1 melhores condi\u00e7\u00f5es de trabalho a membros e servidores, bem como acolher a sociedade de Delmiro Gouveia com a dignidade que merece. Destacando que havia uma preocupa\u00e7\u00e3o grande da gest\u00e3o em raz\u00e3o de uma sede do MP n\u00e3o ser dotada das condi\u00e7\u00f5es necess\u00e1rias para pessoas com defici\u00eancia\u201d, declara o PGJ.<\/span><\/p>\n<p style=\"text-align: justify;\" align=\"justify\" data-raofz=\"14\"><span style=\"font-size: 14pt;\">O promotor de Justi\u00e7a, Cl\u00e1udio Teles, fala da import\u00e2ncia de se ter um local melhorado para atender a popula\u00e7\u00e3o e tamb\u00e9m para que desempenhem da melhor forma suas atividades.<\/span><\/p>\n<p style=\"text-align: justify;\" align=\"justify\" data-raofz=\"14\"><span style=\"font-size: 14pt;\">\u201cJ\u00e1 havia essa reivindica\u00e7\u00e3o, n\u00f3s entendemos que a reforma do pr\u00e9dio ser\u00e1 de grande valia para melhor recepcionarmos as pessoas, ofertar-lhes conforto, ao tempo em que tamb\u00e9m proporciona tal benef\u00edcio a n\u00f3s promotores e aos servidores\u201d, fala o promotor Cl\u00e1udio Leite.<\/span><\/p>\n<p style=\"text-align: justify;\" align=\"justify\" data-raofz=\"14\"><span style=\"font-size: 14pt;\">Quem tamb\u00e9m comentou sobre o feito, foi o promotor de Justi\u00e7a, que atua na 3\u00aa Promotoria, Bolivar Ferro, refor\u00e7ando a fala do colega.<\/span><\/p>\n<p style=\"text-align: justify;\" align=\"justify\" data-raofz=\"14\"><span style=\"font-size: 14pt;\">Rafael Cardoso, servidor empossado h\u00e1 tr\u00eas meses, encontrou dificuldades no in\u00edcio, mas agora disse que se sente valorizado.<\/span><\/p>\n<p style=\"text-align: justify;\" align=\"justify\" data-raofz=\"14\"><span style=\"font-size: 14pt;\">\u201cQuando aqui cheguei, n\u00e3o tinha acessibilidade alguma, apenas uma rampa de acesso. A reforma estava programada, mas com o fato de eu ser cadeirante, mexeram para garantir acessibilidade pra mim. Ent\u00e3o, fizeram sala espec\u00edfica com acessibilidade, reformaram um banheiro que ficou amplo e acess\u00edvel, fizeram rampa da rua para a cal\u00e7ada e da cal\u00e7ada para a recep\u00e7\u00e3o, pra facilitar o acesso. A 3<sup>a<\/sup>\u00a0Promotoria foi nivelada e ficou plana retirando as barreiras. A import\u00e2ncia disso tudo \u00e9 a valoriza\u00e7\u00e3o do servidor, porque ao chegar aqui perceberam que n\u00e3o tinha cem por cento de acessibilidade e decidiram facilitar minha vida e, consequentemente, de outras pessoas que procurem o Minist\u00e9rio P\u00fablico. um trabalho mais digno\u201d, Rafael Cardoso.<\/span><\/p>\n<p style=\"text-align: justify;\" align=\"justify\" data-raofz=\"14\"><span style=\"font-size: 14pt;\">A prefeita Ziane Costa elogiou a iniciativa do MP com o intuito de melhor servir \u00e0 sociedade que o procura.<\/span><\/p>\n<p style=\"text-align: justify;\" align=\"justify\" data-raofz=\"14\"><span style=\"font-size: 14pt;\">\u201cParabenizamos o Minist\u00e9rio P\u00fablico que traz com essa reforma mais dignidade para o nosso povo, podendo atend\u00ea-lo melhor, com mais respeito. E nos colocamos \u00e0 disposi\u00e7\u00e3o como parceiros\u201d, diz a prefeita.<\/span><\/p>\n<p style=\"text-align: justify;\" align=\"justify\" data-raofz=\"14\"><span style=\"font-size: 14pt;\"><strong>Reforma<\/strong><\/span><\/p>\n<p style=\"text-align: justify;\" align=\"justify\" data-raofz=\"14\"><span style=\"font-size: 14pt;\">O pr\u00e9dio ganhou mais seguran\u00e7a com o levantamento de uma parede em lugar de uma porta de rolo que, segundo os membros, tornava o pr\u00e9dio vulner\u00e1vel. Foi separada uma sala especial, adaptada para o servidor Rafael Cardoso, com defici\u00eancia, ampliados c\u00f4modos, colocadas novas portas, feita pintura total.<\/span><\/p>\n<p style=\"text-align: justify;\" align=\"justify\" data-raofz=\"14\"><span style=\"font-size: 14pt;\">De acordo com o engenheiro civil, Jo\u00e3o Elias, houve modifica\u00e7\u00e3o das dimens\u00f5es e geometrias das rampas de acesso a cal\u00e7ada e a edifica\u00e7\u00e3o, implanta\u00e7\u00e3o das salas de reuni\u00e3o, arquivo e assist\u00eancia social, para melhorar o atendimento \u00e0 popula\u00e7\u00e3o a tender algumas necessidades dos servidores\/membros, houve aumento da largura das \u00e1reas de circula\u00e7\u00e3o, foram instalados novos ares-condicionados, bem como feita a manuten\u00e7\u00e3o dos j\u00e1 existentes. Para melhorar a qualidade da ilumina\u00e7\u00e3o, as lumin\u00e1rias foram substitu\u00eddas por l\u00e2mpadas de LED, al\u00e9m disso foi feita revis\u00e3o completa do sistema el\u00e9trico. Devido a degrada\u00e7\u00e3o ocasionada por cupim, foram substitu\u00eddas todas as divis\u00f3rias navais por Drywall e as portas compensadas foram trocadas por madeira maci\u00e7a.<\/span><\/p>\n<p style=\"text-align: justify;\" align=\"justify\" data-raofz=\"14\"><span style=\"font-size: 14pt;\">Tamb\u00e9m foi separada uma sala, especificamente, para a equipe de Tecnologia da Informa\u00e7\u00e3o e o pr\u00e9dio, para maior conforto de todos, ganhou uma copa. Por seguran\u00e7a, foi feita a manuten\u00e7\u00e3o do sistema de combate a inc\u00eandio.<\/span><\/p>\n<p style=\"text-align: justify;\" align=\"justify\" data-raofz=\"14\"><span style=\"font-size: 14pt;\">Fotos: Claudemir Mota<\/span><\/p>\n","protected":false},"excerpt":{"rendered":"<p> [&hellip;]<\/p>\n","protected":false},"author":1,"featured_media":5846,"comment_status":"open","ping_status":"open","sticky":false,"template":"","format":"standard","meta":{"om_disable_all_campaigns":false,"_monsterinsights_skip_tracking":false,"_monsterinsights_sitenote_active":false,"_monsterinsights_sitenote_note":"","_monsterinsights_sitenote_category":0,"_uf_show_specific_survey":0,"_uf_disable_surveys":false,"footnotes":""},"categories":[2],"tags":[],"class_list":["post-5840","post","type-post","status-publish","format-standard","has-post-thumbnail","hentry","category-not_mpal"],"aioseo_notices":[],"_links":{"self":[{"href":"https:\/\/www.mpal.mp.br\/index.php?rest_route=\/wp\/v2\/posts\/5840","targetHints":{"allow":["GET"]}}],"collection":[{"href":"https:\/\/www.mpal.mp.br\/index.php?rest_route=\/wp\/v2\/posts"}],"about":[{"href":"https:\/\/www.mpal.mp.br\/index.php?rest_route=\/wp\/v2\/types\/post"}],"author":[{"embeddable":true,"href":"https:\/\/www.mpal.mp.br\/index.php?rest_route=\/wp\/v2\/users\/1"}],"replies":[{"embeddable":true,"href":"https:\/\/www.mpal.mp.br\/index.php?rest_route=%2Fwp%2Fv2%2Fcomments&post=5840"}],"version-history":[{"count":2,"href":"https:\/\/www.mpal.mp.br\/index.php?rest_route=\/wp\/v2\/posts\/5840\/revisions"}],"predecessor-version":[{"id":5848,"href":"https:\/\/www.mpal.mp.br\/index.php?rest_route=\/wp\/v2\/posts\/5840\/revisions\/5848"}],"wp:featuredmedia":[{"embeddable":true,"href":"https:\/\/www.mpal.mp.br\/index.php?rest_route=\/wp\/v2\/media\/5846"}],"wp:attachment":[{"href":"https:\/\/www.mpal.mp.br\/index.php?rest_route=%2Fwp%2Fv2%2Fmedia&parent=5840"}],"wp:term":[{"taxonomy":"category","embeddable":true,"href":"https:\/\/www.mpal.mp.br\/index.php?rest_route=%2Fwp%2Fv2%2Fcategories&post=5840"},{"taxonomy":"post_tag","embeddable":true,"href":"https:\/\/www.mpal.mp.br\/index.php?rest_route=%2Fwp%2Fv2%2Ftags&post=5840"}],"curies":[{"name":"wp","href":"https:\/\/api.w.org\/{rel}","templated":true}]}}