{"id":5839,"date":"2020-12-21T08:30:11","date_gmt":"2020-12-21T11:30:11","guid":{"rendered":"https:\/\/www.mpal.mp.br\/?p=5839"},"modified":"2022-05-24T08:30:35","modified_gmt":"2022-05-24T11:30:35","slug":"fraternidade-acao-do-ministerio-publico-arrecada-350-cestas-basicas-para-familias-carentes","status":"publish","type":"post","link":"https:\/\/www.mpal.mp.br\/?p=5839","title":{"rendered":"Fraternidade: A\u00e7\u00e3o do Minist\u00e9rio P\u00fablico arrecada 350 cestas b\u00e1sicas para fam\u00edlias carentes"},"content":{"rendered":"<p style=\"text-align: justify;\" data-raofz=\"14\"><span style=\"font-size: 14pt;\">\u00c9 o semear o bem sem olhar a quem, \u00e9 resgatar a cidadania, suprir necessidades para ressaltar os direitos. \u00c9 proteger, defender, cuidar. Assim finda o ano do Minist\u00e9rio P\u00fablico de Alagoas (MPAL) por meio do N\u00facleo de Autocoposi\u00e7\u00e3o das Promotorias de Justi\u00e7a da cidade de Arapiraca. Por meio dos projetos institucionais \u201cRecome\u00e7ar\u201d e \u201cEmpoderador\u201d, neste 18 de dezembro, 350 fam\u00edlias receberam cestas b\u00e1sicas, doadas pelo Sesc\/Arapiraca, e poder\u00e3o passar um Natal mais alegre.<\/span><\/p>\n<p style=\"text-align: justify;\" data-raofz=\"14\"><span style=\"font-size: 14pt;\">A doa\u00e7\u00e3o foi feita diretamente ao N\u00facleo Esp\u00edrita Seareiros de Jesus \u2013 que distribuiu 100 cestas entre os associados, e as demais foram repartidas com outras entidades.<\/span><\/p>\n<p style=\"text-align: justify;\" data-raofz=\"14\"><span style=\"font-size: 14pt;\">\u00c9 uma a\u00e7\u00e3o de amor, um momento onde se pensa em minimizar a car\u00eancia, esse atropelamento dos direitos das fam\u00edlias com os quais continuamos a nos deparar. Ent\u00e3o juntamos as m\u00e3os, arrega\u00e7amos as mangas e vamos arrecadar e distribuir amor. O MPAL conta com essa parceria importante do Sesc que nesse Natal leva esse alento para 350 mesas.<\/span><\/p>\n<p style=\"text-align: justify;\" data-raofz=\"14\"><span style=\"font-size: 14pt;\">Das outras 250 cestas b\u00e1sicas, a funda\u00e7\u00e3o Ant\u00f4nio Jorge recebeu 60; o Projeto da babi, mais 60; o Projeto Recome\u00e7ar ficou com 40; e a Comar recebeu 90. Os alimentos foram transportados por um ve\u00edculo da rede de supermercados S\u00e3o Luiz, sob a supervis\u00e3o do N\u00facleo de Autocomposi\u00e7\u00e3o. Membros e servidores do MPAL com o aux\u00edlio de volunt\u00e1rios participaram diretamente desse momento. Cada cesta b\u00e1sica tinha em m\u00e9dia 11,4kg.<\/span><\/p>\n<p style=\"text-align: justify;\" data-raofz=\"14\"><span style=\"font-size: 14pt;\">A mensagem final do Minist\u00e9rio P\u00fablico \u00e9 que cada um fa\u00e7a reflex\u00e3o e entenda que \u00e9 poss\u00edvel levar esperan\u00e7a \u00e0s pessoas. Que o pouco que recebem \u00e9 o tudo naquele instante. Quando a gente pensa em repartir, em amenizar dores, em promover sorrisos, a vida fica mais interessante. Ressaltando que a luta da institui\u00e7\u00e3o ser\u00e1 sempre para garantir direitos, respeito e dignidade.<\/span><\/p>\n","protected":false},"excerpt":{"rendered":"<p> [&hellip;]<\/p>\n","protected":false},"author":5,"featured_media":5841,"comment_status":"open","ping_status":"open","sticky":false,"template":"","format":"standard","meta":{"om_disable_all_campaigns":false,"_monsterinsights_skip_tracking":false,"_monsterinsights_sitenote_active":false,"_monsterinsights_sitenote_note":"","_monsterinsights_sitenote_category":0,"_uf_show_specific_survey":0,"_uf_disable_surveys":false,"footnotes":""},"categories":[2],"tags":[],"class_list":["post-5839","post","type-post","status-publish","format-standard","has-post-thumbnail","hentry","category-not_mpal"],"aioseo_notices":[],"_links":{"self":[{"href":"https:\/\/www.mpal.mp.br\/index.php?rest_route=\/wp\/v2\/posts\/5839","targetHints":{"allow":["GET"]}}],"collection":[{"href":"https:\/\/www.mpal.mp.br\/index.php?rest_route=\/wp\/v2\/posts"}],"about":[{"href":"https:\/\/www.mpal.mp.br\/index.php?rest_route=\/wp\/v2\/types\/post"}],"author":[{"embeddable":true,"href":"https:\/\/www.mpal.mp.br\/index.php?rest_route=\/wp\/v2\/users\/5"}],"replies":[{"embeddable":true,"href":"https:\/\/www.mpal.mp.br\/index.php?rest_route=%2Fwp%2Fv2%2Fcomments&post=5839"}],"version-history":[{"count":1,"href":"https:\/\/www.mpal.mp.br\/index.php?rest_route=\/wp\/v2\/posts\/5839\/revisions"}],"predecessor-version":[{"id":5843,"href":"https:\/\/www.mpal.mp.br\/index.php?rest_route=\/wp\/v2\/posts\/5839\/revisions\/5843"}],"wp:featuredmedia":[{"embeddable":true,"href":"https:\/\/www.mpal.mp.br\/index.php?rest_route=\/wp\/v2\/media\/5841"}],"wp:attachment":[{"href":"https:\/\/www.mpal.mp.br\/index.php?rest_route=%2Fwp%2Fv2%2Fmedia&parent=5839"}],"wp:term":[{"taxonomy":"category","embeddable":true,"href":"https:\/\/www.mpal.mp.br\/index.php?rest_route=%2Fwp%2Fv2%2Fcategories&post=5839"},{"taxonomy":"post_tag","embeddable":true,"href":"https:\/\/www.mpal.mp.br\/index.php?rest_route=%2Fwp%2Fv2%2Ftags&post=5839"}],"curies":[{"name":"wp","href":"https:\/\/api.w.org\/{rel}","templated":true}]}}