{"id":5829,"date":"2021-12-03T08:25:05","date_gmt":"2021-12-03T11:25:05","guid":{"rendered":"https:\/\/www.mpal.mp.br\/?p=5829"},"modified":"2022-05-24T08:25:27","modified_gmt":"2022-05-24T11:25:27","slug":"agua-potavel-com-o-projeto-sede-de-aprender-ministerio-publico-inspeciona-escolas-estaduais-em-maceio","status":"publish","type":"post","link":"https:\/\/www.mpal.mp.br\/?p=5829","title":{"rendered":"\u00c1gua Pot\u00e1vel: Com o Projeto \u201cSede de Aprender\u201d Minist\u00e9rio P\u00fablico inspeciona escolas estaduais em Macei\u00f3"},"content":{"rendered":"<p class=\"western\" style=\"text-align: justify;\" align=\"justify\" data-raofz=\"14\"><span style=\"font-size: 14pt;\" data-raofz=\"13\">Ap\u00f3s as primeiras visitas em unidades escolares no interior, o Minist\u00e9rio P\u00fablico do Estado de Alagoas (MPAL), representado por uma comiss\u00e3o de promotores de Justi\u00e7a, por meio do N\u00facleo de Defesa da Educa\u00e7\u00e3o (NUDED), N\u00facleo de Defesa do Patrim\u00f4nio P\u00fablico (NUDEPAT), Promotoria da Inf\u00e2ncia e Juventude da Capital (13\u00aa PJ) e Promotoria de Justi\u00e7a do Patrim\u00f4nio P\u00fablico (Fazenda Estadual \u2013 18\u00aa PJ), apoiado por equipes do Batalh\u00e3o de Policiamento Escolar (BPESC), e do Instituto do Meio Ambiente (IMA), retomou, nessa quinta-feira (2), as inspe\u00e7\u00f5es tendo como foco quatro escolas estaduais localizadas no munic\u00edpio de Macei\u00f3. A visita\u00e7\u00e3o teve in\u00edcio \u00e0s 7h45 e se estendeu at\u00e9 as 11h. O cerne dos trabalhos \u00e9 constatar a disponibilidade de \u00e1gua pot\u00e1vel para o p\u00fablico estudantil e averiguar a estrutura relacionada a saneamento, entre outros.<\/span><\/p>\n<p class=\"western\" style=\"text-align: justify;\" align=\"justify\" data-raofz=\"14\"><span style=\"font-size: 14pt;\" data-raofz=\"13\">Dessa vez, os Promotores de Justi\u00e7a, Jheyse Gama e Stela Cavalcanti, Lucas Sachsida e Kleber Valadares percorreram dois bairros e inspecionaram as escolas estaduais Rotary, Aquilina Bulh\u00f5es Barros e Professora Irene Garrido, no Tabuleiro do Martins, e tamb\u00e9m a Escola Estadual Noel Nutels, no bairro do Jacintinho.<\/span><\/p>\n<p class=\"western\" style=\"text-align: justify;\" align=\"justify\" data-raofz=\"14\"><span style=\"font-size: 14pt;\" data-raofz=\"13\">Em cada uma, o foco foi constatar se as unidades atendiam a crit\u00e9rios m\u00ednimos de saneamento. A aus\u00eancia de \u00e1gua pot\u00e1vel naquelas escolas, conforme apontamentos publicados pelo Censo Escolar de 2020, era um dos pontos de grande preocupa\u00e7\u00e3o. Foi constatado que bebedouros novos foram adquiridos para atender os alunos e alunas, para solucionar a falta de \u00e1gua pot\u00e1vel. As irregularidades constatadas, como problemas de conserva\u00e7\u00e3o de bebedouros em uma das escolas, banheiros e quest\u00f5es relativas a fossamento s\u00e9ptico, ser\u00e3o objeto do procedimento iniciado pelos Promotores de Justi\u00e7a, que tamb\u00e9m requisitar\u00e3o informa\u00e7\u00f5es como laudos da potabilidade da \u00e1gua, forma de esgotamento, dentre outras informa\u00e7\u00f5es necess\u00e1rias para a garantia da dignidade nos equipamentos escolares.<\/span><\/p>\n<p class=\"western\" style=\"text-align: justify;\" data-raofz=\"14\"><span style=\"font-size: 14pt;\" data-raofz=\"13\"><b>Projeto<\/b><\/span><\/p>\n<p class=\"western\" style=\"text-align: justify;\" align=\"justify\" data-raofz=\"14\"><span style=\"font-size: 14pt;\" data-raofz=\"13\">O projeto \u201cSede de Aprender\u201d ser\u00e1 levado aos munic\u00edpios alagoanos, para fazer diagn\u00f3sticos das escolas das redes p\u00fablicas Estadual e Municipal, bem como da rede de ensino particular. Na capital, tamb\u00e9m ser\u00e3o visitadas institui\u00e7\u00f5es de ensino administradas pelo Munic\u00edpio, o que est\u00e1 sendo agendado para o in\u00edcio do ano vindouro, sendo o mesmo\u00a0<i data-raofz=\"13\">modus operandi\u00a0<\/i>adotado em cada cidade alagoana.<\/span><\/p>\n<p class=\"western\" style=\"text-align: justify;\" align=\"justify\" data-raofz=\"14\"><span style=\"font-size: 14pt;\" data-raofz=\"13\"><strong>\u00c1gua Pot\u00e1vel<\/strong><\/span><\/p>\n<p class=\"western\" style=\"text-align: justify;\" align=\"justify\" data-raofz=\"14\"><span style=\"font-size: 14pt;\" data-raofz=\"13\">\u00c1gua pot\u00e1vel\u00a0\u00e9 a \u00e1gua tratada adequada para o consumo humano e animal, livre de qualquer tipo de micro-organismos, s\u00f3lidos em suspens\u00e3o e subst\u00e2ncias t\u00f3xicas que causam contamina\u00e7\u00e3o e doen\u00e7as. \u00c9 a \u00e1gua boa para o consumo, que n\u00e3o causa nenhum risco \u00e0 sa\u00fade e \u00e9 agrad\u00e1vel aos sentidos.<\/span><\/p>\n<p class=\"western\" style=\"text-align: justify;\" align=\"justify\" data-raofz=\"14\"><span style=\"font-size: 14pt;\" data-raofz=\"13\">A\u00a0<span lang=\"zxx\" data-raofz=\"13\">\u00e1gua pot\u00e1vel<\/span>\u00a0foi reconhecida como um direito humano no dia 28 de julho de 2010 Naquela data, esse direito internacional foi decretado pela Assembleia Geral da ONU (Organiza\u00e7\u00e3o das Na\u00e7\u00f5es Unidas).<\/span><\/p>\n<p class=\"western\" style=\"text-align: justify;\" align=\"justify\" data-raofz=\"14\"><span style=\"font-size: 14pt;\" data-raofz=\"13\">Por meio da\u00a0<span lang=\"zxx\" data-raofz=\"13\">resolu\u00e7\u00e3o 64\/292<\/span>, a\u00a0<span lang=\"zxx\" data-raofz=\"13\">ONU<\/span>\u00a0reconhece que o acesso \u00e0 \u00e1gua segura e limpa (<span lang=\"zxx\" data-raofz=\"13\">pot\u00e1vel<\/span>) e ao\u00a0<span lang=\"zxx\" data-raofz=\"13\">saneamento b\u00e1sico<\/span>\u00a0\u00e9 um direito humano essencial para o total desfruto da vida e de todos os direitos humanos.<\/span><\/p>\n<p style=\"text-align: justify;\" align=\"justify\" data-raofz=\"14\"><span style=\"font-size: 14pt;\" data-raofz=\"13\">Fotos: Anderson Macena<\/span><\/p>\n","protected":false},"excerpt":{"rendered":"<p> [&hellip;]<\/p>\n","protected":false},"author":1,"featured_media":5830,"comment_status":"open","ping_status":"open","sticky":false,"template":"","format":"standard","meta":{"om_disable_all_campaigns":false,"_monsterinsights_skip_tracking":false,"_monsterinsights_sitenote_active":false,"_monsterinsights_sitenote_note":"","_monsterinsights_sitenote_category":0,"_uf_show_specific_survey":0,"_uf_disable_surveys":false,"footnotes":""},"categories":[2],"tags":[],"class_list":["post-5829","post","type-post","status-publish","format-standard","has-post-thumbnail","hentry","category-not_mpal"],"aioseo_notices":[],"_links":{"self":[{"href":"https:\/\/www.mpal.mp.br\/index.php?rest_route=\/wp\/v2\/posts\/5829","targetHints":{"allow":["GET"]}}],"collection":[{"href":"https:\/\/www.mpal.mp.br\/index.php?rest_route=\/wp\/v2\/posts"}],"about":[{"href":"https:\/\/www.mpal.mp.br\/index.php?rest_route=\/wp\/v2\/types\/post"}],"author":[{"embeddable":true,"href":"https:\/\/www.mpal.mp.br\/index.php?rest_route=\/wp\/v2\/users\/1"}],"replies":[{"embeddable":true,"href":"https:\/\/www.mpal.mp.br\/index.php?rest_route=%2Fwp%2Fv2%2Fcomments&post=5829"}],"version-history":[{"count":1,"href":"https:\/\/www.mpal.mp.br\/index.php?rest_route=\/wp\/v2\/posts\/5829\/revisions"}],"predecessor-version":[{"id":5831,"href":"https:\/\/www.mpal.mp.br\/index.php?rest_route=\/wp\/v2\/posts\/5829\/revisions\/5831"}],"wp:featuredmedia":[{"embeddable":true,"href":"https:\/\/www.mpal.mp.br\/index.php?rest_route=\/wp\/v2\/media\/5830"}],"wp:attachment":[{"href":"https:\/\/www.mpal.mp.br\/index.php?rest_route=%2Fwp%2Fv2%2Fmedia&parent=5829"}],"wp:term":[{"taxonomy":"category","embeddable":true,"href":"https:\/\/www.mpal.mp.br\/index.php?rest_route=%2Fwp%2Fv2%2Fcategories&post=5829"},{"taxonomy":"post_tag","embeddable":true,"href":"https:\/\/www.mpal.mp.br\/index.php?rest_route=%2Fwp%2Fv2%2Ftags&post=5829"}],"curies":[{"name":"wp","href":"https:\/\/api.w.org\/{rel}","templated":true}]}}