{"id":5822,"date":"2021-12-02T08:08:59","date_gmt":"2021-12-02T11:08:59","guid":{"rendered":"https:\/\/www.mpal.mp.br\/?p=5822"},"modified":"2022-05-24T08:09:25","modified_gmt":"2022-05-24T11:09:25","slug":"3a-procuradoria-de-justica-criminal-pede-prisao-preventiva-de-ex-secretario-que-atropelou-e-matou-mulher-em-dois-riachos","status":"publish","type":"post","link":"https:\/\/www.mpal.mp.br\/?p=5822","title":{"rendered":"3\u00aa Procuradoria de Justi\u00e7a Criminal pede pris\u00e3o preventiva de ex-secret\u00e1rio que atropelou e matou mulher em Dois Riachos"},"content":{"rendered":"<p class=\"p1\" style=\"text-align: justify;\" data-raofz=\"14\"><span class=\"s1\" style=\"font-size: 14pt;\" data-raofz=\"14\">A 3\u00aa Procuradoria de Justi\u00e7a Criminal emitiu parecer, nessa quarta-feira (1), pela pris\u00e3o preventiva de Ricardo Medeiros Rosa, ex-secret\u00e1rio municipal de Sa\u00fade de Santana do Ipanema. Para o Minist\u00e9rio P\u00fablico do Estado de Alagoas, o r\u00e9u, ao dirigir sob o efeito de \u00e1lcool, assumiu o risco de provocar um acidente fatal, o que de fato ocorreu, no dia 26 de julho deste ano, em Dois Riachos, tirando a vida de Jenilda Bento da Silva. Ricardo Medeiros, que chegou a ser preso em flagrante delito, conseguiu liberdade ap\u00f3s decis\u00e3o do Poder Judici\u00e1rio.<\/span><\/p>\n<p class=\"p1\" style=\"text-align: justify;\" data-raofz=\"14\"><span style=\"font-size: 14pt;\"><span class=\"s1\" data-raofz=\"14\">O parecer do MPAL foi emitido pelo procurador de Justi\u00e7a Maur\u00edcio Pitta. \u201cNo caso em tela, est\u00e3o presentes os requisitos necess\u00e1rios para a decreta\u00e7\u00e3o da pris\u00e3o cautelar. Vale salientar que\u00a0<\/span><span class=\"s2\" data-raofz=\"14\">o acusado, ap\u00f3s atropelar e matar a v\u00edtima, fugiu do local sem prestar socorro para garantir que n\u00e3o seria identificado<\/span><span class=\"s1\" data-raofz=\"14\">. Al\u00e9m disso, o r\u00e9u, segundo as provas colhidas,\u00a0<\/span><span class=\"s2\" data-raofz=\"14\">estava sob influ\u00eancia de uma enorme quantidade de \u00e1lcool e ainda possu\u00eda bebidas alco\u00f3licas no ve\u00edculo, demonstrando completo desprezo pela vida alheia, trafegando com seu ve\u00edculo em via p\u00fablica, colocando todas as pessoas que transitavam em risco<\/span><span class=\"s1\" data-raofz=\"14\">\u201d, argumentou o membro do Minist\u00e9rio P\u00fablico.<\/span><\/span><\/p>\n<p class=\"p1\" style=\"text-align: justify;\" data-raofz=\"14\"><span class=\"s1\" style=\"font-size: 14pt;\" data-raofz=\"14\">\u201cInfelizmente, ainda que medidas como a realiza\u00e7\u00e3o da Opera\u00e7\u00e3o Lei Seca e de campanhas de conscientiza\u00e7\u00e3o de tr\u00e2nsito venham sendo tomadas, \u00e9 comum de tempos em tempos vermos nos notici\u00e1rios novas v\u00edtimas desse tipo de irresponsabilidade, raz\u00e3o pela qual tamb\u00e9m se faz necess\u00e1ria uma firme a\u00e7\u00e3o do Estado e da Justi\u00e7a para repelir esse tipo de pr\u00e1tica criminosa, evitando assim novas v\u00edtimas fatais\u201d, acrescentou o titular da 3\u00aa Procuradoria de Justi\u00e7a Criminal.<\/span><\/p>\n<p class=\"p1\" style=\"text-align: justify;\" data-raofz=\"14\"><span style=\"font-size: 14pt;\"><strong><span class=\"s1\" data-raofz=\"14\">Dolo eventual<\/span><\/strong><\/span><\/p>\n<p class=\"p1\" style=\"text-align: justify;\" data-raofz=\"14\"><span style=\"font-size: 14pt;\"><span class=\"s1\" data-raofz=\"14\">O procurador de Justi\u00e7a tamb\u00e9m ressaltou que o caso est\u00e1 configurado como dolo eventual: \u201cEle\u00a0<\/span><span class=\"s2\" data-raofz=\"14\">assumiu o risco de sua conduta ao dirigir completamente embriagado. Ap\u00f3s<\/span><span class=\"s1\" data-raofz=\"14\">\u00a0tantas campanhas de conscientiza\u00e7\u00e3o e de opera\u00e7\u00f5es para coibir esse tipo de pr\u00e1tica, n\u00e3o se mostra plaus\u00edvel o argumento de que seria apenas imprud\u00eancia, imper\u00edcia ou neglig\u00eancia. Est\u00e1 mais do que claro para todos que o ve\u00edculo se torna uma arma quando colocado sob dire\u00e7\u00e3o de um indiv\u00edduo embriagado, resultando em mortes reiteradas de pessoas inocentes. Tudo isso evidencia, mais ainda, a gravidade dos fatos praticados e a consequente necessidade da decreta\u00e7\u00e3o preventiva do acusado\u201d, defendeu.<\/span><\/span><\/p>\n<p class=\"p1\" style=\"text-align: justify;\" data-raofz=\"14\"><span class=\"s1\" style=\"font-size: 14pt;\" data-raofz=\"14\">Ricardo Medeiros j\u00e1 havia tido sua pris\u00e3o preventiva requerida, em julho \u00faltimo, pela promotora de Justi\u00e7a Jheise Gama. No entanto, dois dias ap\u00f3s o fato, ele foi solto pelo Poder Judici\u00e1rio.<\/span><\/p>\n","protected":false},"excerpt":{"rendered":"<p> [&hellip;]<\/p>\n","protected":false},"author":1,"featured_media":5824,"comment_status":"open","ping_status":"open","sticky":false,"template":"","format":"standard","meta":{"om_disable_all_campaigns":false,"_monsterinsights_skip_tracking":false,"_monsterinsights_sitenote_active":false,"_monsterinsights_sitenote_note":"","_monsterinsights_sitenote_category":0,"_uf_show_specific_survey":0,"_uf_disable_surveys":false,"footnotes":""},"categories":[2],"tags":[],"class_list":["post-5822","post","type-post","status-publish","format-standard","has-post-thumbnail","hentry","category-not_mpal"],"aioseo_notices":[],"_links":{"self":[{"href":"https:\/\/www.mpal.mp.br\/index.php?rest_route=\/wp\/v2\/posts\/5822","targetHints":{"allow":["GET"]}}],"collection":[{"href":"https:\/\/www.mpal.mp.br\/index.php?rest_route=\/wp\/v2\/posts"}],"about":[{"href":"https:\/\/www.mpal.mp.br\/index.php?rest_route=\/wp\/v2\/types\/post"}],"author":[{"embeddable":true,"href":"https:\/\/www.mpal.mp.br\/index.php?rest_route=\/wp\/v2\/users\/1"}],"replies":[{"embeddable":true,"href":"https:\/\/www.mpal.mp.br\/index.php?rest_route=%2Fwp%2Fv2%2Fcomments&post=5822"}],"version-history":[{"count":2,"href":"https:\/\/www.mpal.mp.br\/index.php?rest_route=\/wp\/v2\/posts\/5822\/revisions"}],"predecessor-version":[{"id":5877,"href":"https:\/\/www.mpal.mp.br\/index.php?rest_route=\/wp\/v2\/posts\/5822\/revisions\/5877"}],"wp:featuredmedia":[{"embeddable":true,"href":"https:\/\/www.mpal.mp.br\/index.php?rest_route=\/wp\/v2\/media\/5824"}],"wp:attachment":[{"href":"https:\/\/www.mpal.mp.br\/index.php?rest_route=%2Fwp%2Fv2%2Fmedia&parent=5822"}],"wp:term":[{"taxonomy":"category","embeddable":true,"href":"https:\/\/www.mpal.mp.br\/index.php?rest_route=%2Fwp%2Fv2%2Fcategories&post=5822"},{"taxonomy":"post_tag","embeddable":true,"href":"https:\/\/www.mpal.mp.br\/index.php?rest_route=%2Fwp%2Fv2%2Ftags&post=5822"}],"curies":[{"name":"wp","href":"https:\/\/api.w.org\/{rel}","templated":true}]}}