{"id":5812,"date":"2022-05-19T13:33:27","date_gmt":"2022-05-19T16:33:27","guid":{"rendered":"https:\/\/www.mpal.mp.br\/?p=5812"},"modified":"2022-05-23T13:50:16","modified_gmt":"2022-05-23T16:50:16","slug":"proteja-mpal-intensifica-mobilizacao-de-combate-a-violencia-sexual-infanto-juvenil-nos-ultimos-4-anos-ja-sao-mais-de-27-mil-casos","status":"publish","type":"post","link":"https:\/\/www.mpal.mp.br\/?p=5812","title":{"rendered":"Proteja: MPAL intensifica mobiliza\u00e7\u00e3o de combate \u00e0 viol\u00eancia sexual infanto-juvenil; nos \u00faltimos 4 anos, j\u00e1 s\u00e3o mais de 2,7 mil casos"},"content":{"rendered":"<div class=\"fusion-fullwidth fullwidth-box fusion-builder-row-1 nonhundred-percent-fullwidth non-hundred-percent-height-scrolling\"  style='background-color: #ffffff;background-position: center center;background-repeat: no-repeat;padding-top:0px;padding-right:0px;padding-bottom:0px;padding-left:0px;'><div class=\"fusion-builder-row fusion-row \"><div  class=\"fusion-layout-column fusion_builder_column fusion_builder_column_1_1 fusion-builder-column-1 fusion-one-full fusion-column-first fusion-column-last 1_1\"  style='margin-top:0px;margin-bottom:20px;'>\n\t\t\t\t\t<div class=\"fusion-column-wrapper\" style=\"padding: 0px 0px 0px 0px;background-position:left top;background-repeat:no-repeat;-webkit-background-size:cover;-moz-background-size:cover;-o-background-size:cover;background-size:cover;\"   data-bg-url=\"\">\n\t\t\t\t\t\t<div class=\"fusion-text\"><div class=\"wpb_text_column wpb_content_element \" data-raofz=\"14\">\n<div id=\"ct_5r2edjucf5fpowo0i2km\" class=\"wpb_wrapper\" data-raofz=\"14\">\n<p style=\"text-align: justify;\" align=\"justify\" data-raofz=\"14\"><span style=\"font-size: 14pt;\" data-raofz=\"13\">\u201cEu era bem crian\u00e7a, mas ainda me lembro dos detalhes, do cheiro daquele lugar. Uma pessoa de confian\u00e7a da minha fam\u00edlia pegou na minha m\u00e3o e me levou at\u00e9 l\u00e1, onde aconteceu a viol\u00eancia sexual. Eu me culpei por anos, os traumas me levaram ao alcoolismo e \u00e0 delinqu\u00eancia. Passei a sentir vergonha de quem eu era. Foi dif\u00edcil vencer esse abismo emocional. Mais complicado ainda foi deixar que outra pessoa encostasse em mim\u201d. O depoimento \u00e9 de Carlos Jorge da Silva Santos que, aos 5 anos, teve sua inf\u00e2ncia roubada por um abusador. Assim como ele, que ainda carrega o impacto da viola\u00e7\u00e3o do seu corpo, outras milhares de v\u00edtimas, em Alagoas, tamb\u00e9m sofrem pelo mesmo motivo, e \u00e9 justamente para combater esse crime que o Minist\u00e9rio P\u00fablico Estadual tem, por meio da campanha Proteja, mobilizado todas as prefeituras dos 102 munic\u00edpios alagoanos em busca de a\u00e7\u00f5es de enfrentamento \u00e0 viol\u00eancia sexual contra crian\u00e7as e adolescentes que, lamentavelmente, j\u00e1 soma quase tr\u00eas mil v\u00edtimas entre 2017 e 2021.<\/span><\/p>\n<p style=\"text-align: justify;\" align=\"justify\" data-raofz=\"14\"><span style=\"font-size: 14pt;\" data-raofz=\"13\">Desde quando as tratativas come\u00e7aram, h\u00e1 dois meses, dezenas de gestores p\u00fablicos se comprometeram com a coordena\u00e7\u00e3o do N\u00facleo de Defesa da Inf\u00e2ncia e Juventude do Minist\u00e9rio P\u00fablico a aderirem a campanha. \u201cFizemos um trabalho minucioso, fornecendo formatos j\u00e1 desenhados de estrat\u00e9gias a serem adotadas, incluindo campanhas pr\u00f3prias de combate \u00e0 viol\u00eancia sexual. Conseguimos fazer a articula\u00e7\u00e3o com todos os conselhos municipais de defesa da crian\u00e7a e do adolescente, conselhos tutelares, institui\u00e7\u00f5es e entidades que comp\u00f5em a rede de prote\u00e7\u00e3o e, claro, as prefeituras. Estamos satisfeitos com as mobiliza\u00e7\u00f5es, uma vez que elas est\u00e3o levando a mensagem principal \u00e0 popula\u00e7\u00e3o: \u00e9 preciso romper o sil\u00eancio em busca da puni\u00e7\u00e3o dos criminosos\u201d, afirmou o promotor de Justi\u00e7a Cl\u00e1udio Galv\u00e3o Malta, coordenador do N\u00facleo.<\/span><\/p>\n<p style=\"text-align: justify;\" align=\"justify\" data-raofz=\"14\"><span style=\"font-size: 14pt;\" data-raofz=\"13\">Segundo ele, al\u00e9m da busca pela responsabiliza\u00e7\u00e3o dos abusadores, o poder p\u00fablico tamb\u00e9m precisa adotar medidas preventivas, com a\u00e7\u00f5es, por exemplo, de conscientiza\u00e7\u00e3o junto as fam\u00edlias e a comunidade escolar.<\/span><\/p>\n<p style=\"text-align: justify;\" align=\"justify\" data-raofz=\"14\"><span style=\"font-size: 14pt;\" data-raofz=\"13\"><b>Dados<\/b><\/span><\/p>\n<p style=\"text-align: justify;\" align=\"justify\" data-raofz=\"14\"><span style=\"font-size: 14pt;\" data-raofz=\"13\">Segundo dados da Ger\u00eancia de Doen\u00e7as e Agravos n\u00e3o Transmiss\u00edveis (GEDANT) da Secretaria Estadual de Sa\u00fade, Alagoas registrou, entre os anos de 2017 e 2021, 2.742 casos de viol\u00eancia sexual contra crian\u00e7as e adolescentes. Desse total, 1.278 v\u00edtimas tinham entre 10 e 14 anos; outras 554, entre 5 e 9 anos; e mais 486, possu\u00edam idade entre 15 e 19 anos.<\/span><\/p>\n<p style=\"text-align: justify;\" align=\"justify\" data-raofz=\"14\"><span style=\"font-size: 14pt;\" data-raofz=\"13\">Os n\u00fameros tamb\u00e9m oficiais tamb\u00e9m mostraram que 1.852 v\u00edtimas eram da ra\u00e7a parda, enquanto 354 foram identificadas como brancas. A ra\u00e7a negra ficou em 3\u00ba lugar, com 254 casos.<\/span><\/p>\n<p style=\"text-align: justify;\" align=\"justify\" data-raofz=\"14\"><span style=\"font-size: 14pt;\" data-raofz=\"13\">Apesar do abuso contra ele ter sido cometido h\u00e1 mais de 25 anos, Carlos Jorge ainda carrega na mente o mal provocado por ele. \u201cA vida virou uma trag\u00e9dia depois disso. Se eu j\u00e1 vivia uma instabilidade emocional em raz\u00e3o de um lar cheio de problemas, com a viol\u00eancia sexual tudo piorou de maneira assustadora. Tornei-me um alco\u00f3latra, pratiquei crimes e achei que minha vida tinha perdido o sentido. Mas, Deus colocou uma alma bondosa na minha vida, que me deu a m\u00e3o e n\u00e3o desistiu de mim. Foi a partir da\u00ed que comecei a criar consci\u00eancia de que precisava me auto ajudar. Ainda bem que eu insisti\u201d, contou o empreendedor social.<\/span><\/p>\n<p style=\"text-align: justify;\" align=\"justify\" data-raofz=\"14\"><span style=\"font-size: 14pt;\" data-raofz=\"13\">Para o promotor de Justi\u00e7a Cl\u00e1udio Malta, o caso de Carlos Jorge, se levadas em considera\u00e7\u00e3o as estat\u00edsticas, n\u00e3o \u00e9 o retrato fiel da realidade. \u201cAinda precisamos alertar para o fato de que a subnotifica\u00e7\u00e3o esconde os dados reais, uma vez que muitas v\u00edtimas, exatamente por serem crian\u00e7as, n\u00e3o conseguem entender a gravidade do que est\u00e1 ocorrendo. \u00c9 por isso que a\u00e7\u00f5es preventivas e combativas t\u00eam, necessariamente, que andar de m\u00e3os dadas. O sil\u00eancio, se n\u00e3o rompido, acaba se tornando c\u00famplice do crime\u201d, declarou ele.<\/span><\/p>\n<\/div>\n<\/div>\n<\/div><div class=\"fusion-clearfix\"><\/div>\n\n\t\t\t\t\t<\/div>\n\t\t\t\t<\/div><\/div><\/div>\n","protected":false},"excerpt":{"rendered":"","protected":false},"author":2,"featured_media":5813,"comment_status":"open","ping_status":"open","sticky":false,"template":"","format":"standard","meta":{"om_disable_all_campaigns":false,"_monsterinsights_skip_tracking":false,"_monsterinsights_sitenote_active":false,"_monsterinsights_sitenote_note":"","_monsterinsights_sitenote_category":0,"_uf_show_specific_survey":0,"_uf_disable_surveys":false,"footnotes":""},"categories":[2],"tags":[],"class_list":["post-5812","post","type-post","status-publish","format-standard","has-post-thumbnail","hentry","category-not_mpal"],"aioseo_notices":[],"_links":{"self":[{"href":"https:\/\/www.mpal.mp.br\/index.php?rest_route=\/wp\/v2\/posts\/5812","targetHints":{"allow":["GET"]}}],"collection":[{"href":"https:\/\/www.mpal.mp.br\/index.php?rest_route=\/wp\/v2\/posts"}],"about":[{"href":"https:\/\/www.mpal.mp.br\/index.php?rest_route=\/wp\/v2\/types\/post"}],"author":[{"embeddable":true,"href":"https:\/\/www.mpal.mp.br\/index.php?rest_route=\/wp\/v2\/users\/2"}],"replies":[{"embeddable":true,"href":"https:\/\/www.mpal.mp.br\/index.php?rest_route=%2Fwp%2Fv2%2Fcomments&post=5812"}],"version-history":[{"count":2,"href":"https:\/\/www.mpal.mp.br\/index.php?rest_route=\/wp\/v2\/posts\/5812\/revisions"}],"predecessor-version":[{"id":5815,"href":"https:\/\/www.mpal.mp.br\/index.php?rest_route=\/wp\/v2\/posts\/5812\/revisions\/5815"}],"wp:featuredmedia":[{"embeddable":true,"href":"https:\/\/www.mpal.mp.br\/index.php?rest_route=\/wp\/v2\/media\/5813"}],"wp:attachment":[{"href":"https:\/\/www.mpal.mp.br\/index.php?rest_route=%2Fwp%2Fv2%2Fmedia&parent=5812"}],"wp:term":[{"taxonomy":"category","embeddable":true,"href":"https:\/\/www.mpal.mp.br\/index.php?rest_route=%2Fwp%2Fv2%2Fcategories&post=5812"},{"taxonomy":"post_tag","embeddable":true,"href":"https:\/\/www.mpal.mp.br\/index.php?rest_route=%2Fwp%2Fv2%2Ftags&post=5812"}],"curies":[{"name":"wp","href":"https:\/\/api.w.org\/{rel}","templated":true}]}}