{"id":5808,"date":"2022-05-19T13:29:49","date_gmt":"2022-05-19T16:29:49","guid":{"rendered":"https:\/\/www.mpal.mp.br\/?p=5808"},"modified":"2022-05-23T13:30:49","modified_gmt":"2022-05-23T16:30:49","slug":"ministerio-publico-vai-apurar-se-humorista-leo-lins-cometeu-crime-de-preconceito-contra-surdos","status":"publish","type":"post","link":"https:\/\/www.mpal.mp.br\/?p=5808","title":{"rendered":"Minist\u00e9rio P\u00fablico vai apurar se humorista L\u00e9o Lins cometeu crime de preconceito contra surdos"},"content":{"rendered":"<div class=\"fusion-fullwidth fullwidth-box fusion-builder-row-1 nonhundred-percent-fullwidth non-hundred-percent-height-scrolling\"  style='background-color: #ffffff;background-position: center center;background-repeat: no-repeat;padding-top:0px;padding-right:0px;padding-bottom:0px;padding-left:0px;'><div class=\"fusion-builder-row fusion-row \"><div  class=\"fusion-layout-column fusion_builder_column fusion_builder_column_1_1 fusion-builder-column-1 fusion-one-full fusion-column-first fusion-column-last 1_1\"  style='margin-top:0px;margin-bottom:20px;'>\n\t\t\t\t\t<div class=\"fusion-column-wrapper\" style=\"padding: 0px 0px 0px 0px;background-position:left top;background-repeat:no-repeat;-webkit-background-size:cover;-moz-background-size:cover;-o-background-size:cover;background-size:cover;\"   data-bg-url=\"\">\n\t\t\t\t\t\t<div class=\"fusion-text\"><div class=\"wpb_text_column wpb_content_element \" data-raofz=\"14\">\n<div id=\"ct_5r2edjucf5fpowo0i2km\" class=\"wpb_wrapper\" data-raofz=\"14\">\n<p style=\"text-align: justify;\" align=\"justify\" data-raofz=\"14\"><span style=\"font-size: 14pt;\" data-raofz=\"13\">O Minist\u00e9rio P\u00fablico do Estado de Alagoas vai apurar a den\u00fancia formalizada pela Associa\u00e7\u00e3o dos Surdos de Alagoas contra o humorista L\u00e9o Lins, que se apresentou recentemente em Macei\u00f3. Em v\u00eddeos divulgados anunciando o evento e, ainda durante o show, realizado no dia 30 de abril, ele teria feito gestos e dito palavras preconceituosas contra as pessoas surdas, fazendo piadas sem gra\u00e7a contra aquele tipo de defici\u00eancia. Para a chefia da institui\u00e7\u00e3o, L\u00e9o Lins agiu de forma desrespeitosa e o seu comportamento vai ser apurado com a urg\u00eancia que o caso requer.<\/span><\/p>\n<p style=\"text-align: justify;\" align=\"justify\" data-raofz=\"14\"><span style=\"font-size: 14pt;\" data-raofz=\"13\">Em reuni\u00e3o ocorrida nessa quarta-feira (18), o procurador-geral de Justi\u00e7a em exerc\u00edcio, Valter Acioly, recebeu dois representantes da comunidade surda, Adeilson Alves e Isabel Alvim, que protocolaram um pedido de provid\u00eancias em desfavor de L\u00e9o Lins. Ap\u00f3s receber os relatos do ocorrido, a chefia do Minist\u00e9rio P\u00fablico garantiu que o fato ser\u00e1 investigado em duas frentes: \u201cVamos apurar nas esferas c\u00edvel e penal para saber se est\u00e1 configurada a viola\u00e7\u00e3o a algum direito dos surdos e se houve mesmo o cometimento de crime de preconceito. Pelo que nos foi explicado, o humorista agiu de maneira intolerante, com posturas ir\u00f4nicas reprov\u00e1veis ao zombar de uma defici\u00eancia que exige respeito por parte da sociedade\u201d, declarou.<\/span><\/p>\n<p style=\"text-align: justify;\" align=\"justify\" data-raofz=\"14\"><span style=\"font-size: 14pt;\" data-raofz=\"13\">Por meio da int\u00e9rprete Aline Trindade, o representante da Associa\u00e7\u00e3o dos Surdos de Alagoas, Adeilson Alves, disse que a queixa apresentada ao Minist\u00e9rio P\u00fablico n\u00e3o busca apenas a puni\u00e7\u00e3o para L\u00e9o Lins e que o objetivo tamb\u00e9m \u00e9 conscientizar a sociedade sobre os direitos do segmento que ele representa. \u201cEstamos aqui como minoria lingu\u00edstica, reivindicando o respeito pela L\u00edngua Brasileira de Sinais (Libras) e pela identidade e cultura surdas. N\u00f3s n\u00e3o nos entendemos como pessoas incapazes por causa da surdez, podemos e temos capacidade para fazer o que quisermos, como qualquer pessoa sem defici\u00eancia\u201d, disse ele.<\/span><\/p>\n<p style=\"text-align: justify;\" align=\"justify\" data-raofz=\"14\"><span style=\"font-size: 14pt;\" data-raofz=\"13\"><strong>\u201cFicamos revoltados\u201d<\/strong><\/span><\/p>\n<p style=\"text-align: justify;\" align=\"justify\" data-raofz=\"14\"><span style=\"font-size: 14pt;\" data-raofz=\"13\">Isabel Alvim, tamb\u00e9m por meio do aux\u00edlio de Aline Trindade, contou que a comunidade surda alagoana, ap\u00f3s receber os v\u00eddeos de divulga\u00e7\u00e3o do espet\u00e1culo de L\u00e9o Lins, resolveu fazer um protesto pac\u00edfico na frente do teatro onde ele se apresentaria, no entanto, a recep\u00e7\u00e3o do artista n\u00e3o foi a esperada. \u201cEle teve a aud\u00e1cia de ficar segurando um cartaz que dizia \u2018fora L\u00e9o Lins\u2019. At\u00e9 tentamos mostr\u00e1-lo que o nosso sentimento era de tristeza, de m\u00e1goa em raz\u00e3o do seu comportamento, mas n\u00e3o adiantou muito. O humorista n\u00e3o demonstrou arrependimento e, para piorar, voltou a fazer piadas contra os surdos durante o show. E os insultos n\u00e3o foram apenas contra n\u00f3s, ele tamb\u00e9m foi gordof\u00f3bico e homof\u00f3bico\u201d, relatou.<\/span><\/p>\n<p style=\"text-align: justify;\" align=\"justify\" data-raofz=\"14\"><span style=\"font-size: 14pt;\" data-raofz=\"13\">Ao final do encontro, o procurador-geral em exerc\u00edcio refor\u00e7ou o compromisso do Minist\u00e9rio P\u00fablico em defesa da dignidade humana e se comprometeu em dar celeridade \u00e0 apura\u00e7\u00e3o. \u201cEssa falta de empatia, com um comportamento preconceituoso, n\u00e3o ofende apenas os surdos, ela tamb\u00e9m \u00e9 uma ofensa a toda sociedade. O Minist\u00e9rio P\u00fablico repudia atos como esse e adotar\u00e1 as provid\u00eancias necess\u00e1rias e, em breve, a comunidade surda ter\u00e1 uma resposta sobre esse caso.<\/span><\/p>\n<p style=\"text-align: justify;\" align=\"justify\" data-raofz=\"14\"><span style=\"font-size: 14pt;\" data-raofz=\"13\"><strong>Libras<\/strong><\/span><\/p>\n<p style=\"text-align: justify;\" align=\"justify\" data-raofz=\"14\"><span style=\"font-size: 14pt;\" data-raofz=\"13\">A L\u00edngua Brasileira de Sinais (Libras) \u00e9 a l\u00edngua da comunidade surda do Brasil reconhecida pela lei federal n\u00ba 10.436\/2002 e regulamentada pelo decreto n\u00ba 5.626\/2005.<\/span><\/p>\n<\/div>\n<\/div>\n<\/div><div class=\"fusion-clearfix\"><\/div>\n\n\t\t\t\t\t<\/div>\n\t\t\t\t<\/div><\/div><\/div>\n","protected":false},"excerpt":{"rendered":"","protected":false},"author":2,"featured_media":5809,"comment_status":"open","ping_status":"open","sticky":false,"template":"","format":"standard","meta":{"om_disable_all_campaigns":false,"_monsterinsights_skip_tracking":false,"_monsterinsights_sitenote_active":false,"_monsterinsights_sitenote_note":"","_monsterinsights_sitenote_category":0,"_uf_show_specific_survey":0,"_uf_disable_surveys":false,"footnotes":""},"categories":[2],"tags":[],"class_list":["post-5808","post","type-post","status-publish","format-standard","has-post-thumbnail","hentry","category-not_mpal"],"aioseo_notices":[],"_links":{"self":[{"href":"https:\/\/www.mpal.mp.br\/index.php?rest_route=\/wp\/v2\/posts\/5808","targetHints":{"allow":["GET"]}}],"collection":[{"href":"https:\/\/www.mpal.mp.br\/index.php?rest_route=\/wp\/v2\/posts"}],"about":[{"href":"https:\/\/www.mpal.mp.br\/index.php?rest_route=\/wp\/v2\/types\/post"}],"author":[{"embeddable":true,"href":"https:\/\/www.mpal.mp.br\/index.php?rest_route=\/wp\/v2\/users\/2"}],"replies":[{"embeddable":true,"href":"https:\/\/www.mpal.mp.br\/index.php?rest_route=%2Fwp%2Fv2%2Fcomments&post=5808"}],"version-history":[{"count":2,"href":"https:\/\/www.mpal.mp.br\/index.php?rest_route=\/wp\/v2\/posts\/5808\/revisions"}],"predecessor-version":[{"id":5811,"href":"https:\/\/www.mpal.mp.br\/index.php?rest_route=\/wp\/v2\/posts\/5808\/revisions\/5811"}],"wp:featuredmedia":[{"embeddable":true,"href":"https:\/\/www.mpal.mp.br\/index.php?rest_route=\/wp\/v2\/media\/5809"}],"wp:attachment":[{"href":"https:\/\/www.mpal.mp.br\/index.php?rest_route=%2Fwp%2Fv2%2Fmedia&parent=5808"}],"wp:term":[{"taxonomy":"category","embeddable":true,"href":"https:\/\/www.mpal.mp.br\/index.php?rest_route=%2Fwp%2Fv2%2Fcategories&post=5808"},{"taxonomy":"post_tag","embeddable":true,"href":"https:\/\/www.mpal.mp.br\/index.php?rest_route=%2Fwp%2Fv2%2Ftags&post=5808"}],"curies":[{"name":"wp","href":"https:\/\/api.w.org\/{rel}","templated":true}]}}