{"id":5804,"date":"2022-05-20T13:24:22","date_gmt":"2022-05-20T16:24:22","guid":{"rendered":"https:\/\/www.mpal.mp.br\/?p=5804"},"modified":"2022-05-23T13:28:02","modified_gmt":"2022-05-23T16:28:02","slug":"fitinha-da-protecao-vence-premio-neide-castanha-honraria-concedida-pelo-comite-nacional-de-enfrentamento-a-violencia-sexual-contra-criancas-e-adolescentes","status":"publish","type":"post","link":"https:\/\/www.mpal.mp.br\/?p=5804","title":{"rendered":"\u201cFitinha da prote\u00e7\u00e3o\u201d vence Pr\u00eamio Neide Castanha, honraria concedida pelo Comit\u00ea Nacional de Enfrentamento \u00e0 Viol\u00eancia Sexual contra Crian\u00e7as e Adolescentes"},"content":{"rendered":"<div class=\"fusion-fullwidth fullwidth-box fusion-builder-row-1 nonhundred-percent-fullwidth non-hundred-percent-height-scrolling\"  style='background-color: #ffffff;background-position: center center;background-repeat: no-repeat;padding-top:0px;padding-right:0px;padding-bottom:0px;padding-left:0px;'><div class=\"fusion-builder-row fusion-row \"><div  class=\"fusion-layout-column fusion_builder_column fusion_builder_column_1_1 fusion-builder-column-1 fusion-one-full fusion-column-first fusion-column-last 1_1\"  style='margin-top:0px;margin-bottom:20px;'>\n\t\t\t\t\t<div class=\"fusion-column-wrapper\" style=\"padding: 0px 0px 0px 0px;background-position:left top;background-repeat:no-repeat;-webkit-background-size:cover;-moz-background-size:cover;-o-background-size:cover;background-size:cover;\"   data-bg-url=\"\">\n\t\t\t\t\t\t<div class=\"fusion-text\"><div class=\"wpb_text_column wpb_content_element \" data-raofz=\"14\">\n<div id=\"ct_5r2edjucf5fpowo0i2km\" class=\"wpb_wrapper\" data-raofz=\"14\">\n<p style=\"text-align: justify;\" align=\"justify\" data-raofz=\"14\"><span style=\"font-size: 14pt;\" data-raofz=\"13\">O Projeto \u201cFitinha da prote\u00e7\u00e3o\u201d, do Minist\u00e9rio P\u00fablico do Estado de Alagoas, venceu, nessa quinta-feira (19), o Pr\u00eamio Neide Castanha, um dos mais importantes reconhecimentos em defesa de direitos humanos voltados \u00e0 prote\u00e7\u00e3o de crian\u00e7as e adolescentes. A iniciativa premiada na categoria \u201cBoas Pr\u00e1ticas em Rede\u201d, uma parceria entre a 1\u00aa Promotoria de Justi\u00e7a de Rio Largo, o N\u00facleo de Defesa da Crian\u00e7a e do Adolescente do MPAL \u2013 vinculado ao Centro de Apoio Operacional \u00e0s Promotorias de Justi\u00e7a -, o Comit\u00ea Municipal de Enfrentamento \u00e0 Viol\u00eancia Sexual Contra Crian\u00e7as e Adolescentes de Rio Largo e\u00a0a editora Caqui (RJ), desenvolveu a\u00e7\u00f5es de preven\u00e7\u00e3o ao abuso sexual infanto-juvenil durante todo o ano de 2021, com atividades de conscientiza\u00e7\u00e3o e combate a esse crime e a distribui\u00e7\u00e3o de fitinhas como s\u00edmbolo da campanha.<\/span><\/p>\n<p style=\"text-align: justify;\" align=\"justify\" data-raofz=\"14\"><span style=\"font-size: 14pt;\" data-raofz=\"13\">Em sua 11\u00aa edi\u00e7\u00e3o, o Pr\u00eamio Neide Castanha outorgou a honraria aos sete projetos que considerou mais importantes no Brasil, cujos resultados impactaram positivamente a vida de milhares de pessoas. O coordenador do Fitinha da Prote\u00e7\u00e3o, promotor de Justi\u00e7a Cl\u00e1udio Malta, afirmou que a conquista do pr\u00eamio \u00e9 um reconhecimento ao trabalho coletivo desenvolvido em Rio Largo. \u201cEstamos felizes com esse resultado, que \u00e9 fruto de um trabalho feito a muitas m\u00e3os. Al\u00e9m, claro, da editora Caqui, que tem \u00e0 frente a pedagoga Caroline Arcari, que foi a pessoa respons\u00e1vel pela idealiza\u00e7\u00e3o do projeto, n\u00f3s mobilizamos toda a rede de prote\u00e7\u00e3o \u00e0 inf\u00e2ncia e \u00e0 juventude da cidade, a comunidade escolar, a sociedade. Ou seja, a popula\u00e7\u00e3o recebeu as informa\u00e7\u00f5es necess\u00e1rias para o combate ao abuso. E os alunos tamb\u00e9m foram grandes parceiros, participando ativamente das atividades e usando as fitinhas, que era o principal s\u00edmbolo do processo de conscientiza\u00e7\u00e3o, ou seja, foi tudo constru\u00eddo de maneira coletiva, por isso, essa premia\u00e7\u00e3o \u00e9 de todos n\u00f3s\u201d, declarou ele.<\/span><\/p>\n<p style=\"text-align: justify;\" align=\"justify\" data-raofz=\"14\"><span style=\"font-size: 14pt;\" data-raofz=\"13\">Cl\u00e1udio Malta tamb\u00e9m lembrou que a ideia do Fitinha da Prote\u00e7\u00e3o surgiu depois que o governo federal informou, no in\u00edcio do ano passado que, no segundo semestre 2020, das 43,8 mil den\u00fancias que chegaram atrav\u00e9s do disque 100, apenas 375 foram feitas por crian\u00e7as e adolescentes. Ent\u00e3o, a ideia era conscientizar as v\u00edtimas para que elas entendessem melhor sobre o crime e tivessem a coragem de contar sobre o abuso aos pais, respons\u00e1veis e professores, de modo que medidas pudessem ser tomadas pelas autoridades.<\/span><\/p>\n<p style=\"text-align: justify;\" align=\"justify\" data-raofz=\"14\"><span style=\"font-size: 14pt;\" data-raofz=\"13\">\u201cAinda \u00e9 importante salientar que, desde a implementa\u00e7\u00e3o do projeto, as den\u00fancias de viol\u00eancia sexual contra crian\u00e7as e adolescentes, em Rio Largo, tiveram um salto de 73% em compara\u00e7\u00e3o ao no anterior. E as fitinhas tiveram essa contribui\u00e7\u00e3o importante porque, nelas, est\u00e3o inscritos s\u00edmbolos que s\u00e3o necess\u00e1rios \u00e0 den\u00fancia, como o disque 100, e os dados que s\u00e3o necess\u00e1rios informar, a exemplo de nome, endere\u00e7o e identidade dos pais, \u201d, completou Cl\u00e1udio Malta.<\/span><\/p>\n<p style=\"text-align: justify;\" align=\"justify\" data-raofz=\"14\"><span style=\"font-size: 14pt;\" data-raofz=\"13\">A partir de agora, o Projeto Fitinha da Prote\u00e7\u00e3o ser\u00e1 executado nas 13 cidades que comp\u00f5em a regi\u00e3o metropolitana de Macei\u00f3. Segundo a gerente da iniciativa em 2021, a assistente social Jediane de Freitas, o Fitinha da Prote\u00e7\u00e3o vem se tornando um importante instrumento de auto defesa para que crian\u00e7as e adolescentes busquem a ajuda no momento em que se sentirem amea\u00e7adas ou envolvidas em alguma situa\u00e7\u00e3o de viol\u00eancia. Nessa nova etapa de expans\u00e3o do o projeto, em 2022, ele est\u00e1 sendo gerenciado pela servidora Maria Cristina Mendes: \u201cA Fitinha da Prote\u00e7\u00e3o tem sido uma importante ferramenta para que crian\u00e7as e adolescentes saibam como denunciar. A miss\u00e3o \u00e9 grande e exige esfor\u00e7os, parcerias e muitas a\u00e7\u00f5es em prol do enfrentamento da viol\u00eancia e mudan\u00e7a de realidades\u201d, pontuou ela.<\/span><\/p>\n<p style=\"text-align: justify;\" align=\"justify\" data-raofz=\"14\"><span style=\"font-size: 14pt;\" data-raofz=\"13\">O projeto \u00e9 integrado tamb\u00e9m por Jediane Freitas e Clara Morgana Torres da Rocha Silva, assistentes sociais, Andreza Galindo Alves de Queir\u00f3z, analista de gest\u00e3o p\u00fablica, Eriksson Calheiros, consultor, e Jo\u00e3o Rodrigo Santos Ferreira, biblioteconomista, todos servidores do MPAL.<\/span><\/p>\n<p style=\"text-align: justify;\" align=\"justify\" data-raofz=\"14\"><span style=\"font-size: 14pt;\" data-raofz=\"13\"><strong>O Pr\u00eamio<\/strong><\/span><\/p>\n<p style=\"text-align: justify;\" align=\"justify\" data-raofz=\"14\"><span style=\"font-size: 14pt;\" data-raofz=\"13\">O pr\u00eamio Neide Castanha \u00e9 realizado h\u00e1 10 anos pelo Comit\u00ea Nacional de Enfrentamento \u00e0 Viol\u00eancia Sexual contra Crian\u00e7as e Adolescentes. Ele \u00e9 uma homenagem \u00e0 Neide Castanha, reconhecida defensora dos direitos humanos que dedicou parte de sua vida a lutar contra a viol\u00eancia a que s\u00e3o submetidas crian\u00e7as e adolescentes no Brasil, tendo participado, inclusive, do processo de constru\u00e7\u00e3o do Estatuto da Crian\u00e7a e do Adolescente e da cria\u00e7\u00e3o do Plano Nacional de Enfrentamento da Viol\u00eancia Sexual contra Crian\u00e7as e Adolescentes.<\/span><\/p>\n<p style=\"text-align: justify;\" align=\"justify\" data-raofz=\"14\"><span style=\"font-size: 14pt;\" data-raofz=\"13\">A honraria tem por objetivo homenagear personalidades e institui\u00e7\u00f5es que, assim como Neide Castanha, destacaram-se na defesa intransigente dos direitos humanos de crian\u00e7as e adolescentes, em especial dos direitos sexuais.<\/span><\/p>\n<\/div>\n<\/div>\n<\/div><div class=\"fusion-clearfix\"><\/div>\n\n\t\t\t\t\t<\/div>\n\t\t\t\t<\/div><\/div><\/div>\n","protected":false},"excerpt":{"rendered":"","protected":false},"author":2,"featured_media":5805,"comment_status":"open","ping_status":"open","sticky":false,"template":"","format":"standard","meta":{"om_disable_all_campaigns":false,"_monsterinsights_skip_tracking":false,"_monsterinsights_sitenote_active":false,"_monsterinsights_sitenote_note":"","_monsterinsights_sitenote_category":0,"_uf_show_specific_survey":0,"_uf_disable_surveys":false,"footnotes":""},"categories":[2],"tags":[],"class_list":["post-5804","post","type-post","status-publish","format-standard","has-post-thumbnail","hentry","category-not_mpal"],"aioseo_notices":[],"_links":{"self":[{"href":"https:\/\/www.mpal.mp.br\/index.php?rest_route=\/wp\/v2\/posts\/5804","targetHints":{"allow":["GET"]}}],"collection":[{"href":"https:\/\/www.mpal.mp.br\/index.php?rest_route=\/wp\/v2\/posts"}],"about":[{"href":"https:\/\/www.mpal.mp.br\/index.php?rest_route=\/wp\/v2\/types\/post"}],"author":[{"embeddable":true,"href":"https:\/\/www.mpal.mp.br\/index.php?rest_route=\/wp\/v2\/users\/2"}],"replies":[{"embeddable":true,"href":"https:\/\/www.mpal.mp.br\/index.php?rest_route=%2Fwp%2Fv2%2Fcomments&post=5804"}],"version-history":[{"count":2,"href":"https:\/\/www.mpal.mp.br\/index.php?rest_route=\/wp\/v2\/posts\/5804\/revisions"}],"predecessor-version":[{"id":5807,"href":"https:\/\/www.mpal.mp.br\/index.php?rest_route=\/wp\/v2\/posts\/5804\/revisions\/5807"}],"wp:featuredmedia":[{"embeddable":true,"href":"https:\/\/www.mpal.mp.br\/index.php?rest_route=\/wp\/v2\/media\/5805"}],"wp:attachment":[{"href":"https:\/\/www.mpal.mp.br\/index.php?rest_route=%2Fwp%2Fv2%2Fmedia&parent=5804"}],"wp:term":[{"taxonomy":"category","embeddable":true,"href":"https:\/\/www.mpal.mp.br\/index.php?rest_route=%2Fwp%2Fv2%2Fcategories&post=5804"},{"taxonomy":"post_tag","embeddable":true,"href":"https:\/\/www.mpal.mp.br\/index.php?rest_route=%2Fwp%2Fv2%2Ftags&post=5804"}],"curies":[{"name":"wp","href":"https:\/\/api.w.org\/{rel}","templated":true}]}}