{"id":57920,"date":"2025-07-16T13:51:22","date_gmt":"2025-07-16T16:51:22","guid":{"rendered":"https:\/\/www.mpal.mp.br\/?p=57920"},"modified":"2025-07-16T14:58:53","modified_gmt":"2025-07-16T17:58:53","slug":"promotora-se-reune-com-o-comandante-geral-da-pm-e-na-pauta-estavam-providencias-adotadas-para-possivel-importunacao-sexual-cometida-por-tenente","status":"publish","type":"post","link":"https:\/\/www.mpal.mp.br\/?p=57920","title":{"rendered":"Promotora se re\u00fane com o comandante-geral da PM e na pauta estavam provid\u00eancias adotadas para poss\u00edvel \u201cimportuna\u00e7\u00e3o sexual\u201d cometida por tenente"},"content":{"rendered":"<div class=\"fusion-fullwidth fullwidth-box fusion-builder-row-1 nonhundred-percent-fullwidth non-hundred-percent-height-scrolling\"  style='background-color: #ffffff;background-position: center center;background-repeat: no-repeat;padding-top:0px;padding-right:0px;padding-bottom:0px;padding-left:0px;'><div class=\"fusion-builder-row fusion-row \"><div  class=\"fusion-layout-column fusion_builder_column fusion_builder_column_1_1 fusion-builder-column-1 fusion-one-full fusion-column-first fusion-column-last 1_1\"  style='margin-top:0px;margin-bottom:0px;'>\n\t\t\t\t\t<div class=\"fusion-column-wrapper\" style=\"padding: 0px 0px 0px 0px;background-position:left top;background-repeat:no-repeat;-webkit-background-size:cover;-moz-background-size:cover;-o-background-size:cover;background-size:cover;\"   data-bg-url=\"\">\n\t\t\t\t\t\t<div class=\"fusion-text\"><p class=\"western\" align=\"justify\"><span style=\"font-family: helvetica, arial, sans-serif;\">O Minist\u00e9rio P\u00fablico do Estado de Alagoas (MPAL), representado pela promotora de Justi\u00e7a Karla Padilha, titular da 62\u00aa Promotoria de Justi\u00e7a (do Controle Externo da Atividade Policial da capital), e a Universidade Federal de Alagoas (UFAL), representada pela diretora da Faculdade de Direito, professora Dra Elaine Pimentel, estiveram, na manh\u00e3 desta quarta-feira (16), com o comandante-geral da Pol\u00edcia Militar de Alagoas, coronel Paulo Amorim. A reuni\u00e3o estava h\u00e1 dias agendada, cuja pauta pontuava v\u00e1rios temas que envolvem o trabalho desenvolvido em parceria pelas institui\u00e7\u00f5es, e que engloba, tamb\u00e9m, o projeto \u201cMulheres em seguran\u00e7a: ass\u00e9dio n\u00e3o\u201d, no entanto, entrou em pauta o caso recente, de repercuss\u00e3o na m\u00eddia, de suposta importuna\u00e7\u00e3o sexual cometida por um tenente do 5\u00ba Batalh\u00e3o tendo como v\u00edtima uma policial militar.<\/span><\/p>\n<p class=\"western\" align=\"justify\"><span style=\"font-family: helvetica, arial, sans-serif;\">De acordo com a promotora de Justi\u00e7a Karla Padilha, o chefe da PMAL informou que a pris\u00e3o disciplinar seria o primeiro passo, seguindo o regimento da corpora\u00e7\u00e3o, mas que outras medidas j\u00e1 est\u00e3o sendo providenciadas.<\/span><\/p>\n<p class=\"western\" align=\"justify\"><span style=\"font-family: helvetica, arial, sans-serif;\">\u201cEstive hoje em reuni\u00e3o com o comandante-geral da PM para tratar de v\u00e1rios assuntos, e na oportunidade ele esclareceu sobre o posicionamento adotado pelo comando em rela\u00e7\u00e3o a esse caso que gerou indigna\u00e7\u00e3o interna, por parte de algumas mulheres policiais, e da sociedade achando que o oficial havia recebido uma pena branda. No entanto, o comandante asseverou que essa primeira provid\u00eancia trata de uma puni\u00e7\u00e3o administrativa que \u00e9 a pris\u00e3o feita imediatamente, adiantando que ser\u00e1 instaurado um inqu\u00e9rito policial militar, o IPM, para apurar a conduta criminal, al\u00e9m de designar oficiais para atuar no conselho de disciplina que serve para<span style=\"color: #001d35;\"><span style=\"font-size: medium;\"> apurar a conduta de militares que possam ter cometido transgress\u00f5es disciplinares consideradas graves\u201d, ressalta a promotora.<\/span><\/span> <\/span><\/p>\n<p class=\"western\" align=\"justify\"><span style=\"font-family: helvetica, arial, sans-serif;\">Karla Padilha destacou que o comandante garantiu empenho e compromisso em apurar com isen\u00e7\u00e3o esse fato que \u00e9 muito grave.<\/span><\/p>\n<p class=\"western\" align=\"justify\"><span style=\"font-family: helvetica, arial, sans-serif;\">\u201cA hip\u00f3tese sugere a pr\u00e1tica de importuna\u00e7\u00e3o sexual e, nesse caso, vai ter que haver investiga\u00e7\u00e3o, direito ao contradit\u00f3rio, para que se verifique ao final a responsabilidade do tenente. Ent\u00e3o, como existe uma prova, me parece uma prova documental que \u00e9 a foto enviada pelo WhatsApp, pelo aplicativo, n\u00e3o \u00e9 dif\u00edcil a comprova\u00e7\u00e3o, \u00e9 s\u00f3 saber se foi remetido. O Minist\u00e9rio P\u00fablico estar\u00e1 atento, continuar\u00e1 alertando os integrantes da seguran\u00e7a p\u00fablica e combatendo as pr\u00e1ticas de ass\u00e9dio sexual e moral, como a\u00e7\u00e3o preventiva, educativa, j\u00e1 estivemos em todos os \u00f3rg\u00e3os que comp\u00f5em a pasta, fizemos campanha, est\u00e3o orientados e sabem que cometendo o crime ser\u00e3o penalizados dentro da lei\u201d, conclui Karla Padilha.<\/span><\/p>\n<\/div><style type=\"text\/css\">.fusion-gallery-1 .fusion-gallery-image {border:0px solid #f6f6f6;-webkit-border-radius:5px;-moz-border-radius:5px;border-radius:5px;}<\/style><div class=\"fusion-gallery fusion-gallery-container fusion-grid-3 fusion-columns-total-0 fusion-gallery-layout-grid fusion-gallery-1\" style=\"margin:-5px;\"><div style=\"padding:5px;\" class=\"fusion-grid-column fusion-gallery-column fusion-gallery-column-3 hover-type-none\"><div class=\"fusion-gallery-image\"><a href=\"https:\/\/www.mpal.mp.br\/wp-content\/uploads\/2025\/07\/Dra-karla-comanda-geral2.jpeg\" rel=\"noreferrer\" data-rel=\"iLightbox[gallery_image_1]\" class=\"fusion-lightbox\" target=\"_self\"><img loading=\"lazy\" decoding=\"async\" src=\"https:\/\/www.mpal.mp.br\/wp-content\/uploads\/2025\/07\/Dra-karla-comanda-geral2.jpeg\" width=\"960\" height=\"1280\" alt=\"\" title=\"Dra karla comanda geral2\" aria-label=\"Dra karla comanda geral2\" class=\"img-responsive wp-image-57923\" \/><\/a><\/div><\/div><div style=\"padding:5px;\" class=\"fusion-grid-column fusion-gallery-column fusion-gallery-column-3 hover-type-none\"><div class=\"fusion-gallery-image\"><a href=\"https:\/\/www.mpal.mp.br\/wp-content\/uploads\/2025\/07\/Dra-Karla-Comando-Geral.jpeg\" rel=\"noreferrer\" data-rel=\"iLightbox[gallery_image_1]\" class=\"fusion-lightbox\" target=\"_self\"><img loading=\"lazy\" decoding=\"async\" src=\"https:\/\/www.mpal.mp.br\/wp-content\/uploads\/2025\/07\/Dra-Karla-Comando-Geral.jpeg\" width=\"960\" height=\"1280\" alt=\"\" title=\"Dra Karla Comando Geral\" aria-label=\"Dra Karla Comando Geral\" class=\"img-responsive wp-image-57924\" \/><\/a><\/div><\/div><\/div><div class=\"fusion-clearfix\"><\/div>\n\n\t\t\t\t\t<\/div>\n\t\t\t\t<\/div><\/div><\/div>\n","protected":false},"excerpt":{"rendered":"","protected":false},"author":8,"featured_media":24082,"comment_status":"open","ping_status":"open","sticky":false,"template":"","format":"standard","meta":{"om_disable_all_campaigns":false,"_monsterinsights_skip_tracking":false,"_monsterinsights_sitenote_active":false,"_monsterinsights_sitenote_note":"","_monsterinsights_sitenote_category":0,"_uf_show_specific_survey":0,"_uf_disable_surveys":false,"footnotes":""},"categories":[52],"tags":[],"class_list":["post-57920","post","type-post","status-publish","format-standard","has-post-thumbnail","hentry","category-not_seguranca_publica"],"aioseo_notices":[],"_links":{"self":[{"href":"https:\/\/www.mpal.mp.br\/index.php?rest_route=\/wp\/v2\/posts\/57920","targetHints":{"allow":["GET"]}}],"collection":[{"href":"https:\/\/www.mpal.mp.br\/index.php?rest_route=\/wp\/v2\/posts"}],"about":[{"href":"https:\/\/www.mpal.mp.br\/index.php?rest_route=\/wp\/v2\/types\/post"}],"author":[{"embeddable":true,"href":"https:\/\/www.mpal.mp.br\/index.php?rest_route=\/wp\/v2\/users\/8"}],"replies":[{"embeddable":true,"href":"https:\/\/www.mpal.mp.br\/index.php?rest_route=%2Fwp%2Fv2%2Fcomments&post=57920"}],"version-history":[{"count":2,"href":"https:\/\/www.mpal.mp.br\/index.php?rest_route=\/wp\/v2\/posts\/57920\/revisions"}],"predecessor-version":[{"id":57954,"href":"https:\/\/www.mpal.mp.br\/index.php?rest_route=\/wp\/v2\/posts\/57920\/revisions\/57954"}],"wp:featuredmedia":[{"embeddable":true,"href":"https:\/\/www.mpal.mp.br\/index.php?rest_route=\/wp\/v2\/media\/24082"}],"wp:attachment":[{"href":"https:\/\/www.mpal.mp.br\/index.php?rest_route=%2Fwp%2Fv2%2Fmedia&parent=57920"}],"wp:term":[{"taxonomy":"category","embeddable":true,"href":"https:\/\/www.mpal.mp.br\/index.php?rest_route=%2Fwp%2Fv2%2Fcategories&post=57920"},{"taxonomy":"post_tag","embeddable":true,"href":"https:\/\/www.mpal.mp.br\/index.php?rest_route=%2Fwp%2Fv2%2Ftags&post=57920"}],"curies":[{"name":"wp","href":"https:\/\/api.w.org\/{rel}","templated":true}]}}