{"id":5763,"date":"2020-12-22T11:49:45","date_gmt":"2020-12-22T14:49:45","guid":{"rendered":"https:\/\/www.mpal.mp.br\/?p=5763"},"modified":"2022-05-23T11:51:09","modified_gmt":"2022-05-23T14:51:09","slug":"pgj-marcio-roberto-recebe-secretario-da-seinfra-que-apresenta-ao-mpal-o-novo-projeto-do-marco-dos-corais","status":"publish","type":"post","link":"https:\/\/www.mpal.mp.br\/?p=5763","title":{"rendered":"PGJ M\u00e1rcio Roberto recebe secret\u00e1rio da Seinfra, que apresenta ao MPAL o novo projeto do Marco dos Corais"},"content":{"rendered":"<p style=\"text-align: justify;\" align=\"justify\" data-raofz=\"14\"><span style=\"font-size: 14pt;\" data-raofz=\"13\">O procurador-geral de Justi\u00e7a, M\u00e1rcio Roberto Ten\u00f3rio de Albuquerque, recebeu, na manh\u00e3 desta\u00a0ter\u00e7a-feira (22),\u00a0o secret\u00e1rio estadual da Infraestrutura (Seinfra), Maur\u00edcio Quintella, no pr\u00e9dio-sede do Minist\u00e9rio P\u00fablico do Estado de Alagoas (MPAL). O encontro teve o objetivo de informar ao \u00f3rg\u00e3o ministerial o andamento do projeto do\u00a0Marco\u00a0dos Corais, que substituir\u00e1 as ru\u00ednas do antigo Alagoinhas, na orla de Ponta Verde, em Macei\u00f3.<\/span><\/p>\n<p style=\"text-align: justify;\" align=\"justify\" data-raofz=\"14\"><span style=\"font-size: 14pt;\" data-raofz=\"13\">Durante a reuni\u00e3o, o chefe do MPAL recebeu a informa\u00e7\u00e3o de que as obras dever\u00e3o ser conclu\u00eddas no primeiro semestre de 2021 e que os recursos que est\u00e3o sendo aplicados s\u00e3o pr\u00f3prios do Governo do Estado e giram em torno de R$ 10 milh\u00f5es.<\/span><\/p>\n<p style=\"text-align: justify;\" align=\"justify\" data-raofz=\"14\"><span style=\"font-size: 14pt;\" data-raofz=\"13\">\u201cFomos informados que tal equipamento p\u00fablico servir\u00e1 como ponto de lazer\u00a0para alagoanos e turistas, ou seja, trata-se de mais um empreendimento que levar\u00e1 entretenimento para o povo, e isso \u00e9 muito bom. E o Minist\u00e9rio P\u00fablico vai acompanhar de perto essa obra\u201d, disse M\u00e1rcio Roberto Ten\u00f3rio de Albuquerque.<\/span><\/p>\n<p style=\"text-align: justify;\" align=\"justify\" data-raofz=\"14\"><span style=\"font-size: 14pt;\" data-raofz=\"13\">O\u00a0secret\u00e1rio da Seinfra, Maur\u00edcio Quintella,\u00a0garantiu que o Marco dos Corais\u00a0vai ser um importante ponto tur\u00edstico para a capital Macei\u00f3. \u201cO projeto foi bem feito e teve o cuidado de ser ambientalmente correto. Teremos um dos mais bonitos equipamentos p\u00fablicos do Nordeste\u201d, garantiu.<\/span><\/p>\n<p style=\"text-align: justify;\" align=\"justify\" data-raofz=\"14\"><span style=\"font-size: 14pt;\" data-raofz=\"13\">Ap\u00f3s o recesso\u00a0do sistema da Justi\u00e7a, ficou acordada\u00a0uma nova reuni\u00e3o, dessa vez com o promotor de Justi\u00e7a Jorge D\u00f3rea, da Promotoria de Justi\u00e7a de Urbanismo, para que o Minist\u00e9rio P\u00fablico, por meio do \u00f3rg\u00e3o de execu\u00e7\u00e3o competente, acompanhe o andamento dos servi\u00e7os.<\/span><\/p>\n","protected":false},"excerpt":{"rendered":"<p> [&hellip;]<\/p>\n","protected":false},"author":5,"featured_media":5766,"comment_status":"open","ping_status":"open","sticky":false,"template":"","format":"standard","meta":{"om_disable_all_campaigns":false,"_monsterinsights_skip_tracking":false,"_monsterinsights_sitenote_active":false,"_monsterinsights_sitenote_note":"","_monsterinsights_sitenote_category":0,"_uf_show_specific_survey":0,"_uf_disable_surveys":false,"footnotes":""},"categories":[2],"tags":[],"class_list":["post-5763","post","type-post","status-publish","format-standard","has-post-thumbnail","hentry","category-not_mpal"],"aioseo_notices":[],"_links":{"self":[{"href":"https:\/\/www.mpal.mp.br\/index.php?rest_route=\/wp\/v2\/posts\/5763","targetHints":{"allow":["GET"]}}],"collection":[{"href":"https:\/\/www.mpal.mp.br\/index.php?rest_route=\/wp\/v2\/posts"}],"about":[{"href":"https:\/\/www.mpal.mp.br\/index.php?rest_route=\/wp\/v2\/types\/post"}],"author":[{"embeddable":true,"href":"https:\/\/www.mpal.mp.br\/index.php?rest_route=\/wp\/v2\/users\/5"}],"replies":[{"embeddable":true,"href":"https:\/\/www.mpal.mp.br\/index.php?rest_route=%2Fwp%2Fv2%2Fcomments&post=5763"}],"version-history":[{"count":1,"href":"https:\/\/www.mpal.mp.br\/index.php?rest_route=\/wp\/v2\/posts\/5763\/revisions"}],"predecessor-version":[{"id":5767,"href":"https:\/\/www.mpal.mp.br\/index.php?rest_route=\/wp\/v2\/posts\/5763\/revisions\/5767"}],"wp:featuredmedia":[{"embeddable":true,"href":"https:\/\/www.mpal.mp.br\/index.php?rest_route=\/wp\/v2\/media\/5766"}],"wp:attachment":[{"href":"https:\/\/www.mpal.mp.br\/index.php?rest_route=%2Fwp%2Fv2%2Fmedia&parent=5763"}],"wp:term":[{"taxonomy":"category","embeddable":true,"href":"https:\/\/www.mpal.mp.br\/index.php?rest_route=%2Fwp%2Fv2%2Fcategories&post=5763"},{"taxonomy":"post_tag","embeddable":true,"href":"https:\/\/www.mpal.mp.br\/index.php?rest_route=%2Fwp%2Fv2%2Ftags&post=5763"}],"curies":[{"name":"wp","href":"https:\/\/api.w.org\/{rel}","templated":true}]}}