{"id":5742,"date":"2021-12-07T10:58:13","date_gmt":"2021-12-07T13:58:13","guid":{"rendered":"https:\/\/www.mpal.mp.br\/?p=5742"},"modified":"2022-05-23T10:58:39","modified_gmt":"2022-05-23T13:58:39","slug":"mpal-e-cesmac-assinam-convenio-para-elaboracao-de-projetos-que-vao-auxiliar-trabalho-das-promotorias-de-justica-2","status":"publish","type":"post","link":"https:\/\/www.mpal.mp.br\/?p=5742","title":{"rendered":"MPAL e Cesmac assinam conv\u00eanio para elabora\u00e7\u00e3o de projetos que v\u00e3o auxiliar trabalho das promotorias de Justi\u00e7a"},"content":{"rendered":"<div class=\"fusion-fullwidth fullwidth-box fusion-builder-row-1 nonhundred-percent-fullwidth non-hundred-percent-height-scrolling\"  style='background-color: #ffffff;background-position: center center;background-repeat: no-repeat;padding-top:0px;padding-right:0px;padding-bottom:0px;padding-left:0px;'><div class=\"fusion-builder-row fusion-row \"><div  class=\"fusion-layout-column fusion_builder_column fusion_builder_column_1_1 fusion-builder-column-1 fusion-one-full fusion-column-first fusion-column-last 1_1\"  style='margin-top:0px;margin-bottom:20px;'>\n\t\t\t\t\t<div class=\"fusion-column-wrapper\" style=\"padding: 0px 0px 0px 0px;background-position:left top;background-repeat:no-repeat;-webkit-background-size:cover;-moz-background-size:cover;-o-background-size:cover;background-size:cover;\"   data-bg-url=\"\">\n\t\t\t\t\t\t<div class=\"fusion-text\"><div class=\"wpb_text_column wpb_content_element \" data-raofz=\"14\">\n<div id=\"ct_5r2edjucf5fpowo0i2km\" class=\"wpb_wrapper\" data-raofz=\"14\">\n<p style=\"text-align: justify;\" align=\"justify\" data-raofz=\"14\"><span style=\"font-size: 14pt;\" data-raofz=\"13\">O Minist\u00e9rio P\u00fablico do Estado de Alagoas (MPAL) e a Funda\u00e7\u00e3o Educacional Jayme de Altavila (Fejal) assinaram, na manh\u00e3 desta ter\u00e7a-feira (7), um importante conv\u00eanio que vai permitir que as promotorias de Justi\u00e7a desenvolvam trabalhos mais especializados com o apoio de projetos de extens\u00e3o elaborados por alunos daquela faculdade. Esse aperfei\u00e7oamento t\u00e9cnico vai envolver as \u00e1reas cient\u00edfica, cultural e de forma\u00e7\u00e3o humanista.<\/span><\/p>\n<p style=\"text-align: justify;\" align=\"justify\" data-raofz=\"14\"><span style=\"font-size: 14pt;\" data-raofz=\"13\">O conv\u00eanio foi assinado pelo procurador-geral de Justi\u00e7a em exerc\u00edcio, Valter Acioly, e pelo presidente da Fejal, Jo\u00e3o Rodrigues Sampaio. \u201cEstamos honrados com essa parceria, temos certeza de que os estudos que ser\u00e3o agregados ao trabalho desenvolvido por nossos membros trar\u00e3o grandes benef\u00edcios \u00e0 sociedade. E como sabemos que o Cesmac oferece um ensino de excel\u00eancia aos seus alunos, essa qualidade ser\u00e1 revertida para o destinat\u00e1rio final da presta\u00e7\u00e3o de servi\u00e7os do Minist\u00e9rio P\u00fablico, que \u00e9 o cidad\u00e3o\u201d, afirmou o chefe interino do MPAL.<\/span><\/p>\n<p style=\"text-align: justify;\" align=\"justify\" data-raofz=\"14\"><span style=\"font-size: 14pt;\" data-raofz=\"13\">O presidente da Fejal tamb\u00e9m comemorou a parceria. \u201cDe acordo com o plano de trabalho que ser\u00e1 enviado pelo Minist\u00e9rio P\u00fablico, nossa coordena\u00e7\u00e3o de extens\u00e3o universit\u00e1ria e de pesquisa cient\u00edfica vai selecionar a proposta que melhor se enquadrar\u00e1 aquele projeto e desenvolv\u00ea-la de modo que os resultados, de fato, possam ser \u00fateis \u00e0 popula\u00e7\u00e3o\u201d, comentou Jo\u00e3o Sampaio.<\/span><\/p>\n<p style=\"text-align: justify;\" align=\"justify\" data-raofz=\"14\"><span style=\"font-size: 14pt;\" data-raofz=\"13\">Para o ouvidor do MPAL e coordenador do curso de Direito do Cesmac, procurador de Justi\u00e7a Lean Ara\u00fajo, por meio do conv\u00eanio, o estado dever\u00e1 \u00e0 sociedade aquilo que ela mesma forneceu: o conhecimento. \u201cEsses projetos de extens\u00e3o e pesquisa ter\u00e3o objetivo, forma, cronograma de execu\u00e7\u00e3o e vig\u00eancia, de modo que eles possam ser \u00fateis \u00e0s a\u00e7\u00f5es desenvolvidas pelo Minist\u00e9rio P\u00fablico. S\u00e3o saberes universit\u00e1rios que se unir\u00e3o ao conhecimento de dom\u00ednio dos promotores de Justi\u00e7a, numa jun\u00e7\u00e3o inovadora que trar\u00e1 grandes resultados\u201d, declarou ele.<\/span><\/p>\n<p style=\"text-align: justify;\" align=\"justify\" data-raofz=\"14\"><span style=\"font-size: 14pt;\" data-raofz=\"13\"><strong>Primeiro projeto ser\u00e1 na \u00e1rea da inf\u00e2ncia e juventude<\/strong><\/span><\/p>\n<p style=\"text-align: justify;\" align=\"justify\" data-raofz=\"14\"><span style=\"font-size: 14pt;\" data-raofz=\"13\">E o primeiro projeto a ser desenvolvido em parceria ser\u00e1 coordenado pela promotora de Justi\u00e7a Mar\u00edlia Cerqueira, que esteve presente ao encontro. \u201cSer\u00e1 na \u00e1rea de medidas socioeducativas aplicadas a adolescentes em conflito com a lei. Estamos elaborando o plano de trabalho e, em breve, come\u00e7aremos a sua execu\u00e7\u00e3o\u201d, garantiu ela.<\/span><\/p>\n<p style=\"text-align: justify;\" align=\"justify\" data-raofz=\"14\"><span style=\"font-size: 14pt;\" data-raofz=\"13\">Tamb\u00e9m estiveram presentes \u00e0 cerim\u00f4nia de assinatura outros membros da diretoria do Cesmac, dentre eles, o professor Douglas Apratto. \u201c\u00c9 uma alegria e honra pra gente formalizar esse conv\u00eanio. O Minist\u00e9rio P\u00fablico, h\u00e1 muito tempo, j\u00e1 faz parte da rotina do Cesmac porque estamos sendo sempre orientados pela Promotoria de Justi\u00e7a de Funda\u00e7\u00f5es que, na condi\u00e7\u00e3o de fiscal da lei, mostra-nos o caminho certo a seguir. Inclusive, queremos deixar os nossos agradecimentos \u00e0 promotora de Justi\u00e7a Failde Mendon\u00e7a, que foi quem come\u00e7ou esse trabalho, e ao promotor Givaldo Lessa, que deu continuidade \u00e0 miss\u00e3o e segue nos orientando\u201d, disse.<\/span><\/p>\n<\/div>\n<\/div>\n<\/div><div class=\"fusion-clearfix\"><\/div>\n\n\t\t\t\t\t<\/div>\n\t\t\t\t<\/div><\/div><\/div>\n","protected":false},"excerpt":{"rendered":"","protected":false},"author":1,"featured_media":5743,"comment_status":"open","ping_status":"open","sticky":false,"template":"","format":"standard","meta":{"om_disable_all_campaigns":false,"_monsterinsights_skip_tracking":false,"_monsterinsights_sitenote_active":false,"_monsterinsights_sitenote_note":"","_monsterinsights_sitenote_category":0,"_uf_show_specific_survey":0,"_uf_disable_surveys":false,"footnotes":""},"categories":[2],"tags":[],"class_list":["post-5742","post","type-post","status-publish","format-standard","has-post-thumbnail","hentry","category-not_mpal"],"aioseo_notices":[],"_links":{"self":[{"href":"https:\/\/www.mpal.mp.br\/index.php?rest_route=\/wp\/v2\/posts\/5742","targetHints":{"allow":["GET"]}}],"collection":[{"href":"https:\/\/www.mpal.mp.br\/index.php?rest_route=\/wp\/v2\/posts"}],"about":[{"href":"https:\/\/www.mpal.mp.br\/index.php?rest_route=\/wp\/v2\/types\/post"}],"author":[{"embeddable":true,"href":"https:\/\/www.mpal.mp.br\/index.php?rest_route=\/wp\/v2\/users\/1"}],"replies":[{"embeddable":true,"href":"https:\/\/www.mpal.mp.br\/index.php?rest_route=%2Fwp%2Fv2%2Fcomments&post=5742"}],"version-history":[{"count":2,"href":"https:\/\/www.mpal.mp.br\/index.php?rest_route=\/wp\/v2\/posts\/5742\/revisions"}],"predecessor-version":[{"id":5745,"href":"https:\/\/www.mpal.mp.br\/index.php?rest_route=\/wp\/v2\/posts\/5742\/revisions\/5745"}],"wp:featuredmedia":[{"embeddable":true,"href":"https:\/\/www.mpal.mp.br\/index.php?rest_route=\/wp\/v2\/media\/5743"}],"wp:attachment":[{"href":"https:\/\/www.mpal.mp.br\/index.php?rest_route=%2Fwp%2Fv2%2Fmedia&parent=5742"}],"wp:term":[{"taxonomy":"category","embeddable":true,"href":"https:\/\/www.mpal.mp.br\/index.php?rest_route=%2Fwp%2Fv2%2Fcategories&post=5742"},{"taxonomy":"post_tag","embeddable":true,"href":"https:\/\/www.mpal.mp.br\/index.php?rest_route=%2Fwp%2Fv2%2Ftags&post=5742"}],"curies":[{"name":"wp","href":"https:\/\/api.w.org\/{rel}","templated":true}]}}