{"id":5737,"date":"2022-05-19T10:34:16","date_gmt":"2022-05-19T13:34:16","guid":{"rendered":"https:\/\/www.mpal.mp.br\/?p=5737"},"modified":"2022-05-23T13:14:35","modified_gmt":"2022-05-23T16:14:35","slug":"sustentacao-do-ministerio-publico-leva-assassinos-de-taxistas-a-condenacao-autor-intelectual-e-material-teve-pena-de-28-anos-de-prisao","status":"publish","type":"post","link":"https:\/\/www.mpal.mp.br\/?p=5737","title":{"rendered":"Sustenta\u00e7\u00e3o do Minist\u00e9rio P\u00fablico leva assassinos de taxistas \u00e0 condena\u00e7\u00e3o; autor intelectual e material teve pena de 28 anos de pris\u00e3o"},"content":{"rendered":"<div class=\"fusion-fullwidth fullwidth-box fusion-builder-row-1 nonhundred-percent-fullwidth non-hundred-percent-height-scrolling\"  style='background-color: #ffffff;background-position: center center;background-repeat: no-repeat;padding-top:0px;padding-right:0px;padding-bottom:0px;padding-left:0px;'><div class=\"fusion-builder-row fusion-row \"><div  class=\"fusion-layout-column fusion_builder_column fusion_builder_column_1_1 fusion-builder-column-1 fusion-one-full fusion-column-first fusion-column-last 1_1\"  style='margin-top:0px;margin-bottom:20px;'>\n\t\t\t\t\t<div class=\"fusion-column-wrapper\" style=\"padding: 0px 0px 0px 0px;background-position:left top;background-repeat:no-repeat;-webkit-background-size:cover;-moz-background-size:cover;-o-background-size:cover;background-size:cover;\"   data-bg-url=\"\">\n\t\t\t\t\t\t<div class=\"fusion-text\"><div class=\"wpb_text_column wpb_content_element \" data-raofz=\"14\">\n<div id=\"ct_5r2edjucf5fpowo0i2km\" class=\"wpb_wrapper\" data-raofz=\"14\">\n<p style=\"text-align: justify;\" align=\"justify\" data-raofz=\"14\"><span style=\"font-size: 14pt;\" data-raofz=\"14\">Houve um homic\u00eddio planejado, a simula\u00e7\u00e3o de um assalto, uma execu\u00e7\u00e3o cruel sem a menor defesa da v\u00edtima, \u00e0 trai\u00e7\u00e3o, com um tiro nas costas. O Minist\u00e9rio P\u00fablico do Estado de Alagoas (MPAL), fez sustenta\u00e7\u00e3o, nesta quarta-feira (19), contra os acusados de matar, em 2019, o taxista Ed\u00edsio Correia Santos, de 64 anos, por motivo banal. Wellinton Henrique dos Santos, de 22 anos, autor intelectual e material, teve pena definitiva de 28 anos de pris\u00e3o, em regime fechado. A promotora de Justi\u00e7a Adilza Freitas defendeu pena m\u00e1xima por homic\u00eddio duplamente qualificado e roubo.<\/span><\/p>\n<p style=\"text-align: justify;\" align=\"justify\" data-raofz=\"14\"><span style=\"font-size: 14pt;\" data-raofz=\"16\">De acordo com as investiga\u00e7\u00f5es, era Wellinton, \u00e0 \u00e9poca com 20 anos, o principal interessado na morte do idoso, pois havia tido uma discuss\u00e3o de tr\u00e2nsito com a v\u00edtima e queria vingan\u00e7a. Os demais teriam sido convidados por ele para participar de um assalto forjado.<\/span><\/p>\n<p style=\"text-align: justify;\" align=\"justify\" data-raofz=\"14\"><span style=\"font-size: 14pt;\">\u201c O luto da fam\u00edlia terminou no dia de hoje com a condena\u00e7\u00e3o dos respons\u00e1veis. \u00c9 uma ang\u00fastia muito grande para fam\u00edlia aguardar esse momento. O agressor quando mata uma pessoa, mata tamb\u00e9m a fam\u00edlia porque ela n\u00e3o ser\u00e1 mais a mesma. O filho da v\u00edtima, em raz\u00e3o do assassinato do pai, passou a receber tratamento psiqui\u00e1trico e at\u00e9 hoje depende de medicamentos controlados.\u00a0Quanto vale uma vida? Um senhor de 64 anos perdeu a sua por conta de uma briga de tr\u00e2nsito quando o assunto parecia j\u00e1 ter sido resolvido.\u00a0O MP em plen\u00e1rio, quando pede a condena\u00e7\u00e3o de um r\u00e9u , est\u00e1 atuando na defesa da vida. O crime\u00a0foi todo premeditado, ocorreu de forma covarde e por motivo torpe.\u201d, afirma a promotora Adilza.<\/span><\/p>\n<p style=\"text-align: justify;\" data-raofz=\"14\"><span style=\"font-size: 14pt;\" data-raofz=\"14\"><b>Senten\u00e7a<\/b><\/span><\/p>\n<p style=\"text-align: justify;\" data-raofz=\"14\"><span style=\"font-size: 14pt;\" data-raofz=\"14\">Ap\u00f3s o Conselho de Senten\u00e7a, por maioria de votos, concordar com o Minist\u00e9rio P\u00fablico e acatar as qualificadoras, assim ficaram definidas as penas:<\/span><\/p>\n<p style=\"text-align: justify;\" data-raofz=\"14\"><span style=\"font-size: 14pt;\" data-raofz=\"14\">Welliton Henrique dos Santos, 23 anos, autor intelectual e material, foi condenado a 28 anos de pris\u00e3o mais uma multa de R$ 8 mil por homic\u00eddio duplamente qualificado e roubo;<\/span><\/p>\n<p style=\"text-align: justify;\" data-raofz=\"14\"><span style=\"font-size: 14pt;\" data-raofz=\"14\">J\u00e1 Guilherme Vieira Ferreira, 21, que participou do roubo e foi pago para se desfazer do ve\u00edculo da v\u00edtima, foi beneficiado pela confiss\u00e3o e recebeu pena que possibilitou ir para regime semiaberto tendo a pris\u00e3o revogada. Mas deixou de ser r\u00e9u prim\u00e1rio e tem multa a pagar ;<\/span><\/p>\n<p style=\"text-align: justify;\" data-raofz=\"14\"><span style=\"font-size: 14pt;\" data-raofz=\"14\">Wanderson Felipe, de 26, foi condenado , por roubo, a 12 anos de pris\u00e3o e multa de 10 mil;<\/span><\/p>\n<p style=\"text-align: justify;\" data-raofz=\"14\"><span style=\"font-size: 14pt;\" data-raofz=\"14\">Ralpho da Silva Gomes foi o \u00fanico absolvido.<\/span><\/p>\n<p style=\"text-align: justify;\" data-raofz=\"14\"><span style=\"font-size: 14pt;\" data-raofz=\"14\"><b>O caso<\/b><\/span><\/p>\n<p style=\"text-align: justify;\" align=\"justify\" data-raofz=\"14\"><span style=\"font-size: 14pt;\" data-raofz=\"14\">Ed\u00edsio Correia Santos ia com o seu filho, identificado como Edson, levar o neto na escola quando uma motocicleta colidiu com o seu ve\u00edculo t\u00e1xi, chateado, a v\u00edtima teria descido para tomar satisfa\u00e7\u00e3o com Welliton e houve uma discuss\u00e3o.<\/span><\/p>\n<p style=\"text-align: justify;\" align=\"justify\" data-raofz=\"14\"><span style=\"font-size: 14pt;\" data-raofz=\"14\">Aparentemente o problema havia sido resolvido com o assassino assumindo o reparo do ve\u00edculo de Ed\u00edsio, no valor de mil reais. No entanto, Welliton decidiu mat\u00e1-lo e, no dia 22 de janeiro de 2019, simulou um assalto, entrando inclusive de cabe\u00e7a baixa no t\u00e1xi para Ed\u00edsio n\u00e3o reconhec\u00ea-lo. Depois, juntamente com os comparsas, levou o idoso para o local onde fora executado pelas costas.<\/span><\/p>\n<\/div>\n<\/div>\n<\/div><div class=\"fusion-clearfix\"><\/div>\n\n\t\t\t\t\t<\/div>\n\t\t\t\t<\/div><\/div><\/div>\n","protected":false},"excerpt":{"rendered":"","protected":false},"author":2,"featured_media":5738,"comment_status":"open","ping_status":"open","sticky":false,"template":"","format":"standard","meta":{"om_disable_all_campaigns":false,"_monsterinsights_skip_tracking":false,"_monsterinsights_sitenote_active":false,"_monsterinsights_sitenote_note":"","_monsterinsights_sitenote_category":0,"_uf_show_specific_survey":0,"_uf_disable_surveys":false,"footnotes":""},"categories":[2],"tags":[],"class_list":["post-5737","post","type-post","status-publish","format-standard","has-post-thumbnail","hentry","category-not_mpal"],"aioseo_notices":[],"_links":{"self":[{"href":"https:\/\/www.mpal.mp.br\/index.php?rest_route=\/wp\/v2\/posts\/5737","targetHints":{"allow":["GET"]}}],"collection":[{"href":"https:\/\/www.mpal.mp.br\/index.php?rest_route=\/wp\/v2\/posts"}],"about":[{"href":"https:\/\/www.mpal.mp.br\/index.php?rest_route=\/wp\/v2\/types\/post"}],"author":[{"embeddable":true,"href":"https:\/\/www.mpal.mp.br\/index.php?rest_route=\/wp\/v2\/users\/2"}],"replies":[{"embeddable":true,"href":"https:\/\/www.mpal.mp.br\/index.php?rest_route=%2Fwp%2Fv2%2Fcomments&post=5737"}],"version-history":[{"count":2,"href":"https:\/\/www.mpal.mp.br\/index.php?rest_route=\/wp\/v2\/posts\/5737\/revisions"}],"predecessor-version":[{"id":5740,"href":"https:\/\/www.mpal.mp.br\/index.php?rest_route=\/wp\/v2\/posts\/5737\/revisions\/5740"}],"wp:featuredmedia":[{"embeddable":true,"href":"https:\/\/www.mpal.mp.br\/index.php?rest_route=\/wp\/v2\/media\/5738"}],"wp:attachment":[{"href":"https:\/\/www.mpal.mp.br\/index.php?rest_route=%2Fwp%2Fv2%2Fmedia&parent=5737"}],"wp:term":[{"taxonomy":"category","embeddable":true,"href":"https:\/\/www.mpal.mp.br\/index.php?rest_route=%2Fwp%2Fv2%2Fcategories&post=5737"},{"taxonomy":"post_tag","embeddable":true,"href":"https:\/\/www.mpal.mp.br\/index.php?rest_route=%2Fwp%2Fv2%2Ftags&post=5737"}],"curies":[{"name":"wp","href":"https:\/\/api.w.org\/{rel}","templated":true}]}}