{"id":56685,"date":"2025-06-04T10:28:48","date_gmt":"2025-06-04T13:28:48","guid":{"rendered":"https:\/\/www.mpal.mp.br\/?p=56685"},"modified":"2025-06-05T11:25:43","modified_gmt":"2025-06-05T14:25:43","slug":"chefe-do-ministerio-publico-lean-araujo-reforca-fortalecimento-dos-lacos-institucionais-ao-receber-o-corregedor-nacional-do-mpt","status":"publish","type":"post","link":"https:\/\/www.mpal.mp.br\/?p=56685","title":{"rendered":"Chefe do Minist\u00e9rio P\u00fablico, Lean Ara\u00fajo, refor\u00e7a fortalecimento dos la\u00e7os institucionais ao receber o corregedor Nacional do MPT"},"content":{"rendered":"<div class=\"fusion-fullwidth fullwidth-box fusion-builder-row-1 nonhundred-percent-fullwidth non-hundred-percent-height-scrolling\"  style='background-color: #ffffff;background-position: center center;background-repeat: no-repeat;padding-top:0px;padding-right:0px;padding-bottom:0px;padding-left:0px;'><div class=\"fusion-builder-row fusion-row \"><div  class=\"fusion-layout-column fusion_builder_column fusion_builder_column_1_1 fusion-builder-column-1 fusion-one-full fusion-column-first fusion-column-last 1_1\"  style='margin-top:0px;margin-bottom:0px;'>\n\t\t\t\t\t<div class=\"fusion-column-wrapper\" style=\"padding: 0px 0px 0px 0px;background-position:left top;background-repeat:no-repeat;-webkit-background-size:cover;-moz-background-size:cover;-o-background-size:cover;background-size:cover;\"   data-bg-url=\"\">\n\t\t\t\t\t\t<div class=\"fusion-text\"><p style=\"text-align: justify;\">O procurador-geral de Justi\u00e7a, Lean Ara\u00fajo, e o corregedor-geral, Eduardo Tavares, receberam, nessa ter\u00e7a-feira (3), a visita institucional do corregedor nacional do Minist\u00e9rio P\u00fablico do Trabalho (MPT), Jeferson Luiz Pereira Coelho. O encontro aconteceu na sede do Minist\u00e9rio P\u00fablico do Estado de Alagoas (MPAL), em Macei\u00f3, e teve como objetivo principal o fortalecimento dos la\u00e7os institucionais entre os dois ramos do Minist\u00e9rio P\u00fablico, al\u00e9m de promover o interc\u00e2mbio de informa\u00e7\u00f5es e experi\u00eancias.<\/p>\n<p style=\"text-align: justify;\">Durante a reuni\u00e3o, os representantes destacaram a import\u00e2ncia da atua\u00e7\u00e3o conjunta em defesa dos direitos fundamentais, especialmente nas \u00e1reas que envolvem direitos humanos e o universo do trabalho, a exemplo do combate ao trabalho infantil, a promo\u00e7\u00e3o da inclus\u00e3o social e a garantia de condi\u00e7\u00f5es dignas de trabalho no estado de Alagoas.<\/p>\n<p style=\"text-align: justify;\">O procurador-geral de Justi\u00e7a de Alagoas ressaltou a import\u00e2ncia da visita e reafirmou o compromisso do MPAL com o trabalho articulado entre os \u00f3rg\u00e3os do sistema de Justi\u00e7a. \u201cEssa aproxima\u00e7\u00e3o fortalece as nossas institui\u00e7\u00f5es e permite que avancemos em pautas comuns, especialmente na prote\u00e7\u00e3o aos direitos coletivos e sociais. Estamos sempre abertos ao di\u00e1logo e \u00e0 coopera\u00e7\u00e3o institucional\u201d, disse Lean Ara\u00fajo.<\/p>\n<p style=\"text-align: justify;\">O corregedor nacional elogiou a atua\u00e7\u00e3o do Minist\u00e9rio P\u00fablico de Alagoas e manifestou interesse em conhecer os projetos e iniciativas desenvolvidos no \u00e2mbito estadual.<\/p>\n<p style=\"text-align: justify;\">Ele destacou que sempre que realiza correi\u00e7\u00f5es nas unidades do MPT nos estados, re\u00fane-se com o procurador-geral de Justi\u00e7a e com o corregedor do Minist\u00e9rio P\u00fablico Estadual, visando estreitar os la\u00e7os e tratar de assuntos de interesse do MP brasileiro, assim como incentivar a atua\u00e7\u00e3o conjunta com o MPT em \u00e1reas de atua\u00e7\u00e3o espec\u00edficas.<\/p>\n<p style=\"text-align: justify;\">A visita institucional tamb\u00e9m serviu para apresentar ao corregedor a estrutura organizacional e os principais programas do MPAL, inclusive, Lean Ara\u00fajo falou sobre a iniciativa desenvolvida em parceria com o MPT no tocante a a\u00e7\u00f5es em prol da dignidade e da cidadania para profissionais do sexo.<\/p>\n<p style=\"text-align: justify;\">O encontro simbolizou mais um passo em dire\u00e7\u00e3o a uma atua\u00e7\u00e3o ministerial integrada, t\u00e9cnica e comprometida com os interesses da sociedade, especialmente nos temas que exigem uni\u00e3o de esfor\u00e7os entre os ramos do Minist\u00e9rio P\u00fablico.<\/p>\n<p><span style=\"font-size: 14pt;\"><strong>GALERIA DE FOTOS:<\/strong><\/span><\/p>\n<\/div><style type=\"text\/css\">.fusion-gallery-1 .fusion-gallery-image {border:0px solid #f6f6f6;-webkit-border-radius:5px;-moz-border-radius:5px;border-radius:5px;}<\/style><div class=\"fusion-gallery fusion-gallery-container fusion-grid-3 fusion-columns-total-0 fusion-gallery-layout-grid fusion-gallery-1\" style=\"margin:-5px;\"><div style=\"padding:5px;\" class=\"fusion-grid-column fusion-gallery-column fusion-gallery-column-3 hover-type-none\"><div class=\"fusion-gallery-image\"><a href=\"https:\/\/www.mpal.mp.br\/wp-content\/uploads\/2025\/06\/6N6A5091.jpeg\" rel=\"noreferrer\" data-rel=\"iLightbox[gallery_image_1]\" class=\"fusion-lightbox\" target=\"_self\"><img loading=\"lazy\" decoding=\"async\" src=\"https:\/\/www.mpal.mp.br\/wp-content\/uploads\/2025\/06\/6N6A5091.jpeg\" width=\"1620\" height=\"1080\" alt=\"\" title=\"6N6A5091\" aria-label=\"6N6A5091\" class=\"img-responsive wp-image-56671\" \/><\/a><\/div><\/div><div style=\"padding:5px;\" class=\"fusion-grid-column fusion-gallery-column fusion-gallery-column-3 hover-type-none\"><div class=\"fusion-gallery-image\"><a href=\"https:\/\/www.mpal.mp.br\/wp-content\/uploads\/2025\/06\/6N6A5105.jpeg\" rel=\"noreferrer\" data-rel=\"iLightbox[gallery_image_1]\" class=\"fusion-lightbox\" target=\"_self\"><img loading=\"lazy\" decoding=\"async\" src=\"https:\/\/www.mpal.mp.br\/wp-content\/uploads\/2025\/06\/6N6A5105.jpeg\" width=\"1620\" height=\"1080\" alt=\"\" title=\"6N6A5105\" aria-label=\"6N6A5105\" class=\"img-responsive wp-image-56669\" \/><\/a><\/div><\/div><div style=\"padding:5px;\" class=\"fusion-grid-column fusion-gallery-column fusion-gallery-column-3 hover-type-none\"><div class=\"fusion-gallery-image\"><a href=\"https:\/\/www.mpal.mp.br\/wp-content\/uploads\/2025\/06\/6N6A5115.jpeg\" rel=\"noreferrer\" data-rel=\"iLightbox[gallery_image_1]\" class=\"fusion-lightbox\" target=\"_self\"><img loading=\"lazy\" decoding=\"async\" src=\"https:\/\/www.mpal.mp.br\/wp-content\/uploads\/2025\/06\/6N6A5115.jpeg\" width=\"1620\" height=\"1080\" alt=\"\" title=\"6N6A5115\" aria-label=\"6N6A5115\" class=\"img-responsive wp-image-56665\" \/><\/a><\/div><\/div><div class=\"clearfix\"><\/div><div style=\"padding:5px;\" class=\"fusion-grid-column fusion-gallery-column fusion-gallery-column-3 hover-type-none\"><div class=\"fusion-gallery-image\"><a href=\"https:\/\/www.mpal.mp.br\/wp-content\/uploads\/2025\/06\/6N6A5126.jpeg\" rel=\"noreferrer\" data-rel=\"iLightbox[gallery_image_1]\" class=\"fusion-lightbox\" target=\"_self\"><img loading=\"lazy\" decoding=\"async\" src=\"https:\/\/www.mpal.mp.br\/wp-content\/uploads\/2025\/06\/6N6A5126.jpeg\" width=\"1620\" height=\"1080\" alt=\"\" title=\"6N6A5126\" aria-label=\"6N6A5126\" class=\"img-responsive wp-image-56661\" \/><\/a><\/div><\/div><div style=\"padding:5px;\" class=\"fusion-grid-column fusion-gallery-column fusion-gallery-column-3 hover-type-none\"><div class=\"fusion-gallery-image\"><a href=\"https:\/\/www.mpal.mp.br\/wp-content\/uploads\/2025\/06\/6N6A5122.jpeg\" rel=\"noreferrer\" data-rel=\"iLightbox[gallery_image_1]\" class=\"fusion-lightbox\" target=\"_self\"><img loading=\"lazy\" decoding=\"async\" src=\"https:\/\/www.mpal.mp.br\/wp-content\/uploads\/2025\/06\/6N6A5122.jpeg\" width=\"1620\" height=\"1080\" alt=\"\" title=\"6N6A5122\" aria-label=\"6N6A5122\" class=\"img-responsive wp-image-56662\" \/><\/a><\/div><\/div><div style=\"padding:5px;\" class=\"fusion-grid-column fusion-gallery-column fusion-gallery-column-3 hover-type-none\"><div class=\"fusion-gallery-image\"><a href=\"https:\/\/www.mpal.mp.br\/wp-content\/uploads\/2025\/06\/6N6A5131.jpeg\" rel=\"noreferrer\" data-rel=\"iLightbox[gallery_image_1]\" class=\"fusion-lightbox\" target=\"_self\"><img loading=\"lazy\" decoding=\"async\" src=\"https:\/\/www.mpal.mp.br\/wp-content\/uploads\/2025\/06\/6N6A5131.jpeg\" width=\"1620\" height=\"1080\" alt=\"\" title=\"6N6A5131\" aria-label=\"6N6A5131\" class=\"img-responsive wp-image-56656\" \/><\/a><\/div><\/div><div class=\"clearfix\"><\/div><\/div><div class=\"fusion-clearfix\"><\/div>\n\n\t\t\t\t\t<\/div>\n\t\t\t\t<\/div><\/div><\/div>\n","protected":false},"excerpt":{"rendered":"","protected":false},"author":17,"featured_media":56770,"comment_status":"open","ping_status":"open","sticky":false,"template":"","format":"standard","meta":{"om_disable_all_campaigns":false,"_monsterinsights_skip_tracking":false,"_monsterinsights_sitenote_active":false,"_monsterinsights_sitenote_note":"","_monsterinsights_sitenote_category":0,"_uf_show_specific_survey":0,"_uf_disable_surveys":false,"footnotes":""},"categories":[49],"tags":[],"class_list":["post-56685","post","type-post","status-publish","format-standard","has-post-thumbnail","hentry","category-not_pgj"],"aioseo_notices":[],"_links":{"self":[{"href":"https:\/\/www.mpal.mp.br\/index.php?rest_route=\/wp\/v2\/posts\/56685","targetHints":{"allow":["GET"]}}],"collection":[{"href":"https:\/\/www.mpal.mp.br\/index.php?rest_route=\/wp\/v2\/posts"}],"about":[{"href":"https:\/\/www.mpal.mp.br\/index.php?rest_route=\/wp\/v2\/types\/post"}],"author":[{"embeddable":true,"href":"https:\/\/www.mpal.mp.br\/index.php?rest_route=\/wp\/v2\/users\/17"}],"replies":[{"embeddable":true,"href":"https:\/\/www.mpal.mp.br\/index.php?rest_route=%2Fwp%2Fv2%2Fcomments&post=56685"}],"version-history":[{"count":4,"href":"https:\/\/www.mpal.mp.br\/index.php?rest_route=\/wp\/v2\/posts\/56685\/revisions"}],"predecessor-version":[{"id":56771,"href":"https:\/\/www.mpal.mp.br\/index.php?rest_route=\/wp\/v2\/posts\/56685\/revisions\/56771"}],"wp:featuredmedia":[{"embeddable":true,"href":"https:\/\/www.mpal.mp.br\/index.php?rest_route=\/wp\/v2\/media\/56770"}],"wp:attachment":[{"href":"https:\/\/www.mpal.mp.br\/index.php?rest_route=%2Fwp%2Fv2%2Fmedia&parent=56685"}],"wp:term":[{"taxonomy":"category","embeddable":true,"href":"https:\/\/www.mpal.mp.br\/index.php?rest_route=%2Fwp%2Fv2%2Fcategories&post=56685"},{"taxonomy":"post_tag","embeddable":true,"href":"https:\/\/www.mpal.mp.br\/index.php?rest_route=%2Fwp%2Fv2%2Ftags&post=56685"}],"curies":[{"name":"wp","href":"https:\/\/api.w.org\/{rel}","templated":true}]}}