{"id":56368,"date":"2025-05-29T12:46:01","date_gmt":"2025-05-29T15:46:01","guid":{"rendered":"https:\/\/www.mpal.mp.br\/?p=56368"},"modified":"2025-05-30T14:01:20","modified_gmt":"2025-05-30T17:01:20","slug":"mpal-participa-de-curso-especializado-no-enfrentamento-a-lavagem-de-dinheiro","status":"publish","type":"post","link":"https:\/\/www.mpal.mp.br\/?p=56368","title":{"rendered":"MPAL participa de encontro avan\u00e7ado para enfrentamento \u00e0 lavagem de dinheiro"},"content":{"rendered":"<div class=\"fusion-fullwidth fullwidth-box fusion-builder-row-1 nonhundred-percent-fullwidth non-hundred-percent-height-scrolling\"  style='background-color: #ffffff;background-position: center center;background-repeat: no-repeat;padding-top:0px;padding-right:0px;padding-bottom:0px;padding-left:0px;'><div class=\"fusion-builder-row fusion-row \"><div  class=\"fusion-layout-column fusion_builder_column fusion_builder_column_1_1 fusion-builder-column-1 fusion-one-full fusion-column-first fusion-column-last 1_1\"  style='margin-top:0px;margin-bottom:0px;'>\n\t\t\t\t\t<div class=\"fusion-column-wrapper\" style=\"padding: 0px 0px 0px 0px;background-position:left top;background-repeat:no-repeat;-webkit-background-size:cover;-moz-background-size:cover;-o-background-size:cover;background-size:cover;\"   data-bg-url=\"\">\n\t\t\t\t\t\t<div class=\"fusion-text\"><p style=\"text-align: justify;\">Promotores de Justi\u00e7a e servidores do Minist\u00e9rio P\u00fablico do Estado de Alagoas (MPAL) est\u00e3o participando, ao lado de mais 180 agentes p\u00fablicos da regi\u00e3o Nordeste, da capacita\u00e7\u00e3o promovida pela Rede Nacional de Laborat\u00f3rios de Tecnologia Contra Lavagem de Dinheiro (Rede-Lab). O encontro avan\u00e7ado integra o Programa Nacional de Capacita\u00e7\u00e3o e Treinamento para a Recupera\u00e7\u00e3o de Ativos e o Combate \u00e0 Corrup\u00e7\u00e3o e \u00e0 Lavagem de Dinheiro (PNLD), que se iniciou na \u00faltima ter\u00e7a-feira (27), na sede regional do Banco Central do Brasil, em Recife (PE).<\/p>\n<p style=\"text-align: justify;\">O treinamento seguir\u00e1 at\u00e9 sexta-feira (30) com a participa\u00e7\u00e3o de 30 palestrantes e \u00e9 promovido pela Secretaria Nacional de Justi\u00e7a (Senajus) e Minist\u00e9rio da Justi\u00e7a e Seguran\u00e7a P\u00fablica (MJSP), em parceria com o Minist\u00e9rio P\u00fablico de Pernambuco, a Pol\u00edcia Civil de Pernambuco e o Banco Central do Brasil (Bacen).<\/p>\n<p style=\"text-align: justify;\">Pelo MPAL est\u00e3o participando do curso os promotores de Justi\u00e7a Jos\u00e9 Carlos Castro e Napole\u00e3o Amaral, coordenadores do Laborat\u00f3rio de Lavagem de Dinheiro do N\u00facleo de Gest\u00e3o da Informa\u00e7\u00e3o (NGI) e do Grupo de Atua\u00e7\u00e3o Especial de Combate \u00e0s Organiza\u00e7\u00f5es Criminosas (Gaeco) respectivamente, e os analistas Thalisson Ara\u00fajo e o Jefferson Villanova.<\/p>\n<blockquote>\n<p style=\"text-align: justify;\">\u201cEsse encontro, que congrega as unidades dos laborat\u00f3rios de todo Nordeste, \u00e9 muito importante para o interc\u00e2mbio de informa\u00e7\u00f5es e obten\u00e7\u00e3o de novas tecnologias e metodologias de trabalho que est\u00e3o sendo utilizadas pelos MPs e pelas pol\u00edcias civis que tamb\u00e9m participam da rede, por meio dos seus laborat\u00f3rios de lavagem. O nosso, do Minist\u00e9rio P\u00fablico do Estado de Alagoas, est\u00e1 sendo estruturado, e esses eventos s\u00e3o fundamentais porque nos oferta os melhores produtos e servi\u00e7os que est\u00e3o em execu\u00e7\u00e3o no tocante a an\u00e1lise de investiga\u00e7\u00f5es financeiras e quebra de sigilos banc\u00e1rios, por exemplo\u201d, explicou Jos\u00e9 Carlos Castro.<\/p>\n<\/blockquote>\n<p style=\"text-align: justify;\">O coordenador do Gaeco tamb\u00e9m destacou a import\u00e2ncia dessa qualifica\u00e7\u00e3o: \u201cPrecisamos capacitar membros e servidores, oferecendo-lhes as melhores tecnologias, para que possam desenvolver um trabalho com ainda mais aprimoramento, para al\u00e9m de permitir que eles consigam oferecer aos \u00f3rg\u00e3os de execu\u00e7\u00e3o do MP que atuam nessa \u00e1rea de investiga\u00e7\u00e3o envolvendo ativos financeiros, todo o apoio t\u00e9cnico necess\u00e1rio, seja no enfrentamento \u00e0 criminalidade organizada, seja na criminalidade de forma geral\u201d, disse Napole\u00e3o Amaral.<\/p>\n<p style=\"text-align: justify;\"><span style=\"font-size: 14pt;\"><strong>A Rede-Lab<\/strong><\/span><\/p>\n<p style=\"text-align: justify;\">A Rede-Lab, que existe h\u00e1 mais de uma d\u00e9cada e conta com laborat\u00f3rios em 64 \u00f3rg\u00e3os p\u00fablicos de todas as unidades federativas, incluindo as Pol\u00edcias Civis, os Minist\u00e9rios P\u00fablicos, a Pol\u00edcia Federal, o Minist\u00e9rio P\u00fablico Federal, a Receita Federal e o Conselho Administrativo de Defesa Econ\u00f4mica (Cade), j\u00e1 capacitou, at\u00e9 agora, mais de 35 mil agentes p\u00fablicos.<\/p>\n<p style=\"text-align: justify;\"><span style=\"font-size: 14pt;\"><strong>Temas<\/strong><\/span><\/p>\n<p style=\"text-align: justify;\">Dentre os assuntos debatidos ao longo da semana, est\u00e3o: fintechs e arranjos de pagamento; aplica\u00e7\u00f5es de intelig\u00eancia artificial na preven\u00e7\u00e3o \u00e0 lavagem de dinheiro; relat\u00f3rios de intelig\u00eancia financeira; estrat\u00e9gias de recupera\u00e7\u00e3o de ativos; confisco alargado e visual law; fraudes em licita\u00e7\u00f5es; an\u00e1lise de dados fiscais de pessoas jur\u00eddicas; e uso de criptoativos. Outros aspectos abordados s\u00e3o sobre os sistemas e as bases de dados dispon\u00edveis \u00e0 Rede-Lab.<\/p>\n<p style=\"text-align: justify;\">O treinamento tamb\u00e9m debater\u00e1 sobre a necessidade de integra\u00e7\u00e3o entre o Sistema de Investiga\u00e7\u00e3o de Movimenta\u00e7\u00f5es Banc\u00e1rias (Simba) e o Sistema de Busca de Ativos do Poder Judici\u00e1rio (SisbaJud). O primeiro foi desenvolvido pelo Minist\u00e9rio P\u00fablico Federal para facilitar o tr\u00e1fego seguro e eficiente de dados banc\u00e1rios entre institui\u00e7\u00f5es financeiras e \u00f3rg\u00e3os p\u00fablicos, mediante autoriza\u00e7\u00e3o judicial pr\u00e9via. O segundo \u00e9 um sistema eletr\u00f4nico que interliga o Poder Judici\u00e1rio ao Bacen e \u00e0s institui\u00e7\u00f5es financeiras. A integra\u00e7\u00e3o facilitar\u00e1 o combate \u00e0 corrup\u00e7\u00e3o e a crimes financeiros.<\/p>\n<p style=\"text-align: justify;\"><strong><sub>*Com informa\u00e7\u00f5es do Minist\u00e9rio da Justi\u00e7a e Seguran\u00e7a P\u00fablica.<\/sub><\/strong><\/p>\n<p><span style=\"font-size: 14pt;\"><strong>GALERIA DE FOTOS:<\/strong><\/span><\/p>\n<\/div><style type=\"text\/css\">.fusion-gallery-1 .fusion-gallery-image {border:0px solid #f6f6f6;-webkit-border-radius:5px;-moz-border-radius:5px;border-radius:5px;}<\/style><div class=\"fusion-gallery fusion-gallery-container fusion-grid-2 fusion-columns-total-0 fusion-gallery-layout-grid fusion-gallery-1\" style=\"margin:-5px;\"><div style=\"padding:5px;\" class=\"fusion-grid-column fusion-gallery-column fusion-gallery-column-2 hover-type-none\"><div class=\"fusion-gallery-image\"><a href=\"https:\/\/www.mpal.mp.br\/wp-content\/uploads\/2025\/05\/001-1.jpg\" rel=\"noreferrer\" data-rel=\"iLightbox[gallery_image_1]\" class=\"fusion-lightbox\" target=\"_self\"><img loading=\"lazy\" decoding=\"async\" src=\"https:\/\/www.mpal.mp.br\/wp-content\/uploads\/2025\/05\/001-1.jpg\" width=\"750\" height=\"442\" alt=\"\" title=\"001\" aria-label=\"001\" class=\"img-responsive wp-image-56549\" \/><\/a><\/div><\/div><div style=\"padding:5px;\" class=\"fusion-grid-column fusion-gallery-column fusion-gallery-column-2 hover-type-none\"><div class=\"fusion-gallery-image\"><a href=\"https:\/\/www.mpal.mp.br\/wp-content\/uploads\/2025\/05\/002-1.jpg\" rel=\"noreferrer\" data-rel=\"iLightbox[gallery_image_1]\" class=\"fusion-lightbox\" target=\"_self\"><img loading=\"lazy\" decoding=\"async\" src=\"https:\/\/www.mpal.mp.br\/wp-content\/uploads\/2025\/05\/002-1.jpg\" width=\"750\" height=\"442\" alt=\"\" title=\"002\" aria-label=\"002\" class=\"img-responsive wp-image-56550\" \/><\/a><\/div><\/div><div class=\"clearfix\"><\/div><\/div><div class=\"fusion-clearfix\"><\/div>\n\n\t\t\t\t\t<\/div>\n\t\t\t\t<\/div><\/div><\/div>\n","protected":false},"excerpt":{"rendered":"","protected":false},"author":17,"featured_media":56549,"comment_status":"open","ping_status":"open","sticky":false,"template":"","format":"standard","meta":{"om_disable_all_campaigns":false,"_monsterinsights_skip_tracking":false,"_monsterinsights_sitenote_active":false,"_monsterinsights_sitenote_note":"","_monsterinsights_sitenote_category":0,"_uf_show_specific_survey":0,"_uf_disable_surveys":false,"footnotes":""},"categories":[23,61],"tags":[],"class_list":["post-56368","post","type-post","status-publish","format-standard","has-post-thumbnail","hentry","category-not_gaeco","category-not_ngi"],"aioseo_notices":[],"_links":{"self":[{"href":"https:\/\/www.mpal.mp.br\/index.php?rest_route=\/wp\/v2\/posts\/56368","targetHints":{"allow":["GET"]}}],"collection":[{"href":"https:\/\/www.mpal.mp.br\/index.php?rest_route=\/wp\/v2\/posts"}],"about":[{"href":"https:\/\/www.mpal.mp.br\/index.php?rest_route=\/wp\/v2\/types\/post"}],"author":[{"embeddable":true,"href":"https:\/\/www.mpal.mp.br\/index.php?rest_route=\/wp\/v2\/users\/17"}],"replies":[{"embeddable":true,"href":"https:\/\/www.mpal.mp.br\/index.php?rest_route=%2Fwp%2Fv2%2Fcomments&post=56368"}],"version-history":[{"count":7,"href":"https:\/\/www.mpal.mp.br\/index.php?rest_route=\/wp\/v2\/posts\/56368\/revisions"}],"predecessor-version":[{"id":56552,"href":"https:\/\/www.mpal.mp.br\/index.php?rest_route=\/wp\/v2\/posts\/56368\/revisions\/56552"}],"wp:featuredmedia":[{"embeddable":true,"href":"https:\/\/www.mpal.mp.br\/index.php?rest_route=\/wp\/v2\/media\/56549"}],"wp:attachment":[{"href":"https:\/\/www.mpal.mp.br\/index.php?rest_route=%2Fwp%2Fv2%2Fmedia&parent=56368"}],"wp:term":[{"taxonomy":"category","embeddable":true,"href":"https:\/\/www.mpal.mp.br\/index.php?rest_route=%2Fwp%2Fv2%2Fcategories&post=56368"},{"taxonomy":"post_tag","embeddable":true,"href":"https:\/\/www.mpal.mp.br\/index.php?rest_route=%2Fwp%2Fv2%2Ftags&post=56368"}],"curies":[{"name":"wp","href":"https:\/\/api.w.org\/{rel}","templated":true}]}}