{"id":5624,"date":"2022-05-18T10:00:08","date_gmt":"2022-05-18T13:00:08","guid":{"rendered":"https:\/\/www.mpal.mp.br\/?p=5624"},"modified":"2022-05-19T10:00:54","modified_gmt":"2022-05-19T13:00:54","slug":"boca-da-mata-apos-fiscalizacao-ministerio-publico-pede-que-secretaria-esclareca-precariedade-em-casa-de-acolhimento-para-menores","status":"publish","type":"post","link":"https:\/\/www.mpal.mp.br\/?p=5624","title":{"rendered":"Boca da Mata: Ap\u00f3s fiscaliza\u00e7\u00e3o, Minist\u00e9rio P\u00fablico pede que Secretaria esclare\u00e7a precariedade em casa de acolhimento para menores"},"content":{"rendered":"<div class=\"fusion-fullwidth fullwidth-box fusion-builder-row-1 nonhundred-percent-fullwidth non-hundred-percent-height-scrolling\"  style='background-color: #ffffff;background-position: center center;background-repeat: no-repeat;padding-top:0px;padding-right:0px;padding-bottom:0px;padding-left:0px;'><div class=\"fusion-builder-row fusion-row \"><div  class=\"fusion-layout-column fusion_builder_column fusion_builder_column_1_1 fusion-builder-column-1 fusion-one-full fusion-column-first fusion-column-last 1_1\"  style='margin-top:0px;margin-bottom:20px;'>\n\t\t\t\t\t<div class=\"fusion-column-wrapper\" style=\"padding: 0px 0px 0px 0px;background-position:left top;background-repeat:no-repeat;-webkit-background-size:cover;-moz-background-size:cover;-o-background-size:cover;background-size:cover;\"   data-bg-url=\"\">\n\t\t\t\t\t\t<div class=\"fusion-text\"><div class=\"wpb_text_column wpb_content_element \" data-raofz=\"14\">\n<div id=\"ct_5r2edjucf5fpowo0i2km\" class=\"wpb_wrapper\" data-raofz=\"14\">\n<p style=\"text-align: justify;\" align=\"justify\" data-raofz=\"14\"><span style=\"font-size: 14pt;\" data-raofz=\"14\">Assist\u00eancia devida, amparo verdadeiro, amor, respeitando a dignidade humana e de acordo com o que preconiza o Estatuto da Crian\u00e7a e do Adolescente (ECA) \u00e9 o que o Minist\u00e9rio P\u00fablico do estado de Alagoas, por meio da Promotoria de Justi\u00e7a de Boca da Mata, espera da Secretaria Municipal de Assist\u00eancia Social em rela\u00e7\u00e3o \u00e0 presta\u00e7\u00e3o de servi\u00e7os na Casa Lar \u2013 Kayki, Ap\u00f3s v\u00e1rias den\u00fancias de descaso, o promotor de Justi\u00e7a D\u00eanis Guimar\u00e3es instaurou o procedimento Administrativo n\u00ba 09.2022.00000398-0 e a Portaria N\u00ba 0004\/2022\/PJ-BMata pedindo esclarecimentos sobre irregularidades apontadas.<\/span><\/p>\n<p style=\"text-align: justify;\" align=\"justify\" data-raofz=\"14\"><span style=\"font-size: 14pt;\" data-raofz=\"14\">Conforme o membro ministerial, foi realizada a visita em que foram verificadas algumas irregularidades, mas, com o recebimento de den\u00fancias graves tornou-se urgente a necessidade de se promover uma fiscaliza\u00e7\u00e3o mais r\u00edgida.<\/span><\/p>\n<p style=\"text-align: justify;\" align=\"justify\" data-raofz=\"14\"><span style=\"font-size: 14pt;\" data-raofz=\"14\">\u201cJ\u00e1 hav\u00edamos iniciado as tratativas, pois recebemos den\u00fancias preocupantes que v\u00e3o da falta de funcion\u00e1rios, de conduta irregular da coordenadora, al\u00e9m da estrutura que \u00e9 prec\u00e1ria. Um pr\u00e9dio sem a m\u00ednima condi\u00e7\u00e3o de amparar os menores que j\u00e1 est\u00e3o naquele lugar, como o pr\u00f3prio nome j\u00e1 diz, para serem acolhidos, ent\u00e3o o Minist\u00e9rio P\u00fablico quer que a secretaria de Assist\u00eancia Social explique v\u00e1rios pontos, o que n\u00e3o pode \u00e9 permitirmos que algu\u00e9m que j\u00e1 se encontra em estado de vulnerabilidade social passe por mais constrangimentos, exposi\u00e7\u00e3o e tenha seus direitos desrespeitados\u201d, explica o promotor D\u00eanis.<\/span><\/p>\n<p style=\"text-align: justify;\" align=\"justify\" data-raofz=\"14\"><span style=\"font-size: 14pt;\" data-raofz=\"14\">Segundo o que foi repassado, o corpo de servidores t\u00e9cnicos \u00e9 alterado ao bel prazer da Administra\u00e7\u00e3o, o que atrapalha o funcionamento e continuidade da unidade.<\/span><\/p>\n<p style=\"text-align: justify;\" align=\"justify\" data-raofz=\"14\"><span style=\"font-size: 14pt;\" data-raofz=\"14\">\u201cExigiremos , ainda, que se realize concurso p\u00fablico para determinadas \u00e1reas, uma vez que o trabalho t\u00e9cnico deve ser cont\u00ednuo. Sem funcion\u00e1rios n\u00e3o h\u00e1 a menor condi\u00e7\u00e3o de os menores terem assist\u00eancia, h\u00e1 precariedade na educa\u00e7\u00e3o, na sa\u00fade, n\u00e3o h\u00e1 como terem seguran\u00e7a, inclusive h\u00e1 den\u00fancias de fugas com os menores alegando \u2018aquela casa \u00e9 um inferno, n\u00e3o sa\u00edmos para lugar nenhum, vivemos presos como em uma cadeia. Queremos detalhes que v\u00e3o do contrato de loca\u00e7\u00e3o ao organograma, queremos que enviem um relat\u00f3rio informando quantos funcion\u00e1rios, quais suas fun\u00e7\u00f5es, como \u00e9 o funcionamento da casa de acolhimento\u201d, ressalta.<\/span><\/p>\n<p style=\"text-align: justify;\" align=\"justify\" data-raofz=\"14\"><span style=\"font-size: 14pt;\" data-raofz=\"14\"><b>Medidas<\/b><\/span><\/p>\n<p style=\"text-align: justify;\" align=\"justify\" data-raofz=\"14\"><span style=\"font-size: 14pt;\" data-raofz=\"14\">Diante do que foi constatado, o promotor de Justi\u00e7a D\u00eanis Guimar\u00e3es oficiou a Secretaria de Assist\u00eancia Social de Boca da Mata para que apresente rela\u00e7\u00e3o dos servidores p\u00fablicos, com a devida natureza jur\u00eddica do v\u00ednculo \u00e0 Casa Lar \u2013 Kayki Tavares Rosa (efetivo, comissionado ou contratado por excepcional interesse p\u00fablico) e a respectiva carga hor\u00e1ria relacionada \u00e0s suas atividades.<\/span><\/p>\n<p style=\"text-align: justify;\" align=\"justify\" data-raofz=\"14\"><span style=\"font-size: 14pt;\" data-raofz=\"14\">O Minist\u00e9rio P\u00fablico tamb\u00e9m quer ter conhecimento sobre o contrato de loca\u00e7\u00e3o do im\u00f3vel ou certid\u00e3o de registro imobili\u00e1rio correspondente \u00e0 referida casa de acolhimento, al\u00e9m pedir que apresentem Plano Individual de Atendimento dos menores ali acolhidos. Esses s\u00e3o os primeiros passos de uma fiscaliza\u00e7\u00e3o r\u00edgida que deve se seguir.<\/span><\/p>\n<\/div>\n<\/div>\n<\/div><style type=\"text\/css\">.fusion-gallery-1 .fusion-gallery-image {border:0px solid #f6f6f6;-webkit-border-radius:5px;-moz-border-radius:5px;border-radius:5px;}<\/style><div class=\"fusion-gallery fusion-gallery-container fusion-grid-3 fusion-columns-total-0 fusion-gallery-layout-grid fusion-gallery-1\" style=\"margin:-5px;\"><div style=\"padding:5px;\" class=\"fusion-grid-column fusion-gallery-column fusion-gallery-column-3 hover-type-none\"><div class=\"fusion-gallery-image\"><a href=\"https:\/\/www.mpal.mp.br\/wp-content\/uploads\/2022\/05\/IMG-20220518-WA0012.jpg\" rel=\"noreferrer\" data-rel=\"iLightbox[gallery_image_1]\" class=\"fusion-lightbox\" target=\"_self\"><img loading=\"lazy\" decoding=\"async\" src=\"https:\/\/www.mpal.mp.br\/wp-content\/uploads\/2022\/05\/IMG-20220518-WA0012.jpg\" width=\"520\" height=\"520\" alt=\"\" title=\"IMG-20220518-WA0012\" aria-label=\"IMG-20220518-WA0012\" class=\"img-responsive wp-image-5626\" \/><\/a><\/div><\/div><div style=\"padding:5px;\" class=\"fusion-grid-column fusion-gallery-column fusion-gallery-column-3 hover-type-none\"><div class=\"fusion-gallery-image\"><a href=\"https:\/\/www.mpal.mp.br\/wp-content\/uploads\/2022\/05\/IMG-20220518-WA0013.jpg\" rel=\"noreferrer\" data-rel=\"iLightbox[gallery_image_1]\" class=\"fusion-lightbox\" target=\"_self\"><img loading=\"lazy\" decoding=\"async\" src=\"https:\/\/www.mpal.mp.br\/wp-content\/uploads\/2022\/05\/IMG-20220518-WA0013.jpg\" width=\"316\" height=\"315\" alt=\"\" title=\"IMG-20220518-WA0013\" aria-label=\"IMG-20220518-WA0013\" class=\"img-responsive wp-image-5627\" \/><\/a><\/div><\/div><div style=\"padding:5px;\" class=\"fusion-grid-column fusion-gallery-column fusion-gallery-column-3 hover-type-none\"><div class=\"fusion-gallery-image\"><a href=\"https:\/\/www.mpal.mp.br\/wp-content\/uploads\/2022\/05\/IMG-20220518-WA0014.jpg\" rel=\"noreferrer\" data-rel=\"iLightbox[gallery_image_1]\" class=\"fusion-lightbox\" target=\"_self\"><img loading=\"lazy\" decoding=\"async\" src=\"https:\/\/www.mpal.mp.br\/wp-content\/uploads\/2022\/05\/IMG-20220518-WA0014.jpg\" width=\"726\" height=\"726\" alt=\"\" title=\"IMG-20220518-WA0014\" aria-label=\"IMG-20220518-WA0014\" class=\"img-responsive wp-image-5628\" \/><\/a><\/div><\/div><div class=\"clearfix\"><\/div><div style=\"padding:5px;\" class=\"fusion-grid-column fusion-gallery-column fusion-gallery-column-3 hover-type-none\"><div class=\"fusion-gallery-image\"><a href=\"https:\/\/www.mpal.mp.br\/wp-content\/uploads\/2022\/05\/IMG-20220518-WA0015.jpg\" rel=\"noreferrer\" data-rel=\"iLightbox[gallery_image_1]\" class=\"fusion-lightbox\" target=\"_self\"><img loading=\"lazy\" decoding=\"async\" src=\"https:\/\/www.mpal.mp.br\/wp-content\/uploads\/2022\/05\/IMG-20220518-WA0015.jpg\" width=\"555\" height=\"556\" alt=\"\" title=\"IMG-20220518-WA0015\" aria-label=\"IMG-20220518-WA0015\" class=\"img-responsive wp-image-5629\" \/><\/a><\/div><\/div><div style=\"padding:5px;\" class=\"fusion-grid-column fusion-gallery-column fusion-gallery-column-3 hover-type-none\"><div class=\"fusion-gallery-image\"><a href=\"https:\/\/www.mpal.mp.br\/wp-content\/uploads\/2022\/05\/IMG-20220518-WA0016.jpg\" rel=\"noreferrer\" data-rel=\"iLightbox[gallery_image_1]\" class=\"fusion-lightbox\" target=\"_self\"><img loading=\"lazy\" decoding=\"async\" src=\"https:\/\/www.mpal.mp.br\/wp-content\/uploads\/2022\/05\/IMG-20220518-WA0016.jpg\" width=\"383\" height=\"383\" alt=\"\" title=\"IMG-20220518-WA0016\" aria-label=\"IMG-20220518-WA0016\" class=\"img-responsive wp-image-5630\" \/><\/a><\/div><\/div><div style=\"padding:5px;\" class=\"fusion-grid-column fusion-gallery-column fusion-gallery-column-3 hover-type-none\"><div class=\"fusion-gallery-image\"><a href=\"https:\/\/www.mpal.mp.br\/wp-content\/uploads\/2022\/05\/IMG-20220518-WA0017.jpg\" rel=\"noreferrer\" data-rel=\"iLightbox[gallery_image_1]\" class=\"fusion-lightbox\" target=\"_self\"><img loading=\"lazy\" decoding=\"async\" src=\"https:\/\/www.mpal.mp.br\/wp-content\/uploads\/2022\/05\/IMG-20220518-WA0017.jpg\" width=\"739\" height=\"740\" alt=\"\" title=\"IMG-20220518-WA0017\" aria-label=\"IMG-20220518-WA0017\" class=\"img-responsive wp-image-5631\" \/><\/a><\/div><\/div><div class=\"clearfix\"><\/div><\/div><div class=\"fusion-clearfix\"><\/div>\n\n\t\t\t\t\t<\/div>\n\t\t\t\t<\/div><\/div><\/div>\n","protected":false},"excerpt":{"rendered":"","protected":false},"author":2,"featured_media":5625,"comment_status":"open","ping_status":"open","sticky":false,"template":"","format":"standard","meta":{"om_disable_all_campaigns":false,"_monsterinsights_skip_tracking":false,"_monsterinsights_sitenote_active":false,"_monsterinsights_sitenote_note":"","_monsterinsights_sitenote_category":0,"_uf_show_specific_survey":0,"_uf_disable_surveys":false,"footnotes":""},"categories":[2],"tags":[],"class_list":["post-5624","post","type-post","status-publish","format-standard","has-post-thumbnail","hentry","category-not_mpal"],"aioseo_notices":[],"_links":{"self":[{"href":"https:\/\/www.mpal.mp.br\/index.php?rest_route=\/wp\/v2\/posts\/5624","targetHints":{"allow":["GET"]}}],"collection":[{"href":"https:\/\/www.mpal.mp.br\/index.php?rest_route=\/wp\/v2\/posts"}],"about":[{"href":"https:\/\/www.mpal.mp.br\/index.php?rest_route=\/wp\/v2\/types\/post"}],"author":[{"embeddable":true,"href":"https:\/\/www.mpal.mp.br\/index.php?rest_route=\/wp\/v2\/users\/2"}],"replies":[{"embeddable":true,"href":"https:\/\/www.mpal.mp.br\/index.php?rest_route=%2Fwp%2Fv2%2Fcomments&post=5624"}],"version-history":[{"count":3,"href":"https:\/\/www.mpal.mp.br\/index.php?rest_route=\/wp\/v2\/posts\/5624\/revisions"}],"predecessor-version":[{"id":5634,"href":"https:\/\/www.mpal.mp.br\/index.php?rest_route=\/wp\/v2\/posts\/5624\/revisions\/5634"}],"wp:featuredmedia":[{"embeddable":true,"href":"https:\/\/www.mpal.mp.br\/index.php?rest_route=\/wp\/v2\/media\/5625"}],"wp:attachment":[{"href":"https:\/\/www.mpal.mp.br\/index.php?rest_route=%2Fwp%2Fv2%2Fmedia&parent=5624"}],"wp:term":[{"taxonomy":"category","embeddable":true,"href":"https:\/\/www.mpal.mp.br\/index.php?rest_route=%2Fwp%2Fv2%2Fcategories&post=5624"},{"taxonomy":"post_tag","embeddable":true,"href":"https:\/\/www.mpal.mp.br\/index.php?rest_route=%2Fwp%2Fv2%2Ftags&post=5624"}],"curies":[{"name":"wp","href":"https:\/\/api.w.org\/{rel}","templated":true}]}}