{"id":5615,"date":"2022-05-19T09:48:13","date_gmt":"2022-05-19T12:48:13","guid":{"rendered":"https:\/\/www.mpal.mp.br\/?p=5615"},"modified":"2022-05-19T09:50:12","modified_gmt":"2022-05-19T12:50:12","slug":"ministerio-publico-reune-tecnicos-da-seminfra-e-moradores-do-bella-vista-em-busca-de-solucoes-para-contencao-de-barreira","status":"publish","type":"post","link":"https:\/\/www.mpal.mp.br\/?p=5615","title":{"rendered":"Minist\u00e9rio P\u00fablico re\u00fane t\u00e9cnicos da Seminfra e moradores do Bella Vista em busca de solu\u00e7\u00f5es para conten\u00e7\u00e3o de barreira"},"content":{"rendered":"<div class=\"fusion-fullwidth fullwidth-box fusion-builder-row-1 nonhundred-percent-fullwidth non-hundred-percent-height-scrolling\"  style='background-color: #ffffff;background-position: center center;background-repeat: no-repeat;padding-top:0px;padding-right:0px;padding-bottom:0px;padding-left:0px;'><div class=\"fusion-builder-row fusion-row \"><div  class=\"fusion-layout-column fusion_builder_column fusion_builder_column_1_1 fusion-builder-column-1 fusion-one-full fusion-column-first fusion-column-last 1_1\"  style='margin-top:0px;margin-bottom:20px;'>\n\t\t\t\t\t<div class=\"fusion-column-wrapper\" style=\"padding: 0px 0px 0px 0px;background-position:left top;background-repeat:no-repeat;-webkit-background-size:cover;-moz-background-size:cover;-o-background-size:cover;background-size:cover;\"   data-bg-url=\"\">\n\t\t\t\t\t\t<div class=\"fusion-text\"><div class=\"wpb_text_column wpb_content_element \" data-raofz=\"14\">\n<div id=\"ct_5r2edjucf5fpowo0i2km\" class=\"wpb_wrapper\" data-raofz=\"14\">\n<p style=\"text-align: justify;\" align=\"justify\" data-raofz=\"14\"><span style=\"font-size: 14pt;\">O problema \u00e9 s\u00e9rio e tem causado p\u00e2nico, bem como exigido atua\u00e7\u00e3o constante do Minist\u00e9rio P\u00fablico do Estado de Alagoas (MPAL), junto \u00e0 Secretaria Municipal de Infraestrutura (Seminfra). Na tentativa de se encontrar solu\u00e7\u00e3o definitiva para esbarrar uma eros\u00e3o que amea\u00e7a o Residencial Bella Vista, no bairro de Jacintinho, em Macei\u00f3, a Promotoria de Justi\u00e7a de Urbanismo convocou reuni\u00e3o com uma equipe t\u00e9cnica da Prefeitura de Macei\u00f3 para que apresentasse a uma comiss\u00e3o de moradores o plano existente para a conten\u00e7\u00e3o da barreira e seguran\u00e7a da popula\u00e7\u00e3o local. O diretor de obras e mais dois engenheiros explicaram que o tr\u00e2mite poder\u00e1 levar cerca de 180 dias, mas se comprometeram em refor\u00e7ar as a\u00e7\u00f5es paliativas, garantindo que n\u00e3o h\u00e1 riscos iminentes ou graves.<\/span><\/p>\n<p style=\"text-align: justify;\" align=\"justify\" data-raofz=\"14\"><span style=\"font-size: 14pt;\">Embora alguns paliativos j\u00e1 tenham sido utilizados para estancar a eros\u00e3o, a preocupa\u00e7\u00e3o dos moradores \u00e9 refor\u00e7ada pelo Minist\u00e9rio P\u00fablico \u00e9 a proximidade com o inverno.<\/span><\/p>\n<p style=\"text-align: justify;\" align=\"justify\" data-raofz=\"14\"><span style=\"font-size: 14pt;\">\u201cJ\u00e1 estamos em busca da solu\u00e7\u00e3o desse problema h\u00e1 algum tempo, a prefeitura j\u00e1 adotou algumas medidas, mas estamos com o inverno \u00e0 porta, daqui a um m\u00eas praticamente, e \u00e9 entend\u00edvel o receio dos moradores. Ent\u00e3o, \u00e9 preciso que se tenha um cuidado espec\u00edfico para essa encosta. \u00c9 preciso vigil\u00e2ncia do poder p\u00fablico porque, num momento cr\u00edtico, sabemos que a prioridade ser\u00e1 para outras situa\u00e7\u00f5es ou localidades\u201d, declara o promotor D\u00f3ria.<\/span><\/p>\n<p style=\"text-align: justify;\" align=\"justify\" data-raofz=\"14\"><span style=\"font-size: 14pt;\">Toda a problem\u00e1tica, afirmam os engenheiros da Seminfra, consiste na falha do sistema de drenagem. Para a reuni\u00e3o, eles levaram uma apresenta\u00e7\u00e3o em slides, apresentado pelo coordenador de Projetos T\u00e9cnicos, Moacir Magalh\u00e3es, para explicar quais medidas j\u00e1 haviam sido adotadas, os detalhes das causas da eros\u00e3o. Tamb\u00e9m foi mencionado um projeto em andamento, mas n\u00e3o para execu\u00e7\u00e3o imediata. O diretor de obras da Seminfra, Alexandre Pereira, assegurou \u00e0 comiss\u00e3o de moradores que a Prefeitura de Macei\u00f3 est\u00e1 preparada para o tempo chuvoso.<\/span><\/p>\n<p style=\"text-align: justify;\" align=\"justify\" data-raofz=\"14\"><span style=\"font-size: 14pt;\">O s\u00edndico, Cl\u00e1udio Calheiros, fez uma observa\u00e7\u00e3o em rela\u00e7\u00e3o \u00e0 coberta de lona feita pela Defesa Civil Municipal, ap\u00f3s reivindica\u00e7\u00f5es do Minist\u00e9rio P\u00fablico e dos moradores, apontando falhas.<\/span><\/p>\n<p style=\"text-align: justify;\" align=\"justify\" data-raofz=\"14\"><span style=\"font-size: 14pt;\">\u201cDe fato, uma lona foi colocada, mas n\u00e3o cobre toda a \u00e1rea afetada, h\u00e1 um espa\u00e7o descoberto e que pode agravar a situa\u00e7\u00e3o com a infiltra\u00e7\u00e3o da \u00e1gua. Gostar\u00edamos que a Defesa Civil retornasse e completasse a cobertura\u201d, enfatizou Cl\u00e1udio.<\/span><\/p>\n<p style=\"text-align: justify;\" align=\"justify\" data-raofz=\"14\"><span style=\"font-size: 14pt;\">O promotor Jorge D\u00f3ria pediu que os engenheiros fizessem a interlocu\u00e7\u00e3o junto \u00e0 Defesa Civil e eles se comprometeram a intermediar. Quanto ao projeto para a localidade, a equipe t\u00e9cnica da Seminfra ressaltou que exige um tr\u00e2mite que exige mais tempo, mas que h\u00e1 recurso para a execu\u00e7\u00e3o.<\/span><\/p>\n<p style=\"text-align: justify;\" align=\"justify\" data-raofz=\"14\"><span style=\"font-size: 14pt;\">\u201cForam feitos levantamentos de todas as encostas, j\u00e1 temos o projeto b\u00e1sico, espec\u00edfico para este local, mas fizemos observa\u00e7\u00f5es e devolvemos para ajustes, ap\u00f3s retorno, que deve demorar cerca de sessenta dias, reavaliaremos e, caso n\u00e3o haja mais ajustes, colocamos para a fase licitat\u00f3ria que deve demorar, no m\u00ednimo, cento e oitenta dias, mas isso n\u00e3o significa que n\u00e3o iremos agir e adotar medidas\u201d, explicou a engenheira Diana Castillar.<\/span><\/p>\n<p style=\"text-align: justify;\" align=\"justify\" data-raofz=\"14\"><span style=\"font-size: 14pt;\">O que o Minist\u00e9rio P\u00fablico quer \u00e9 a extin\u00e7\u00e3o de riscos para os moradores do residencial e deixou bem claro que estar\u00e1 atento \u00e0s medidas por parte da Prefeitura de Macei\u00f3, via Seminfra, inclusive para responsabilizar. D\u00f3ria afirmou que a implementa\u00e7\u00e3o das provid\u00eancias pela Seminfra ser\u00e3o cobradas a acompanhadas. O promotor tamb\u00e9m instruiu os moradores a acompanharem o andamento de todo processo, por parte do Minist\u00e9rio P\u00fablico.<\/span><\/p>\n<p style=\"text-align: justify;\" align=\"justify\" data-raofz=\"14\"><span style=\"font-size: 14pt;\">\u201cTivemos aqui a manifesta\u00e7\u00e3o da equipe t\u00e9cnica, dando a palavra de que agir\u00e3o e de que o local, apesar da situa\u00e7\u00e3o que causa p\u00e2nico aos moradores, principalmente em tempos chuvosos, n\u00e3o tem perigo de desabamentos. O Minist\u00e9rio P\u00fablico manter\u00e1 sua vigil\u00e2ncia e havendo necessidade, o que esperamos n\u00e3o ocorrer, n\u00e3o livraremos o poder p\u00fablico da responsabiliza\u00e7\u00e3o\u201d, diz o representante ministerial.<\/span><\/p>\n<p style=\"text-align: justify;\" align=\"justify\" data-raofz=\"14\"><span style=\"font-size: 14pt;\">Em 2017, a barreira deslizou e chegou a atingir um t\u00e1xi A preocupa\u00e7\u00e3o com um poss\u00edvel desabamento , portanto, se estende a quem trafega na regi\u00e3o. O Minist\u00e9rio P\u00fablico aguarda relat\u00f3rio da Seminfra, em resposta ao Of\u00edcio 092\/2022 , sobre plano de a\u00e7\u00e3o.<\/span><\/p>\n<p style=\"text-align: justify;\" align=\"justify\" data-raofz=\"14\"><span style=\"font-size: 14pt;\">Foto: Claudemir Mota<\/span><\/p>\n<\/div>\n<\/div>\n<\/div><div class=\"fusion-clearfix\"><\/div>\n\n\t\t\t\t\t<\/div>\n\t\t\t\t<\/div><\/div><\/div>\n","protected":false},"excerpt":{"rendered":"","protected":false},"author":2,"featured_media":5616,"comment_status":"open","ping_status":"open","sticky":false,"template":"","format":"standard","meta":{"om_disable_all_campaigns":false,"_monsterinsights_skip_tracking":false,"_monsterinsights_sitenote_active":false,"_monsterinsights_sitenote_note":"","_monsterinsights_sitenote_category":0,"_uf_show_specific_survey":0,"_uf_disable_surveys":false,"footnotes":""},"categories":[2],"tags":[],"class_list":["post-5615","post","type-post","status-publish","format-standard","has-post-thumbnail","hentry","category-not_mpal"],"aioseo_notices":[],"_links":{"self":[{"href":"https:\/\/www.mpal.mp.br\/index.php?rest_route=\/wp\/v2\/posts\/5615","targetHints":{"allow":["GET"]}}],"collection":[{"href":"https:\/\/www.mpal.mp.br\/index.php?rest_route=\/wp\/v2\/posts"}],"about":[{"href":"https:\/\/www.mpal.mp.br\/index.php?rest_route=\/wp\/v2\/types\/post"}],"author":[{"embeddable":true,"href":"https:\/\/www.mpal.mp.br\/index.php?rest_route=\/wp\/v2\/users\/2"}],"replies":[{"embeddable":true,"href":"https:\/\/www.mpal.mp.br\/index.php?rest_route=%2Fwp%2Fv2%2Fcomments&post=5615"}],"version-history":[{"count":3,"href":"https:\/\/www.mpal.mp.br\/index.php?rest_route=\/wp\/v2\/posts\/5615\/revisions"}],"predecessor-version":[{"id":5619,"href":"https:\/\/www.mpal.mp.br\/index.php?rest_route=\/wp\/v2\/posts\/5615\/revisions\/5619"}],"wp:featuredmedia":[{"embeddable":true,"href":"https:\/\/www.mpal.mp.br\/index.php?rest_route=\/wp\/v2\/media\/5616"}],"wp:attachment":[{"href":"https:\/\/www.mpal.mp.br\/index.php?rest_route=%2Fwp%2Fv2%2Fmedia&parent=5615"}],"wp:term":[{"taxonomy":"category","embeddable":true,"href":"https:\/\/www.mpal.mp.br\/index.php?rest_route=%2Fwp%2Fv2%2Fcategories&post=5615"},{"taxonomy":"post_tag","embeddable":true,"href":"https:\/\/www.mpal.mp.br\/index.php?rest_route=%2Fwp%2Fv2%2Ftags&post=5615"}],"curies":[{"name":"wp","href":"https:\/\/api.w.org\/{rel}","templated":true}]}}