{"id":5590,"date":"2021-12-07T11:47:30","date_gmt":"2021-12-07T14:47:30","guid":{"rendered":"https:\/\/www.mpal.mp.br\/?p=5590"},"modified":"2025-06-18T11:27:01","modified_gmt":"2025-06-18T14:27:01","slug":"12a-reuniao-da-asplage-apresenta-acoes-da-escola-superior-da-dti-e-de-promocao-a-cidadania-plena","status":"publish","type":"post","link":"https:\/\/www.mpal.mp.br\/?p=5590","title":{"rendered":"12\u00aa reuni\u00e3o da Asplage apresenta a\u00e7\u00f5es da Escola Superior, da DTI e de promo\u00e7\u00e3o \u00e0 cidadania plena"},"content":{"rendered":"<div class=\"fusion-fullwidth fullwidth-box fusion-builder-row-1 nonhundred-percent-fullwidth non-hundred-percent-height-scrolling\"  style='background-color: #ffffff;background-position: center center;background-repeat: no-repeat;padding-top:0px;padding-right:0px;padding-bottom:0px;padding-left:0px;'><div class=\"fusion-builder-row fusion-row \"><div  class=\"fusion-layout-column fusion_builder_column fusion_builder_column_1_1 fusion-builder-column-1 fusion-one-full fusion-column-first fusion-column-last 1_1\"  style='margin-top:0px;margin-bottom:20px;'>\n\t\t\t\t\t<div class=\"fusion-column-wrapper\" style=\"padding: 0px 0px 0px 0px;background-position:left top;background-repeat:no-repeat;-webkit-background-size:cover;-moz-background-size:cover;-o-background-size:cover;background-size:cover;\"   data-bg-url=\"\">\n\t\t\t\t\t\t<div class=\"fusion-text\"><div class=\"wpb_text_column wpb_content_element \" data-raofz=\"14\">\n<div id=\"ct_5r2edjucf5fpowo0i2km\" class=\"wpb_wrapper\" data-raofz=\"14\">\n<p style=\"text-align: justify;\" align=\"justify\" data-raofz=\"14\"><span style=\"font-size: 14pt;\" data-raofz=\"13\">Aconteceu, nesta quarta-feira (07), a 12\u00aa e \u00faltima reuni\u00e3o de an\u00e1lise estrat\u00e9gica deste ano de 2021, mais uma vez em formato h\u00edbrido, realizada pelo Comit\u00ea de Gest\u00e3o Estrat\u00e9gica do Minist\u00e9rio P\u00fablico do Estado de Alagoas. Presidida pelo procurador-geral de Justi\u00e7a em exerc\u00edcio, Valter Acioly, o encontro teve o objetivo de conhecer o andamento das atividades em execu\u00e7\u00e3o da Escola Superior do MPAL, da Diretoria de Tecnologia e Informa\u00e7\u00e3o (DTI) e na \u00e1rea de promo\u00e7\u00e3o \u00e0 cidadania plena.<\/span><\/p>\n<p style=\"text-align: justify;\" align=\"justify\" data-raofz=\"14\"><span style=\"font-size: 14pt;\" data-raofz=\"13\">A abertura da reuni\u00e3o ficou a cargo do chefe interino do MPAL Valter Acioly. que destacou a import\u00e2ncia da institui\u00e7\u00e3o discutir, planejar e cumprir tudo aquilo considerado como estrat\u00e9gico para o desenvolvimento de iniciativas em prol da popula\u00e7\u00e3o alagoana. Ele tamb\u00e9m refor\u00e7ou que, em 2022, a administra\u00e7\u00e3o superior do Minist\u00e9rio P\u00fablico continuar\u00e1 dando apoio aos projetos propostos por membros e servidores. \u201cS\u00e3o projetos e programas que v\u00e3o al\u00e9m do trabalho do dia a dia dos promotores de Justi\u00e7a e servidores, ou seja, h\u00e1 uma preocupa\u00e7\u00e3o de fazerem mais do que as suas demandas normais, que j\u00e1 s\u00e3o enormes. E, por meio dessas a\u00e7\u00f5es, o Minist\u00e9rio P\u00fablico consegue desenvolver mais atividades capazes de proteger direitos, combater os mais diversos tipos de crime e fiscalizar o cumprimento da lei, inclusive, com trabalhos premiados nacionalmente. \u00c9 por isso que, ano que vem, seguiremos incentivando e dando todo o apoio necess\u00e1rio \u00e0s a\u00e7\u00f5es estrat\u00e9gicas propostas. Tenham certeza que a chefia do Minist\u00e9rio P\u00fablico ser\u00e1 a maior motivadora de voc\u00eas\u201d, garantiu ele.<\/span><\/p>\n<p style=\"text-align: justify;\" align=\"justify\" data-raofz=\"14\"><span style=\"font-size: 14pt;\" data-raofz=\"13\">A assessora de planejamento e gest\u00e3o estrat\u00e9gica, promotora de Justi\u00e7a Stela Val\u00e9ria Cavalcanti, agradeceu o envolvimento de cada integrante do comit\u00ea e suas equipes nas a\u00e7\u00f5es estrat\u00e9gicas da institui\u00e7\u00e3o e refor\u00e7ou a import\u00e2ncia de todos continuarem investido nesse planejamento: \u201cSeguiremos orientando todos a criarem novos projetos porque essas iniciativas fortalecem demais o trabalho desenvolvido pelo Minist\u00e9rio P\u00fablico. E j\u00e1 vimos que elas d\u00e3o resultado e nos trazem bastante reconhecimento\u201d, comentou ela.<\/span><\/p>\n<p style=\"text-align: justify;\" align=\"justify\" data-raofz=\"14\"><span style=\"font-size: 14pt;\" data-raofz=\"13\"><b>Escola Superior<\/b><\/span><\/p>\n<p style=\"text-align: justify;\" align=\"justify\" data-raofz=\"14\"><span style=\"font-size: 14pt;\" data-raofz=\"13\">As primeiras a apresentarem os resultados do seu plano de a\u00e7\u00e3o foram as servidoras da Escola Superior do Minist\u00e9rio P\u00fablico, Andreza Galindo e Isabelle Ara\u00fajo. Ela falaram sobre as iniciativas estrat\u00e9gicas para instituir a modalidade de ensino a dist\u00e2ncia nas atividades da Escola e de criar o programa de capacita\u00e7\u00e3o m\u00ednima destinado a membros e servidores rec\u00e9m-nomeados, antes de iniciarem o exerc\u00edcio de suas fun\u00e7\u00f5es.<\/span><\/p>\n<p style=\"text-align: justify;\" align=\"justify\" data-raofz=\"14\"><span style=\"font-size: 14pt;\" data-raofz=\"13\">Durante a apresenta\u00e7\u00e3o, elas apresentaram o projeto de est\u00e1gio E-Capacita que, ap\u00f3s sua execu\u00e7\u00e3o, apresentou resultados exitosos, a exemplo da implementa\u00e7\u00e3o do plano pedag\u00f3gico do treinamento inicial dos estagi\u00e1rios, pesquisa sobre metodologias adequadas ao treinamento e as principais dificuldades enfrentadas no in\u00edcio do est\u00e1gio, cria\u00e7\u00e3o dos manuais do estagi\u00e1rio, do supervisor e de sele\u00e7\u00e3o simplificada, al\u00e9m da atualiza\u00e7\u00e3o do modelo de avalia\u00e7\u00e3o do estagi\u00e1rio com o objetivo de demonstrar a evolu\u00e7\u00e3o durante o per\u00edodo de est\u00e1gio.<\/span><\/p>\n<p style=\"text-align: justify;\" align=\"justify\" data-raofz=\"14\"><span style=\"font-size: 14pt;\" data-raofz=\"13\"><b>Tecnologia da Informa\u00e7\u00e3o<\/b><\/span><\/p>\n<p style=\"text-align: justify;\" align=\"justify\" data-raofz=\"14\"><span style=\"font-size: 14pt;\" data-raofz=\"13\">Na sequ\u00eancia, fez sua apresenta\u00e7\u00e3o o diretor da DTI do Minist\u00e9rio P\u00fablico, Marcel de Castro. Em sua explana\u00e7\u00e3o, ele detalhou sobre os investimentos em infraestrutura Tecnol\u00f3gica feitos pela institui\u00e7\u00e3o, o aperfei\u00e7oamento do suporte ao usu\u00e1rio, a cria\u00e7\u00e3o de novos sistemas de informa\u00e7\u00e3o, as<br \/>\nsolu\u00e7\u00f5es integradas de servi\u00e7o de e-mail, armazenamento de arquivos em nuvem e softwares de colabora\u00e7\u00e3o e produtividade e, por fim, a respeito das a\u00e7\u00f5es para implanta\u00e7\u00e3o do ensino \u00e0 dist\u00e2ncia.<\/span><\/p>\n<p style=\"text-align: justify;\" align=\"justify\" data-raofz=\"14\"><span style=\"font-size: 14pt;\" data-raofz=\"13\">Sobre os investimentos feitos na \u00e1rea, o diretor ressaltou algumas conquistas essenciais: aquisi\u00e7\u00e3o de equipamentos que permitir\u00e3o maior ger\u00eancia, controle e seguran\u00e7a dos dados institucionais trafegados atrav\u00e9s de Wi-fi, VPN, Switches, Firewall e Storage; compra de c\u00e2meras de seguran\u00e7a para as promotorias do interior e de nobreaks para o datacenter; e a aquisi\u00e7\u00e3o\/implanta\u00e7\u00e3o de solu\u00e7\u00e3o de voz sobre IP (VoIP).<\/span><\/p>\n<p style=\"text-align: justify;\" align=\"justify\" data-raofz=\"14\"><span style=\"font-size: 14pt;\" data-raofz=\"13\">Al\u00e9m disso, Marcel de Castro destacou o acompanhamento da execu\u00e7\u00e3o de projetos de redes e cabeamento na capital e nas cidades do interior do estado.<\/span><\/p>\n<p style=\"text-align: justify;\" align=\"justify\" data-raofz=\"14\"><span style=\"font-size: 14pt;\" data-raofz=\"13\"><b>Cidadania<\/b><\/span><\/p>\n<p style=\"text-align: justify;\" align=\"justify\" data-raofz=\"14\"><span style=\"font-size: 14pt;\" data-raofz=\"13\">Finalizando os trabalhos, a promotora de Justi\u00e7a Marluce Falc\u00e3o discorreu sobre a atua\u00e7\u00e3o do Minist\u00e9rio P\u00fablico do Rstado de Alagoas em defesa da cidadania plena. Inicialmente, ela detalhou as a\u00e7\u00f5es de constru\u00e7\u00e3o para alian\u00e7as estrat\u00e9gicas em prol da implementa\u00e7\u00e3o e do pleno funcionamento dos conselhos de defesa de direitos dos idosos em todos os munic\u00edpios do estado de Alagoas.<\/span><\/p>\n<p style=\"text-align: justify;\" align=\"justify\" data-raofz=\"14\"><span style=\"font-size: 14pt;\" data-raofz=\"13\">Depois, a promotora explicou a respeito das a\u00e7\u00f5es que visam a garantia dos direitos fundamentais em defesa da popula\u00e7\u00e3o em situa\u00e7\u00e3o de risco e em prol da igualdade racial. E, ao encerrar, Marluce Falc\u00e3o explicou sobre as discuss\u00f5es que tratam da cria\u00e7\u00e3o de um observat\u00f3rio de direitos humanos para fomentar o estudo e a pesquisa com universidades e faculdades sobre a tem\u00e1tica de Direitos Humanos.<\/span><\/p>\n<p style=\"text-align: justify;\" align=\"justify\" data-raofz=\"14\"><span style=\"font-size: 14pt;\" data-raofz=\"13\">O Comit\u00ea<\/span><\/p>\n<p style=\"text-align: justify;\" align=\"justify\" data-raofz=\"14\"><span style=\"font-size: 14pt;\" data-raofz=\"13\">O Comit\u00ea de Gest\u00e3o Estrat\u00e9gica do Minist\u00e9rio P\u00fablico \u00e9 composto por 17 pessoas, entre membros e servidores. E ele est\u00e1 dividido por \u00e1rea de atua\u00e7\u00e3o, de acordo com os objetivos estrat\u00e9gicos j\u00e1 definidos pela administra\u00e7\u00e3o superior.<\/span><\/p>\n<\/div>\n<\/div>\n<\/div><div class=\"fusion-clearfix\"><\/div>\n\n\t\t\t\t\t<\/div>\n\t\t\t\t<\/div><\/div><\/div>\n","protected":false},"excerpt":{"rendered":"","protected":false},"author":2,"featured_media":5591,"comment_status":"closed","ping_status":"closed","sticky":false,"template":"","format":"standard","meta":{"om_disable_all_campaigns":false,"_monsterinsights_skip_tracking":false,"_monsterinsights_sitenote_active":false,"_monsterinsights_sitenote_note":"","_monsterinsights_sitenote_category":0,"_uf_show_specific_survey":0,"_uf_disable_surveys":false,"footnotes":""},"categories":[19],"tags":[],"class_list":["post-5590","post","type-post","status-publish","format-standard","has-post-thumbnail","hentry","category-not_esmp"],"aioseo_notices":[],"_links":{"self":[{"href":"https:\/\/www.mpal.mp.br\/index.php?rest_route=\/wp\/v2\/posts\/5590","targetHints":{"allow":["GET"]}}],"collection":[{"href":"https:\/\/www.mpal.mp.br\/index.php?rest_route=\/wp\/v2\/posts"}],"about":[{"href":"https:\/\/www.mpal.mp.br\/index.php?rest_route=\/wp\/v2\/types\/post"}],"author":[{"embeddable":true,"href":"https:\/\/www.mpal.mp.br\/index.php?rest_route=\/wp\/v2\/users\/2"}],"replies":[{"embeddable":true,"href":"https:\/\/www.mpal.mp.br\/index.php?rest_route=%2Fwp%2Fv2%2Fcomments&post=5590"}],"version-history":[{"count":2,"href":"https:\/\/www.mpal.mp.br\/index.php?rest_route=\/wp\/v2\/posts\/5590\/revisions"}],"predecessor-version":[{"id":5593,"href":"https:\/\/www.mpal.mp.br\/index.php?rest_route=\/wp\/v2\/posts\/5590\/revisions\/5593"}],"wp:featuredmedia":[{"embeddable":true,"href":"https:\/\/www.mpal.mp.br\/index.php?rest_route=\/wp\/v2\/media\/5591"}],"wp:attachment":[{"href":"https:\/\/www.mpal.mp.br\/index.php?rest_route=%2Fwp%2Fv2%2Fmedia&parent=5590"}],"wp:term":[{"taxonomy":"category","embeddable":true,"href":"https:\/\/www.mpal.mp.br\/index.php?rest_route=%2Fwp%2Fv2%2Fcategories&post=5590"},{"taxonomy":"post_tag","embeddable":true,"href":"https:\/\/www.mpal.mp.br\/index.php?rest_route=%2Fwp%2Fv2%2Ftags&post=5590"}],"curies":[{"name":"wp","href":"https:\/\/api.w.org\/{rel}","templated":true}]}}