{"id":5579,"date":"2021-12-09T11:44:23","date_gmt":"2021-12-09T14:44:23","guid":{"rendered":"https:\/\/www.mpal.mp.br\/?p=5579"},"modified":"2022-05-18T11:45:46","modified_gmt":"2022-05-18T14:45:46","slug":"novos-membros-do-conselho-superior-do-ministerio-publico-sao-empossados-nesta-sexta-feira","status":"publish","type":"post","link":"https:\/\/www.mpal.mp.br\/?p=5579","title":{"rendered":"Novos membros do Conselho Superior do Minist\u00e9rio P\u00fablico s\u00e3o empossados nesta sexta-feira"},"content":{"rendered":"<div class=\"fusion-fullwidth fullwidth-box fusion-builder-row-1 nonhundred-percent-fullwidth non-hundred-percent-height-scrolling\"  style='background-color: #ffffff;background-position: center center;background-repeat: no-repeat;padding-top:0px;padding-right:0px;padding-bottom:0px;padding-left:0px;'><div class=\"fusion-builder-row fusion-row \"><div  class=\"fusion-layout-column fusion_builder_column fusion_builder_column_1_1 fusion-builder-column-1 fusion-one-full fusion-column-first fusion-column-last 1_1\"  style='margin-top:0px;margin-bottom:20px;'>\n\t\t\t\t\t<div class=\"fusion-column-wrapper\" style=\"padding: 0px 0px 0px 0px;background-position:left top;background-repeat:no-repeat;-webkit-background-size:cover;-moz-background-size:cover;-o-background-size:cover;background-size:cover;\"   data-bg-url=\"\">\n\t\t\t\t\t\t<div class=\"fusion-text\"><div class=\"wpb_text_column wpb_content_element \" data-raofz=\"14\">\n<div id=\"ct_5r2edjucf5fpowo0i2km\" class=\"wpb_wrapper\" data-raofz=\"14\">\n<p style=\"text-align: justify;\" align=\"justify\" data-raofz=\"14\"><span style=\"font-size: 14pt;\" data-raofz=\"14\">O novo Conselho Superior do Minist\u00e9rio P\u00fablico do Estado de Alagoas (CSMP) tomou posse, na manh\u00e3 desta sexta-feira (9), no pr\u00e9dio-sede da institui\u00e7\u00e3o. Em ato comandado pelo procurador-geral de Justi\u00e7a em exerc\u00edcio, Valter Acioly, os membros rec\u00e9m-eleitos ter\u00e3o mandato de um ano, a come\u00e7ar em janeiro de 2022.<\/span><\/p>\n<p style=\"text-align: justify;\" align=\"justify\" data-raofz=\"14\"><span style=\"font-size: 14pt;\" data-raofz=\"14\">Tomaram posse no cargo os procuradores de\u00a0Justi\u00e7a\u00a0Helder de Arthur Juc\u00e1 Filho, Vicente F\u00e9lix Correia, Maria Marluce Caldas Bezerra, Denise Guimar\u00e3es de Oliveira\u00a0e S\u00e9rgio Amaral Scala.<\/span><\/p>\n<p style=\"text-align: justify;\" align=\"justify\" data-raofz=\"14\"><span style=\"font-size: 14pt;\" data-raofz=\"14\">\u201cA posse dos novos conselheiros eleitos pela classe para o exerc\u00edcio de 2022\u00a0foi um momento\u00a0importante para a nossa institui\u00e7\u00e3o.\u00a0A expectativa \u00e9 de muito trabalho para este\u00a0novo\u00a0ano e tenho certeza que todos dar\u00e3o sua total for\u00e7a laboral para o bom do andamento do Minist\u00e9rio P\u00fablico e para o bem da sociedade\u201d, declarou\u00a0Valter Acioly,.<\/span><\/p>\n<p style=\"text-align: justify;\" align=\"justify\" data-raofz=\"14\"><span style=\"font-size: 14pt;\" data-raofz=\"14\">\u201cDestaco ainda que o\u00a0Conselho Superior \u00e9 um \u00f3rg\u00e3o\u00a0fundamental do\u00a0nosso\u00a0MPAL porque\u00a0auxilia diretamente a administra\u00e7\u00e3o superior em algumas decis\u00f5es\u201d, completou o subprocurador-geral administrativo institucional,\u00a0que est\u00e1 interinamente na chefia da institui\u00e7\u00e3o.<\/span><\/p>\n<p style=\"text-align: justify;\" align=\"justify\" data-raofz=\"14\"><span style=\"font-size: 14pt;\" data-raofz=\"14\">Para a procuradora de Justi\u00e7a integrante do Col\u00e9gio de Procuradores e mais nova conselheira do CSMP, ser\u00e1 uma honra e grande desafio cumprir com essa fun\u00e7\u00e3o que lhe foi atribu\u00edda, \u201c\u00c9 uma miss\u00e3o que exige muita responsabilidade e me sinto honrada por terem confiado no meu trabalho para desempenh\u00e1-la. Exercerei essa atribui\u00e7\u00e3o com dedica\u00e7\u00e3o porque sei que a principal beneficiada com os nossos atos, no final de tudo, \u00e9 a sociedade alagoana\u201d, disse ela.<\/span><\/p>\n<p style=\"text-align: justify;\" align=\"justify\" data-raofz=\"14\"><span style=\"font-size: 14pt;\" data-raofz=\"14\">O mandato da pr\u00f3xima composi\u00e7\u00e3o do Conselho Superior ser\u00e1 de um ano e ter\u00e1 in\u00edcio em 2022.<\/span><\/p>\n<p style=\"text-align: justify;\" align=\"justify\" data-raofz=\"14\"><span style=\"font-size: 14pt;\" data-raofz=\"14\"><strong>O Conselho<\/strong><\/span><\/p>\n<p style=\"text-align: justify;\" align=\"justify\" data-raofz=\"14\"><span style=\"font-size: 14pt;\" data-raofz=\"14\">Compete ao Conselho Superior do Minist\u00e9rio P\u00fablico, como \u00f3rg\u00e3o de Administra\u00e7\u00e3o Superior: elaborar as listas s\u00eaxtuplas; indicar ao procurador-geral de Justi\u00e7a, em lista tr\u00edplice, os candidatos \u00e0 remo\u00e7\u00e3o e \u00e0 promo\u00e7\u00e3o por merecimento; eleger os membros do Minist\u00e9rio P\u00fablico que integrar\u00e3o a comiss\u00e3o de concurso de ingresso \u00e0 carreira; indicar o nome do mais antigo membro para a remo\u00e7\u00e3o ou promo\u00e7\u00e3o por antiguidade; e aprovar os pedidos de remo\u00e7\u00e3o por permuta entre promotores e procuradores de Justi\u00e7a.<\/span><\/p>\n<p style=\"text-align: justify;\" align=\"justify\" data-raofz=\"14\"><span style=\"font-size: 14pt;\" data-raofz=\"14\">O Conselho tamb\u00e9m decide sobre vitaliciamento de membros e determina, por voto de dois ter\u00e7os de seus integrantes, a disponibilidade ou remo\u00e7\u00e3o de membros, por interesse p\u00fablico e conveni\u00eancia do servi\u00e7o, assegurada ampla defesa. Entre outras delibera\u00e7\u00f5es, o Conselho aprecia os pedidos de arquivamento de inqu\u00e9ritos civis p\u00fablico.<\/span><\/p>\n<\/div>\n<\/div>\n<\/div><style type=\"text\/css\">.fusion-gallery-1 .fusion-gallery-image {border:0px solid #f6f6f6;-webkit-border-radius:5px;-moz-border-radius:5px;border-radius:5px;}<\/style><div class=\"fusion-gallery fusion-gallery-container fusion-grid-3 fusion-columns-total-0 fusion-gallery-layout-grid fusion-gallery-1\" style=\"margin:-5px;\"><div style=\"padding:5px;\" class=\"fusion-grid-column fusion-gallery-column fusion-gallery-column-3 hover-type-none\"><div class=\"fusion-gallery-image\"><a href=\"https:\/\/www.mpal.mp.br\/wp-content\/uploads\/2021\/12\/fotos-posse-dra-marluce-caldas-colegio-de-procuradores-2-1536x692-1.jpg\" rel=\"noreferrer\" data-rel=\"iLightbox[gallery_image_1]\" class=\"fusion-lightbox\" target=\"_self\"><img loading=\"lazy\" decoding=\"async\" src=\"https:\/\/www.mpal.mp.br\/wp-content\/uploads\/2021\/12\/fotos-posse-dra-marluce-caldas-colegio-de-procuradores-2-1536x692-1.jpg\" width=\"1536\" height=\"692\" alt=\"\" title=\"fotos-posse-dra-marluce-caldas-col\u00e9gio-de-procuradores-2-1536&#215;692\" aria-label=\"fotos-posse-dra-marluce-caldas-col\u00e9gio-de-procuradores-2-1536&#215;692\" class=\"img-responsive wp-image-5583\" \/><\/a><\/div><\/div><div style=\"padding:5px;\" class=\"fusion-grid-column fusion-gallery-column fusion-gallery-column-3 hover-type-none\"><div class=\"fusion-gallery-image\"><a href=\"https:\/\/www.mpal.mp.br\/wp-content\/uploads\/2021\/12\/fotos-posse-dra-marluce-caldas-colegio-de-procuradores-3-1536x692-1.jpg\" rel=\"noreferrer\" data-rel=\"iLightbox[gallery_image_1]\" class=\"fusion-lightbox\" target=\"_self\"><img loading=\"lazy\" decoding=\"async\" src=\"https:\/\/www.mpal.mp.br\/wp-content\/uploads\/2021\/12\/fotos-posse-dra-marluce-caldas-colegio-de-procuradores-3-1536x692-1.jpg\" width=\"1536\" height=\"692\" alt=\"\" title=\"fotos-posse-dra-marluce-caldas-col\u00e9gio-de-procuradores-3-1536&#215;692\" aria-label=\"fotos-posse-dra-marluce-caldas-col\u00e9gio-de-procuradores-3-1536&#215;692\" class=\"img-responsive wp-image-5584\" \/><\/a><\/div><\/div><div style=\"padding:5px;\" class=\"fusion-grid-column fusion-gallery-column fusion-gallery-column-3 hover-type-none\"><div class=\"fusion-gallery-image\"><a href=\"https:\/\/www.mpal.mp.br\/wp-content\/uploads\/2021\/12\/fotos-posse-dra-marluce-caldas-colegio-de-procuradores-6-1536x692-1.jpg\" rel=\"noreferrer\" data-rel=\"iLightbox[gallery_image_1]\" class=\"fusion-lightbox\" target=\"_self\"><img loading=\"lazy\" decoding=\"async\" src=\"https:\/\/www.mpal.mp.br\/wp-content\/uploads\/2021\/12\/fotos-posse-dra-marluce-caldas-colegio-de-procuradores-6-1536x692-1.jpg\" width=\"1536\" height=\"692\" alt=\"\" title=\"fotos-posse-dra-marluce-caldas-col\u00e9gio-de-procuradores-6-1536&#215;692\" aria-label=\"fotos-posse-dra-marluce-caldas-col\u00e9gio-de-procuradores-6-1536&#215;692\" class=\"img-responsive wp-image-5585\" \/><\/a><\/div><\/div><div class=\"clearfix\"><\/div><div style=\"padding:5px;\" class=\"fusion-grid-column fusion-gallery-column fusion-gallery-column-3 hover-type-none\"><div class=\"fusion-gallery-image\"><a href=\"https:\/\/www.mpal.mp.br\/wp-content\/uploads\/2021\/12\/fotos-posse-dra-marluce-caldas-colegio-de-procuradores-7-1536x692-1.jpg\" rel=\"noreferrer\" data-rel=\"iLightbox[gallery_image_1]\" class=\"fusion-lightbox\" target=\"_self\"><img loading=\"lazy\" decoding=\"async\" src=\"https:\/\/www.mpal.mp.br\/wp-content\/uploads\/2021\/12\/fotos-posse-dra-marluce-caldas-colegio-de-procuradores-7-1536x692-1.jpg\" width=\"1536\" height=\"692\" alt=\"\" title=\"fotos-posse-dra-marluce-caldas-col\u00e9gio-de-procuradores-7-1536&#215;692\" aria-label=\"fotos-posse-dra-marluce-caldas-col\u00e9gio-de-procuradores-7-1536&#215;692\" class=\"img-responsive wp-image-5586\" \/><\/a><\/div><\/div><div style=\"padding:5px;\" class=\"fusion-grid-column fusion-gallery-column fusion-gallery-column-3 hover-type-none\"><div class=\"fusion-gallery-image\"><a href=\"https:\/\/www.mpal.mp.br\/wp-content\/uploads\/2021\/12\/Reuniao-do-colegio-de-procuradores-09.12-1-1536x864-1.jpeg\" rel=\"noreferrer\" data-rel=\"iLightbox[gallery_image_1]\" class=\"fusion-lightbox\" target=\"_self\"><img loading=\"lazy\" decoding=\"async\" src=\"https:\/\/www.mpal.mp.br\/wp-content\/uploads\/2021\/12\/Reuniao-do-colegio-de-procuradores-09.12-1-1536x864-1.jpeg\" width=\"1536\" height=\"864\" alt=\"\" title=\"Reuni\u00e3o-do-col\u00e9gio-de-procuradores-09.12-1-1536&#215;864\" aria-label=\"Reuni\u00e3o-do-col\u00e9gio-de-procuradores-09.12-1-1536&#215;864\" class=\"img-responsive wp-image-5587\" \/><\/a><\/div><\/div><div style=\"padding:5px;\" class=\"fusion-grid-column fusion-gallery-column fusion-gallery-column-3 hover-type-none\"><div class=\"fusion-gallery-image\"><a href=\"https:\/\/www.mpal.mp.br\/wp-content\/uploads\/2021\/12\/Reuniao-do-colegio-de-procuradores-09.12-2-1536x864-1.jpeg\" rel=\"noreferrer\" data-rel=\"iLightbox[gallery_image_1]\" class=\"fusion-lightbox\" target=\"_self\"><img loading=\"lazy\" decoding=\"async\" src=\"https:\/\/www.mpal.mp.br\/wp-content\/uploads\/2021\/12\/Reuniao-do-colegio-de-procuradores-09.12-2-1536x864-1.jpeg\" width=\"1536\" height=\"864\" alt=\"\" title=\"Reuni\u00e3o-do-col\u00e9gio-de-procuradores-09.12-2-1536&#215;864\" aria-label=\"Reuni\u00e3o-do-col\u00e9gio-de-procuradores-09.12-2-1536&#215;864\" class=\"img-responsive wp-image-5588\" \/><\/a><\/div><\/div><div class=\"clearfix\"><\/div><\/div><div class=\"fusion-clearfix\"><\/div>\n\n\t\t\t\t\t<\/div>\n\t\t\t\t<\/div><\/div><\/div>\n","protected":false},"excerpt":{"rendered":"","protected":false},"author":2,"featured_media":5580,"comment_status":"open","ping_status":"open","sticky":false,"template":"","format":"standard","meta":{"om_disable_all_campaigns":false,"_monsterinsights_skip_tracking":false,"_monsterinsights_sitenote_active":false,"_monsterinsights_sitenote_note":"","_monsterinsights_sitenote_category":0,"_uf_show_specific_survey":0,"_uf_disable_surveys":false,"footnotes":""},"categories":[2],"tags":[],"class_list":["post-5579","post","type-post","status-publish","format-standard","has-post-thumbnail","hentry","category-not_mpal"],"aioseo_notices":[],"_links":{"self":[{"href":"https:\/\/www.mpal.mp.br\/index.php?rest_route=\/wp\/v2\/posts\/5579","targetHints":{"allow":["GET"]}}],"collection":[{"href":"https:\/\/www.mpal.mp.br\/index.php?rest_route=\/wp\/v2\/posts"}],"about":[{"href":"https:\/\/www.mpal.mp.br\/index.php?rest_route=\/wp\/v2\/types\/post"}],"author":[{"embeddable":true,"href":"https:\/\/www.mpal.mp.br\/index.php?rest_route=\/wp\/v2\/users\/2"}],"replies":[{"embeddable":true,"href":"https:\/\/www.mpal.mp.br\/index.php?rest_route=%2Fwp%2Fv2%2Fcomments&post=5579"}],"version-history":[{"count":3,"href":"https:\/\/www.mpal.mp.br\/index.php?rest_route=\/wp\/v2\/posts\/5579\/revisions"}],"predecessor-version":[{"id":5589,"href":"https:\/\/www.mpal.mp.br\/index.php?rest_route=\/wp\/v2\/posts\/5579\/revisions\/5589"}],"wp:featuredmedia":[{"embeddable":true,"href":"https:\/\/www.mpal.mp.br\/index.php?rest_route=\/wp\/v2\/media\/5580"}],"wp:attachment":[{"href":"https:\/\/www.mpal.mp.br\/index.php?rest_route=%2Fwp%2Fv2%2Fmedia&parent=5579"}],"wp:term":[{"taxonomy":"category","embeddable":true,"href":"https:\/\/www.mpal.mp.br\/index.php?rest_route=%2Fwp%2Fv2%2Fcategories&post=5579"},{"taxonomy":"post_tag","embeddable":true,"href":"https:\/\/www.mpal.mp.br\/index.php?rest_route=%2Fwp%2Fv2%2Ftags&post=5579"}],"curies":[{"name":"wp","href":"https:\/\/api.w.org\/{rel}","templated":true}]}}