{"id":55591,"date":"2025-05-09T13:10:26","date_gmt":"2025-05-09T16:10:26","guid":{"rendered":"https:\/\/www.mpal.mp.br\/?p=55591"},"modified":"2025-05-09T13:10:26","modified_gmt":"2025-05-09T16:10:26","slug":"maceio-ministerio-publico-reunira-orgaos-publicos-e-organizadores-de-festas-juninas-para-assinatura-de-tac","status":"publish","type":"post","link":"https:\/\/www.mpal.mp.br\/?p=55591","title":{"rendered":"Macei\u00f3: Minist\u00e9rio P\u00fablico reunir\u00e1 \u00f3rg\u00e3os p\u00fablicos e organizadores de festas juninas para assinatura de TAC"},"content":{"rendered":"<p align=\"justify\"><span style=\"font-family: helvetica, arial, sans-serif;\">Os festejos juninos s\u00e3o tradi\u00e7\u00e3o, costumam aglomerar multid\u00f5es e o Minist\u00e9rio P\u00fablico de Alagoas (MPAL) j\u00e1 est\u00e1 atento para garantir que tudo seja executado dentro da legalidade, com seguran\u00e7a e a popula\u00e7\u00e3o possa se divertir ciente de que seus direitos est\u00e3o sendo respeitados. Para isso, na pr\u00f3xima quinta-feira (15), a Promotoria de Defesa do Consumidor, que tem como titular o promotor de Justi\u00e7a Max Martins, e ser\u00e1 representada pelo promotor de Justi\u00e7a D\u00eanis Guimar\u00e3es, promover\u00e1, a partir das 9h, no audit\u00f3rio Edgar Valente de Lima, no 5\u00ba andar do pr\u00e9dio da Procuradoria-Geral de Justi\u00e7a, bairro Po\u00e7o, em Macei\u00f3, discuss\u00f5es com \u00f3rg\u00e3os p\u00fablicos estaduais e municipais, al\u00e9m de ambulantes, organizadores e produtores de eventos que resultar\u00e3o na assinatura de um Termo de Ajustamento de Conduta (TAC).<\/span><\/p>\n<p align=\"justify\"><span style=\"font-family: helvetica, arial, sans-serif;\">Como de praxe, minunciosamente ser\u00e3o tratados todos os crit\u00e9rios para evitar intercorr\u00eancias nesse per\u00edodo, com aten\u00e7\u00e3o redobrada em rela\u00e7\u00e3o a fogos de artif\u00edcios. O promotor de Justi\u00e7a Max Martins ressalta a import\u00e2ncia dos convocados para assinem o termo de compromisso.<\/span><\/p>\n<p align=\"justify\"><span style=\"font-family: helvetica, arial, sans-serif;\">\u201cEssas audi\u00eancias s\u00e3o habituais, sabemos que as festas juninas s\u00e3o, depois do carnaval, as que mais atraem a sociedade, como nordestinos n\u00e3o poderia ser diferente em Macei\u00f3, mas todos os anos temos essa preocupa\u00e7\u00e3o e reunimos todas as autoridades, bem como os respons\u00e1veis por arrai\u00e1s, festas privadas, os ambulantes, para que cada se inteire das suas obriga\u00e7\u00f5es. E deixando claro que, depois de assinarem o TAC, ter\u00e3o a obriga\u00e7\u00e3o de cumprir suas cl\u00e1usulas. Ent\u00e3o, na pr\u00f3xima quinta esperamos a participa\u00e7\u00e3o maci\u00e7a para que possamos alinhar os detalhes e assegurar que na capital alagoana tudo transcorrer\u00e1 de forma pac\u00edfica e segura. O encontro ficar\u00e1 sob coordena\u00e7\u00e3o do promotor de Justi\u00e7a D\u00eanis Guimar\u00e3es e acredito que, como nas vezes anteriores, chegaremos a um consenso\u201d, afirma o promotor .<\/span><\/p>\n<p align=\"justify\"><span style=\"font-family: helvetica, arial, sans-serif;\"><b>Participantes<\/b><\/span><\/p>\n<p align=\"justify\"><span style=\"font-family: helvetica, arial, sans-serif;\">Para a audi\u00eancia e assinatura do TAC, o Minist\u00e9rio P\u00fablico convidou Secretaria Municipal de Seguran\u00e7a Cidad\u00e3 (SEMSC); a Diretoria Municipal de Transporte e Tr\u00e2nsito (DMTT); as pol\u00edcias Civil e Militar; o Corpo de Bombeiros; o Servi\u00e7o de Atendimento M\u00e9dico de Urg\u00eancia (Samu); a Ilumina; a Funda\u00e7\u00e3o Municipal de A\u00e7\u00e3o Cultural (FMAC); a SEMURB; a Equatorial Energia; a Vigil\u00e2ncia Sanit\u00e1ria do Munic\u00edpio de Macei\u00f3; Procon\/AL; o Procon Macei\u00f3; a Secretaria Municipal de Cultura e Economia Criativa; a Associa\u00e7\u00e3o dos Ambulantes de Macei\u00f3; e comoj\u00e1 citado os organizadores e produtores de eventos.<\/span><\/p>\n","protected":false},"excerpt":{"rendered":"<p> [&hellip;]<\/p>\n","protected":false},"author":8,"featured_media":55592,"comment_status":"open","ping_status":"open","sticky":false,"template":"","format":"standard","meta":{"om_disable_all_campaigns":false,"_monsterinsights_skip_tracking":false,"_monsterinsights_sitenote_active":false,"_monsterinsights_sitenote_note":"","_monsterinsights_sitenote_category":0,"_uf_show_specific_survey":0,"_uf_disable_surveys":false,"footnotes":""},"categories":[59],"tags":[],"class_list":["post-55591","post","type-post","status-publish","format-standard","has-post-thumbnail","hentry","category-tac"],"aioseo_notices":[],"_links":{"self":[{"href":"https:\/\/www.mpal.mp.br\/index.php?rest_route=\/wp\/v2\/posts\/55591","targetHints":{"allow":["GET"]}}],"collection":[{"href":"https:\/\/www.mpal.mp.br\/index.php?rest_route=\/wp\/v2\/posts"}],"about":[{"href":"https:\/\/www.mpal.mp.br\/index.php?rest_route=\/wp\/v2\/types\/post"}],"author":[{"embeddable":true,"href":"https:\/\/www.mpal.mp.br\/index.php?rest_route=\/wp\/v2\/users\/8"}],"replies":[{"embeddable":true,"href":"https:\/\/www.mpal.mp.br\/index.php?rest_route=%2Fwp%2Fv2%2Fcomments&post=55591"}],"version-history":[{"count":2,"href":"https:\/\/www.mpal.mp.br\/index.php?rest_route=\/wp\/v2\/posts\/55591\/revisions"}],"predecessor-version":[{"id":55594,"href":"https:\/\/www.mpal.mp.br\/index.php?rest_route=\/wp\/v2\/posts\/55591\/revisions\/55594"}],"wp:featuredmedia":[{"embeddable":true,"href":"https:\/\/www.mpal.mp.br\/index.php?rest_route=\/wp\/v2\/media\/55592"}],"wp:attachment":[{"href":"https:\/\/www.mpal.mp.br\/index.php?rest_route=%2Fwp%2Fv2%2Fmedia&parent=55591"}],"wp:term":[{"taxonomy":"category","embeddable":true,"href":"https:\/\/www.mpal.mp.br\/index.php?rest_route=%2Fwp%2Fv2%2Fcategories&post=55591"},{"taxonomy":"post_tag","embeddable":true,"href":"https:\/\/www.mpal.mp.br\/index.php?rest_route=%2Fwp%2Fv2%2Ftags&post=55591"}],"curies":[{"name":"wp","href":"https:\/\/api.w.org\/{rel}","templated":true}]}}