{"id":5554,"date":"2021-12-13T11:35:50","date_gmt":"2021-12-13T14:35:50","guid":{"rendered":"https:\/\/www.mpal.mp.br\/?p=5554"},"modified":"2022-05-18T11:37:34","modified_gmt":"2022-05-18T14:37:34","slug":"ministerio-publico-de-alagoas-ganha-selo-de-boas-praticas-voltadas-a-diversidade-nas-instituicoes","status":"publish","type":"post","link":"https:\/\/www.mpal.mp.br\/?p=5554","title":{"rendered":"Minist\u00e9rio P\u00fablico de Alagoas ganha selo de boas pr\u00e1ticas voltadas \u00e0 diversidade nas institui\u00e7\u00f5es"},"content":{"rendered":"<div class=\"fusion-fullwidth fullwidth-box fusion-builder-row-1 nonhundred-percent-fullwidth non-hundred-percent-height-scrolling\"  style='background-color: #ffffff;background-position: center center;background-repeat: no-repeat;padding-top:0px;padding-right:0px;padding-bottom:0px;padding-left:0px;'><div class=\"fusion-builder-row fusion-row \"><div  class=\"fusion-layout-column fusion_builder_column fusion_builder_column_1_1 fusion-builder-column-1 fusion-one-full fusion-column-first fusion-column-last 1_1\"  style='margin-top:0px;margin-bottom:20px;'>\n\t\t\t\t\t<div class=\"fusion-column-wrapper\" style=\"padding: 0px 0px 0px 0px;background-position:left top;background-repeat:no-repeat;-webkit-background-size:cover;-moz-background-size:cover;-o-background-size:cover;background-size:cover;\"   data-bg-url=\"\">\n\t\t\t\t\t\t<div class=\"fusion-text\"><p style=\"text-align: justify;\" data-raofz=\"14\"><span style=\"font-size: 14pt;\">O Minist\u00e9rio P\u00fablico de Alagoas (MPAL) recebeu, nesta segunda-feira (13), em Bras\u00edlia, a certifica\u00e7\u00e3o \u201cDiversidade nas institui\u00e7\u00f5es: selo de boas pr\u00e1ticas institucionais,\u201d concedida pelo Conselho Nacional do Minist\u00e9rio P\u00fablico (CNMP) em reconhecimento \u00e0 valorosa contribui\u00e7\u00e3o para a promo\u00e7\u00e3o da cultura do respeito \u00e0 diversidade humana. O procurador-geral de Justi\u00e7a em exerc\u00edcio, Valter Jos\u00e9 de Omena Acioly, e a promotora de Justi\u00e7a e coordenadora do N\u00facleo dos Direitos Humanos do MPAL, Marluce Falc\u00e3o, representaram a institui\u00e7\u00e3o na cerim\u00f4nia.<\/span><\/p>\n<p style=\"text-align: justify;\" data-raofz=\"14\"><span style=\"font-size: 14pt;\">O chefe do MPAL fala com felicidade sobre a conquista, reconhecendo o trabalho s\u00e9rio desenvolvido por cada membro em defesa da dignidade do cidad\u00e3o.<\/span><\/p>\n<p style=\"text-align: justify;\" data-raofz=\"14\"><span style=\"font-size: 14pt;\">\u201cSentimo-nos lisonjeados, \u00e9 um marco para o Minist\u00e9rio P\u00fablico de Alagoas e ser reconhecido pelo Conselho Nacional do Minist\u00e9rio P\u00fablico, por boas pr\u00e1ticas, significa que o nosso direcionamento em defesa da cidadania atingiu os prop\u00f3sitos. Isso \u00e9 resultado do empenho dos membros que o integram, numa busca laboriosa e di\u00e1ria para que a dignidade do cidad\u00e3o alagoano seja respeitada. Esse \u00e9 um momento de grande orgulho, receber o selo ao lado da colega Marluce Falc\u00e3o que coordena o N\u00facleo dos Direitos Humanos e que tem um trabalho importante desempenhado. O pr\u00eamio \u00e9 de todos n\u00f3s que fazemos o MP de Alagoas e da sociedade, amanh\u00e3 comemoramos o Dia Nacional do Minist\u00e9rio P\u00fablico e com ele somos presenteados em dobro\u201d, ressalta o procurador-geral em exerc\u00edcio, Valter Acioly.<\/span><\/p>\n<p style=\"text-align: justify;\" data-raofz=\"14\"><span style=\"font-size: 14pt;\">A promotora de Justi\u00e7a e coordenadora do N\u00facleo dos Direitos Humanos, Marluce Falc\u00e3o, diz que o pr\u00eamio tem grande relev\u00e2ncia e incentiva a novos projetos em prol da dignidade da pessoa humana.<\/span><\/p>\n<p style=\"text-align: justify;\" data-raofz=\"14\"><span style=\"font-size: 14pt;\">\u201cO reconhecimento do Conselho Nacional do Minist\u00e9rio P\u00fablico, conferindo ao Minist\u00e9rio P\u00fablico de Alagoas, o selo de boas pr\u00e1ticas, em raz\u00e3o da concretiza\u00e7\u00e3o do objetivo estrat\u00e9gico institucional da \u2018Garantia da Cidadania Plena\u2019 aos alagoanos, por meio de a\u00e7\u00f5es estrat\u00e9gicas que visam o respeito e diversidade, possui uma grande relev\u00e2ncia no incentivo \u00e0 realiza\u00e7\u00e3o de novos projetos que nos aproximem ainda mais da sociedade, na defesa dos direitos fundamentais, sempre inspirados no princ\u00edpio da dignidade da pessoa humana. Esse pr\u00eamio veio ao encontro dos anseios de todos os membros e servidores do MPAL que defendem a cultura dos Direitos Humanos e nos impulsiona \u00e0 reflex\u00f5es, remetendo ao Dia Internacional dos Direitos Humanos. Parab\u00e9ns ao combativo e inspirador Minist\u00e9rio P\u00fablico de Alagoas\u201d, declara a promotora Marluce Falc\u00e3o.<\/span><\/p>\n<p style=\"text-align: justify;\" data-raofz=\"14\"><span style=\"font-size: 14pt;\">Projeto<\/span><\/p>\n<p style=\"text-align: justify;\" data-raofz=\"14\"><span style=\"font-size: 14pt;\">O projeto \u201cRespeito e Diversidade\u201d\u00e9 de iniciativa da presid\u00eancia do Conselho Nacional do Minist\u00e9rio P\u00fablico (CNMP) em conjunto com a Escola Superior do Minist\u00e9rio P\u00fablico da Uni\u00e3o e o Minist\u00e9rio P\u00fablico Federal. Ele foi criado no dia 10 de dezembro de 2020 com o prop\u00f3sito de realizar a\u00e7\u00f5es interinstitucionais voltadas a contribuir com a reflex\u00e3o, a discuss\u00e3o e as iniciativas que promovam a cultura o respeito \u00e0 diversidade humana, ao pluralismo de ideias e opini\u00f5es sobre aspectos sociais, pol\u00edticos, de g\u00eanero, de ra\u00e7a, de credo, entre outros.<\/span><\/p>\n<\/div><style type=\"text\/css\">.fusion-gallery-1 .fusion-gallery-image {border:0px solid #f6f6f6;-webkit-border-radius:5px;-moz-border-radius:5px;border-radius:5px;}<\/style><div class=\"fusion-gallery fusion-gallery-container fusion-grid-3 fusion-columns-total-0 fusion-gallery-layout-grid fusion-gallery-1\" style=\"margin:-5px;\"><div style=\"padding:5px;\" class=\"fusion-grid-column fusion-gallery-column fusion-gallery-column-3 hover-type-none\"><div class=\"fusion-gallery-image\"><a href=\"https:\/\/www.mpal.mp.br\/wp-content\/uploads\/2021\/12\/selo-01-768x1024-1.jpg\" rel=\"noreferrer\" data-rel=\"iLightbox[gallery_image_1]\" class=\"fusion-lightbox\" target=\"_self\"><img loading=\"lazy\" decoding=\"async\" src=\"https:\/\/www.mpal.mp.br\/wp-content\/uploads\/2021\/12\/selo-01-768x1024-1.jpg\" width=\"768\" height=\"1024\" alt=\"\" title=\"selo-01-768&#215;1024\" aria-label=\"selo-01-768&#215;1024\" class=\"img-responsive wp-image-5558\" \/><\/a><\/div><\/div><div style=\"padding:5px;\" class=\"fusion-grid-column fusion-gallery-column fusion-gallery-column-3 hover-type-none\"><div class=\"fusion-gallery-image\"><a href=\"https:\/\/www.mpal.mp.br\/wp-content\/uploads\/2021\/12\/selo-02-768x1024-1.jpg\" rel=\"noreferrer\" data-rel=\"iLightbox[gallery_image_1]\" class=\"fusion-lightbox\" target=\"_self\"><img loading=\"lazy\" decoding=\"async\" src=\"https:\/\/www.mpal.mp.br\/wp-content\/uploads\/2021\/12\/selo-02-768x1024-1.jpg\" width=\"768\" height=\"1024\" alt=\"\" title=\"selo-02-768&#215;1024\" aria-label=\"selo-02-768&#215;1024\" class=\"img-responsive wp-image-5559\" \/><\/a><\/div><\/div><div style=\"padding:5px;\" class=\"fusion-grid-column fusion-gallery-column fusion-gallery-column-3 hover-type-none\"><div class=\"fusion-gallery-image\"><a href=\"https:\/\/www.mpal.mp.br\/wp-content\/uploads\/2021\/12\/selo-04-768x1024-1.jpg\" rel=\"noreferrer\" data-rel=\"iLightbox[gallery_image_1]\" class=\"fusion-lightbox\" target=\"_self\"><img loading=\"lazy\" decoding=\"async\" src=\"https:\/\/www.mpal.mp.br\/wp-content\/uploads\/2021\/12\/selo-04-768x1024-1.jpg\" width=\"768\" height=\"1024\" alt=\"\" title=\"selo-04-768&#215;1024\" aria-label=\"selo-04-768&#215;1024\" class=\"img-responsive wp-image-5560\" \/><\/a><\/div><\/div><div class=\"clearfix\"><\/div><div style=\"padding:5px;\" class=\"fusion-grid-column fusion-gallery-column fusion-gallery-column-3 hover-type-none\"><div class=\"fusion-gallery-image\"><a href=\"https:\/\/www.mpal.mp.br\/wp-content\/uploads\/2021\/12\/selo-05-768x1024-1.jpg\" rel=\"noreferrer\" data-rel=\"iLightbox[gallery_image_1]\" class=\"fusion-lightbox\" target=\"_self\"><img loading=\"lazy\" decoding=\"async\" src=\"https:\/\/www.mpal.mp.br\/wp-content\/uploads\/2021\/12\/selo-05-768x1024-1.jpg\" width=\"768\" height=\"1024\" alt=\"\" title=\"selo-05-768&#215;1024\" aria-label=\"selo-05-768&#215;1024\" class=\"img-responsive wp-image-5561\" \/><\/a><\/div><\/div><div style=\"padding:5px;\" class=\"fusion-grid-column fusion-gallery-column fusion-gallery-column-3 hover-type-none\"><div class=\"fusion-gallery-image\"><a href=\"https:\/\/www.mpal.mp.br\/wp-content\/uploads\/2021\/12\/selo-06-768x1024-1.jpg\" rel=\"noreferrer\" data-rel=\"iLightbox[gallery_image_1]\" class=\"fusion-lightbox\" target=\"_self\"><img loading=\"lazy\" decoding=\"async\" src=\"https:\/\/www.mpal.mp.br\/wp-content\/uploads\/2021\/12\/selo-06-768x1024-1.jpg\" width=\"768\" height=\"1024\" alt=\"\" title=\"selo-06-768&#215;1024\" aria-label=\"selo-06-768&#215;1024\" class=\"img-responsive wp-image-5562\" \/><\/a><\/div><\/div><div style=\"padding:5px;\" class=\"fusion-grid-column fusion-gallery-column fusion-gallery-column-3 hover-type-none\"><div class=\"fusion-gallery-image\"><a href=\"https:\/\/www.mpal.mp.br\/wp-content\/uploads\/2021\/12\/selo-07-1024x709-1.jpg\" rel=\"noreferrer\" data-rel=\"iLightbox[gallery_image_1]\" class=\"fusion-lightbox\" target=\"_self\"><img loading=\"lazy\" decoding=\"async\" src=\"https:\/\/www.mpal.mp.br\/wp-content\/uploads\/2021\/12\/selo-07-1024x709-1.jpg\" width=\"1024\" height=\"709\" alt=\"\" title=\"selo-07-1024&#215;709\" aria-label=\"selo-07-1024&#215;709\" class=\"img-responsive wp-image-5563\" \/><\/a><\/div><\/div><div class=\"clearfix\"><\/div><\/div><div class=\"fusion-clearfix\"><\/div>\n\n\t\t\t\t\t<\/div>\n\t\t\t\t<\/div><\/div><\/div>\n","protected":false},"excerpt":{"rendered":"","protected":false},"author":2,"featured_media":5555,"comment_status":"open","ping_status":"open","sticky":false,"template":"","format":"standard","meta":{"om_disable_all_campaigns":false,"_monsterinsights_skip_tracking":false,"_monsterinsights_sitenote_active":false,"_monsterinsights_sitenote_note":"","_monsterinsights_sitenote_category":0,"_uf_show_specific_survey":0,"_uf_disable_surveys":false,"footnotes":""},"categories":[2],"tags":[],"class_list":["post-5554","post","type-post","status-publish","format-standard","has-post-thumbnail","hentry","category-not_mpal"],"aioseo_notices":[],"_links":{"self":[{"href":"https:\/\/www.mpal.mp.br\/index.php?rest_route=\/wp\/v2\/posts\/5554","targetHints":{"allow":["GET"]}}],"collection":[{"href":"https:\/\/www.mpal.mp.br\/index.php?rest_route=\/wp\/v2\/posts"}],"about":[{"href":"https:\/\/www.mpal.mp.br\/index.php?rest_route=\/wp\/v2\/types\/post"}],"author":[{"embeddable":true,"href":"https:\/\/www.mpal.mp.br\/index.php?rest_route=\/wp\/v2\/users\/2"}],"replies":[{"embeddable":true,"href":"https:\/\/www.mpal.mp.br\/index.php?rest_route=%2Fwp%2Fv2%2Fcomments&post=5554"}],"version-history":[{"count":3,"href":"https:\/\/www.mpal.mp.br\/index.php?rest_route=\/wp\/v2\/posts\/5554\/revisions"}],"predecessor-version":[{"id":5564,"href":"https:\/\/www.mpal.mp.br\/index.php?rest_route=\/wp\/v2\/posts\/5554\/revisions\/5564"}],"wp:featuredmedia":[{"embeddable":true,"href":"https:\/\/www.mpal.mp.br\/index.php?rest_route=\/wp\/v2\/media\/5555"}],"wp:attachment":[{"href":"https:\/\/www.mpal.mp.br\/index.php?rest_route=%2Fwp%2Fv2%2Fmedia&parent=5554"}],"wp:term":[{"taxonomy":"category","embeddable":true,"href":"https:\/\/www.mpal.mp.br\/index.php?rest_route=%2Fwp%2Fv2%2Fcategories&post=5554"},{"taxonomy":"post_tag","embeddable":true,"href":"https:\/\/www.mpal.mp.br\/index.php?rest_route=%2Fwp%2Fv2%2Ftags&post=5554"}],"curies":[{"name":"wp","href":"https:\/\/api.w.org\/{rel}","templated":true}]}}