{"id":5551,"date":"2021-12-14T11:33:21","date_gmt":"2021-12-14T14:33:21","guid":{"rendered":"https:\/\/www.mpal.mp.br\/?p=5551"},"modified":"2022-05-18T11:34:45","modified_gmt":"2022-05-18T14:34:45","slug":"ministerio-publico-denuncia-autor-de-homicidio-dentro-de-coletivo-na-fernandes-lima","status":"publish","type":"post","link":"https:\/\/www.mpal.mp.br\/?p=5551","title":{"rendered":"Minist\u00e9rio P\u00fablico denuncia autor de homic\u00eddio dentro de coletivo na Fernandes Lima"},"content":{"rendered":"<div class=\"fusion-fullwidth fullwidth-box fusion-builder-row-1 nonhundred-percent-fullwidth non-hundred-percent-height-scrolling\"  style='background-color: #ffffff;background-position: center center;background-repeat: no-repeat;padding-top:0px;padding-right:0px;padding-bottom:0px;padding-left:0px;'><div class=\"fusion-builder-row fusion-row \"><div  class=\"fusion-layout-column fusion_builder_column fusion_builder_column_1_1 fusion-builder-column-1 fusion-one-full fusion-column-first fusion-column-last 1_1\"  style='margin-top:0px;margin-bottom:20px;'>\n\t\t\t\t\t<div class=\"fusion-column-wrapper\" style=\"padding: 0px 0px 0px 0px;background-position:left top;background-repeat:no-repeat;-webkit-background-size:cover;-moz-background-size:cover;-o-background-size:cover;background-size:cover;\"   data-bg-url=\"\">\n\t\t\t\t\t\t<div class=\"fusion-text\"><p style=\"text-align: justify;\" align=\"justify\" data-raofz=\"14\"><span style=\"font-size: 14pt;\" data-raofz=\"16\">Um crime cruel, diante de dezenas de pessoas intimidadas pela viol\u00eancia do autor, correndo riscos, em pleno dia. Um r\u00e9u confesso. Diante dos fatos, o Minist\u00e9rio P\u00fablico Estadual (MPAL) ofereceu, nesta segunda-feira (13), den\u00fancia em desfavor de Felipe Cristiano da Silva, 34 anos, que assassinou a golpes de faca, dentro de um coletivo, na Avenida Fernandes Lima, em frente a Casa Vieira, no bairro Farol, em Macei\u00f3, Renilson Freire de Souza.<\/span><\/p>\n<p style=\"text-align: justify;\" align=\"justify\" data-raofz=\"14\"><span style=\"font-size: 14pt;\" data-raofz=\"16\">O promotor de Justi\u00e7a, Ary Lages Filho, baseia-se no inqu\u00e9rito policial entendendo que por tal ato de frieza e covardia Felipe Cristiano tem de ser julgado, condenado e obter puni\u00e7\u00e3o severa. Para ele, n\u00e3o h\u00e1 o que ser contestado visto que a materialidade est\u00e1 mais do que comprovada.<\/span><\/p>\n<p style=\"text-align: justify;\" align=\"justify\" data-raofz=\"14\"><span style=\"font-size: 14pt;\" data-raofz=\"16\">\u201cA materialidade do crime e os ind\u00edcios de autoria est\u00e3o suficientemente demonstrados ao longo do procedimento investigat\u00f3rio, atrav\u00e9s dos depoimentos das testemunhas, e interrogat\u00f3rio do acusado, bem como pelo Laudo de Exame Cadav\u00e9rico e Laudo Pericial j\u00e1 requeridos pela autoridade policial\u201d, detalha o promotor.<\/span><\/p>\n<p style=\"text-align: justify;\" align=\"justify\" data-raofz=\"14\"><span style=\"font-size: 14pt;\" data-raofz=\"16\"><b>Crime<\/b><\/span><\/p>\n<p style=\"text-align: justify;\" align=\"justify\" data-raofz=\"14\"><span style=\"font-size: 14pt;\" data-raofz=\"16\">Felipe Cristiano teria tentado adentrar no \u00f4nibus pela porta traseira, sem pagar e sem m\u00e1scara, acess\u00f3rio obrigat\u00f3rio no per\u00edodo de pandemia e enfrentamento \u00e0 Covid-19, o que gerou indigna\u00e7\u00e3o nos passageiros, raz\u00e3o pela qual foi iniciada uma confus\u00e3o.<\/span><\/p>\n<p style=\"text-align: justify;\" align=\"justify\" data-raofz=\"14\"><span style=\"font-size: 14pt;\" data-raofz=\"16\">As pessoas exigiam que o autor colocasse a m\u00e1scara ou descesse do \u00f4nibus. No entanto, apenas a v\u00edtima tentou empurr\u00e1-lo para fora do transporte, e o autor reagiu ceifando a vida de Renilson com golpes de faca. Ato cont\u00ednuo, o autor desceu do ve\u00edculo, tendo sido encontrado horas depois no bairro do Po\u00e7o, na rua Castro Alves, nas imedia\u00e7\u00f5es da casa de familiares. Ao ser interrogado, o denunciado\u00a0confessou a pr\u00e1tica delitiva.<\/span><\/p>\n<p style=\"text-align: justify;\" align=\"justify\" data-raofz=\"14\"><span style=\"font-size: 14pt;\" data-raofz=\"16\">Lages deixa claro que \u201cassim agindo, o acusado, Felipe Cristiano da Silva,\u00a0infringiu a norma prevista no art. 121, \u00a7 2\u00ba, II, do C\u00f3digo Penal (homic\u00eddio qualificado pelo motivo f\u00fatil), pelo que vem o Minist\u00e9rio P\u00fablico requerer que a presente den\u00fancia seja recebida, para que o acusado seja citado, processado e ao final condenado, nos moldes do art. 406\u201d.<\/span><\/p>\n<\/div><div class=\"fusion-clearfix\"><\/div>\n\n\t\t\t\t\t<\/div>\n\t\t\t\t<\/div><\/div><\/div>\n","protected":false},"excerpt":{"rendered":"","protected":false},"author":2,"featured_media":3993,"comment_status":"open","ping_status":"open","sticky":false,"template":"","format":"standard","meta":{"om_disable_all_campaigns":false,"_monsterinsights_skip_tracking":false,"_monsterinsights_sitenote_active":false,"_monsterinsights_sitenote_note":"","_monsterinsights_sitenote_category":0,"_uf_show_specific_survey":0,"_uf_disable_surveys":false,"footnotes":""},"categories":[2],"tags":[],"class_list":["post-5551","post","type-post","status-publish","format-standard","has-post-thumbnail","hentry","category-not_mpal"],"aioseo_notices":[],"_links":{"self":[{"href":"https:\/\/www.mpal.mp.br\/index.php?rest_route=\/wp\/v2\/posts\/5551","targetHints":{"allow":["GET"]}}],"collection":[{"href":"https:\/\/www.mpal.mp.br\/index.php?rest_route=\/wp\/v2\/posts"}],"about":[{"href":"https:\/\/www.mpal.mp.br\/index.php?rest_route=\/wp\/v2\/types\/post"}],"author":[{"embeddable":true,"href":"https:\/\/www.mpal.mp.br\/index.php?rest_route=\/wp\/v2\/users\/2"}],"replies":[{"embeddable":true,"href":"https:\/\/www.mpal.mp.br\/index.php?rest_route=%2Fwp%2Fv2%2Fcomments&post=5551"}],"version-history":[{"count":2,"href":"https:\/\/www.mpal.mp.br\/index.php?rest_route=\/wp\/v2\/posts\/5551\/revisions"}],"predecessor-version":[{"id":5553,"href":"https:\/\/www.mpal.mp.br\/index.php?rest_route=\/wp\/v2\/posts\/5551\/revisions\/5553"}],"wp:featuredmedia":[{"embeddable":true,"href":"https:\/\/www.mpal.mp.br\/index.php?rest_route=\/wp\/v2\/media\/3993"}],"wp:attachment":[{"href":"https:\/\/www.mpal.mp.br\/index.php?rest_route=%2Fwp%2Fv2%2Fmedia&parent=5551"}],"wp:term":[{"taxonomy":"category","embeddable":true,"href":"https:\/\/www.mpal.mp.br\/index.php?rest_route=%2Fwp%2Fv2%2Fcategories&post=5551"},{"taxonomy":"post_tag","embeddable":true,"href":"https:\/\/www.mpal.mp.br\/index.php?rest_route=%2Fwp%2Fv2%2Ftags&post=5551"}],"curies":[{"name":"wp","href":"https:\/\/api.w.org\/{rel}","templated":true}]}}