{"id":5536,"date":"2021-12-14T12:56:31","date_gmt":"2021-12-14T15:56:31","guid":{"rendered":"https:\/\/www.mpal.mp.br\/?p=5536"},"modified":"2022-05-17T12:56:44","modified_gmt":"2022-05-17T15:56:44","slug":"excelencia-em-gestao-ministerio-publico-de-alagoas-premia-as-melhores-iniciativas-e-gestores-de-projetos-da-instituicao","status":"publish","type":"post","link":"https:\/\/www.mpal.mp.br\/?p=5536","title":{"rendered":"Excel\u00eancia em gest\u00e3o: Minist\u00e9rio P\u00fablico de Alagoas premia as melhores iniciativas e gestores de projetos da institui\u00e7\u00e3o"},"content":{"rendered":"<div class=\"fusion-fullwidth fullwidth-box fusion-builder-row-1 nonhundred-percent-fullwidth non-hundred-percent-height-scrolling\"  style='background-color: #ffffff;background-position: center center;background-repeat: no-repeat;padding-top:0px;padding-right:0px;padding-bottom:0px;padding-left:0px;'><div class=\"fusion-builder-row fusion-row \"><div  class=\"fusion-layout-column fusion_builder_column fusion_builder_column_1_1 fusion-builder-column-1 fusion-one-full fusion-column-first fusion-column-last 1_1\"  style='margin-top:0px;margin-bottom:20px;'>\n\t\t\t\t\t<div class=\"fusion-column-wrapper\" style=\"padding: 0px 0px 0px 0px;background-position:left top;background-repeat:no-repeat;-webkit-background-size:cover;-moz-background-size:cover;-o-background-size:cover;background-size:cover;\"   data-bg-url=\"\">\n\t\t\t\t\t\t<div class=\"fusion-text\"><p align=\"justify\" data-raofz=\"14\"><span style=\"font-size: 14pt;\" data-raofz=\"14\">Hoje, o Dia Nacional do Minist\u00e9rio P\u00fablico, foi de celebra\u00e7\u00e3o na Procuradoria-Geral de Justi\u00e7a de Alagoas. Durante a tarde desta ter\u00e7a-feira (14), ocorreu a solenidade do Pr\u00eamio \u201cExcel\u00eancia em Gest\u00e3o de Projetos\u201d, iniciativa que tem o objetivo de reconhecer, todos os anos, seis projetos estrat\u00e9gicos de sucesso, bem como gerentes e membros das equipes que integram essas iniciativas. A cerim\u00f4nia, que ocorreu seguindo todos os protocolos de seguran\u00e7a contra a Covid-19, premiou a\u00e7\u00f5es coordenadas tanto por promotores de Justi\u00e7a quanto por servidores.<\/span><\/p>\n<p align=\"justify\" data-raofz=\"14\"><span style=\"font-size: 14pt;\" data-raofz=\"14\">A solenidade foi conduzida pelo\u00a0procurador-geral de\u00a0Justi\u00e7a\u00a0em exerc\u00edcio, Valter Acioly,\u00a0\u201cCriamos o Pr\u00eamio \u2018Excel\u00eancia em Gest\u00e3o de Projetos\u2019\u00a0porque percebemos a\u00a0necessidade de\u00a0valorizar e reconhecer ainda mais o comprometimento de cada membro e servidor na \u00e1rea de\u00a0planejamento e gest\u00e3o\u00a0do Minist\u00e9rio P\u00fablico de Alagoas. Elaborar e\u00a0executar essas a\u00e7\u00f5es\u00a0estrat\u00e9gicas \u00e9 uma tarefa \u00e1rdua e que exige dedica\u00e7\u00e3o extra ao trabalho, ent\u00e3o, o pr\u00eamio \u00e9 uma forma de agradecermos por isso. Para al\u00e9m disso, \u00e9 uma maneira da institui\u00e7\u00e3o tamb\u00e9m ver novas iniciativas transformando a vida da sociedade alagoana, uma vez que os resultados s\u00e3o sempre bastante expressivos\u201d,\u00a0afirmou\u00a0ele.<\/span><\/p>\n<p align=\"justify\" data-raofz=\"14\"><span style=\"font-size: 14pt;\" data-raofz=\"14\">A assessora de planejamento estrat\u00e9gico do MPAL (Asplage), Stela Val\u00e9ria Cavalcanti, tamb\u00e9m reconheceu a import\u00e2ncia da premia\u00e7\u00e3o. \u201cS\u00e3o projetos alinhados ao planejamento estrat\u00e9gico da nossa institui\u00e7\u00e3o e mostram o quanto seguir os objetivos tra\u00e7ados, as estrat\u00e9gias e iniciativas previstas no nosso plano estrat\u00e9gico 2011-2022, bem como nos planos gerais de atua\u00e7\u00e3o d\u00e3o frutos positivos. Continuaremos trabalhando nesse contexto de incentivar que membros e servidores planejem suas a\u00e7\u00f5es, assim, torna-se mais f\u00e1cil alcan\u00e7armos grandes resultados\u201d, disse a promotora de Justi\u00e7a, fazendo um agradecimento especial \u00e0 comiss\u00e3o julgadora do pr\u00eamio, que foi formada, al\u00e9m dela, pelo procurador de Justi\u00e7a Lean Ara\u00fajo e pelos promotores de Justi\u00e7a Adriano Jorge Barros e Adriana Gomes, e aos servidores integrantes da Asplage, Renata Teixeira e Thiago Alves. Estes \u00faltimos, estavam presentes ao evento.\u00a0<\/span><\/p>\n<p align=\"justify\" data-raofz=\"14\"><span style=\"font-size: 14pt;\" data-raofz=\"14\"><b>Os vencedores da \u00e1rea fim<\/b><\/span><\/p>\n<p align=\"justify\" data-raofz=\"14\"><span style=\"font-size: 14pt;\" data-raofz=\"14\">Na \u00e1rea-fim, foi vencedor o projeto Painel da Improbidade, que visou a constru\u00e7\u00e3o ide um mapa contendo todas as a\u00e7\u00f5es por ato de improbidade administrativa e qual a fase de tramita\u00e7\u00e3o que se encontra cada uma, de modo que o Minist\u00e9rio P\u00fablico de Alagoas pudesse acompanhar de perto as mais de 900 a\u00e7\u00f5es ajuizadas em todas as promotorias de Justi\u00e7a. Ele \u00e9 coordenado pelo promotor de Justi\u00e7a Jos\u00e9 Carlos Castro. O projeto possui na equipe os servidores Vitor Luiz Pereira Ribeiro (gerente), Roberto Filipe de Almeida Coimbra e Dogivaldo Mendon\u00e7a de Castro J\u00fanior.<\/span><\/p>\n<p align=\"justify\" data-raofz=\"14\"><span style=\"font-size: 14pt;\" data-raofz=\"14\">Os projetos Reintrodu\u00e7\u00e3o do Mutum-de-alagoas\u00a0(fase 3) \u2013 que visou devolver \u00e0 natureza o Mutum-de-alagoas, ave amea\u00e7ada de extin\u00e7\u00e3o, por meio de um trabalho envolvendo diversas institui\u00e7\u00f5es e criat\u00f3rios especializados \u2013 e Rodas de Conversa com a Socioeduca\u00e7\u00e3o \u2013\u00a0iniciativa\u00a0que tem\u00a0promovido\u00a0e fortalecido\u00a0a diretriz da integra\u00e7\u00e3o operacional da pol\u00edtica de atendimento \u00e0 inf\u00e2ncia e \u00e0 juventude, bem como atuado\u00a0pela promo\u00e7\u00e3o da garantia de direitos dos adolescentes em conflito com a lei \u2013\u00a0conquistaram a 2\u00aa e a 3\u00aa coloca\u00e7\u00f5es na disputa. Eles s\u00e3o capitaneados pelos promotores de Justi\u00e7a Alberto Fonseca e Lav\u00ednia Fragoso e Mar\u00edlia Cerqueira, respectivamente, e pelos servidores\u00a0M\u00e1rcio Ant\u00f4nio Gomes Reis J\u00fanior (gerente) e Tha\u00edsa Ellane de Jesus Cavalcante e, Natasha Alves de Gusm\u00e3o (gerente) e Thiago Alves da Silva.<\/span><\/p>\n<p data-raofz=\"14\"><span style=\"font-size: 14pt;\" data-raofz=\"13\"><b>Os premiados da \u00e1rea meio<\/b><\/span><\/p>\n<p align=\"justify\" data-raofz=\"14\"><span style=\"font-size: 14pt;\" data-raofz=\"14\">Na \u00e1rea meio, os vencedores foram os projetos De olho no Transporte Legal, composto pelo promotor de Justi\u00e7a Lucas Sachsida Junqueira e pelos servidores Wesley de Oliveira Cavalcante (gerente) e Diogo dos Santos Fonseca; Implanta\u00e7\u00e3o da Gest\u00e3o de Custos (SICGESP), que tem a participa\u00e7\u00e3o dos servidores Bruno Daniel de Lima (gerente), Arthur Tavares, Egline Franco, Jamille Setton Mascarenhas e Wesley de Oliveira Cavalcante; e DOE Eletr\u00f4nico, executado pelos servidores Isadora Aguiar Ferreira da Silva (gerente), Andressa Loureiro de Mendon\u00e7a Alves, Carolina Lima de Ara\u00fajo Lopes e Roberto Filipe de Almeida Coimbra.<\/span><\/p>\n<p align=\"justify\" data-raofz=\"14\"><span style=\"font-size: 14pt;\">E ainda teve premia\u00e7\u00e3o para os melhores gestores de projetos. Os trof\u00e9us foram entregues para Amanda Eloyse Silva Costa, do projeto Recome\u00e7ar \u2013 Oficina de Jovens Aprendizes, que tem a coordena\u00e7\u00e3o dos promotores de Justi\u00e7a Maur\u00edcio Wanderley e Viviane Karla Farias e conta com a colabora\u00e7\u00e3o da servidora Maria Cristina Mendes; Tha\u00edsa Ellane de Jesus Cavalcante, da FPI do S\u00e3o Francisco, que tem \u00e0 frente os promotores\u00a0\u00a0Lav\u00ednia Fragoso e\u00a0Alberto Fonseca e a contribui\u00e7\u00e3o dos promotores de Justi\u00e7a Maur\u00edcio Mannarino e Ricardo Lib\u00f3rio; e Thomaz Augusto Lucena Fireman, do Direitos Humanos em Pauta (DHP) e Idoso Cidad\u00e3o: a voz da experi\u00eancia, coordenado pelos promotores de Justi\u00e7a Marluce Falc\u00e3o, Dennis Oliveira e Kleber Valadares, e que tem, ainda, o apoio das promotoras Dalva Ten\u00f3rio \u00e9 Hylza Paiva.<\/span><\/p>\n<p align=\"justify\" data-raofz=\"14\"><span style=\"font-size: 14pt;\" data-raofz=\"14\">O promotor de Justi\u00e7a Jos\u00e9 Carlos Castro, que conquistou o 1\u00ba lugar, falou da alegria por ter recebido o pr\u00eamio\u00a0pela segunda vez consecutiva. \u201cEsse pr\u00eamio \u00e9 fruto do\u00a0trabalho\u00a0de uma equipe muito dedicada e quero aqui reconhecer os esfor\u00e7os dos seus integrantes, que fazem parte da Diretoria de Tecnologia da Informa\u00e7\u00e3o. Ressalto tamb\u00e9m que recebo essa premia\u00e7\u00e3o como um grande fator motivador porque, para quem trabalha nessa \u00e1rea de defesa do patrim\u00f4nio p\u00fablico, as altera\u00e7\u00f5es danosas causadas \u00e0 lei da probidade administrativa nos causaram extrema revolta. Mas, aproveito a oportunidade para dizer que o Minist\u00e9rio P\u00fablico n\u00e3o vai recuar nem um cent\u00edmetro do seu papel de defender o bom uso do dinheiro p\u00fablico. Os maus gestores continuar\u00e3o a ser alvo das nossas investiga\u00e7\u00f5es\u201d,\u00a0garantiu.<\/span><\/p>\n<p align=\"justify\" data-raofz=\"14\"><span style=\"font-size: 14pt;\" data-raofz=\"14\"><b>A escolha dos finalistas<\/b><\/span><\/p>\n<p align=\"justify\" data-raofz=\"14\"><span style=\"font-size: 14pt;\" data-raofz=\"14\">Todos os seis finalistas do Pr\u00eamio \u201cExcel\u00eancia em Gest\u00e3o de Projetos\u201d foram escolhidos pela comiss\u00e3o criada pela chefia do MPAL, que foi composta por integrante da Corregedoria-Geral, Ouvidoria, Centro de Apoio Operacional (Caop) e Assessoria de Planejamento e Gest\u00e3o Estrat\u00e9gica.<\/span><\/p>\n<p align=\"justify\" data-raofz=\"14\"><span style=\"font-size: 14pt;\" data-raofz=\"14\">E, para tal escolha, o colegiado levou em considera\u00e7\u00e3o crit\u00e9rios como alcance social, alinhamento ao planejamento estrat\u00e9gico do Minist\u00e9rio P\u00fablico, produ\u00e7\u00e3o de resultados efetivos, contribui\u00e7\u00e3o para os indicadores e metas institucionais e n\u00edvel de abrang\u00eancia das a\u00e7\u00f5es e seus respectivos resultados.<\/span><\/p>\n<p align=\"justify\" data-raofz=\"14\"><span style=\"font-size: 14pt;\" data-raofz=\"14\">J\u00e1 para definir os melhores gerentes de projetos, a comiss\u00e3o avaliou a dedica\u00e7\u00e3o aos objetivos da iniciativa, comprometimento, atendimento \u00e0 metodologia, cumprimentos dos prazos pactuados, entregas planejadas e relat\u00f3rios previsto.<\/span><\/p>\n<\/div><style type=\"text\/css\">.fusion-gallery-1 .fusion-gallery-image {border:0px solid #f6f6f6;-webkit-border-radius:5px;-moz-border-radius:5px;border-radius:5px;}<\/style><div class=\"fusion-gallery fusion-gallery-container fusion-grid-3 fusion-columns-total-0 fusion-gallery-layout-grid fusion-gallery-1\" style=\"margin:-5px;\"><div style=\"padding:5px;\" class=\"fusion-grid-column fusion-gallery-column fusion-gallery-column-3 hover-type-none\"><div class=\"fusion-gallery-image\"><a href=\"https:\/\/www.mpal.mp.br\/wp-content\/uploads\/2022\/05\/premio_excelencia_de_projetos_02-1024x576-1.jpg\" rel=\"noreferrer\" data-rel=\"iLightbox[gallery_image_1]\" class=\"fusion-lightbox\" target=\"_self\"><img loading=\"lazy\" decoding=\"async\" src=\"https:\/\/www.mpal.mp.br\/wp-content\/uploads\/2022\/05\/premio_excelencia_de_projetos_02-1024x576-1.jpg\" width=\"1024\" height=\"576\" alt=\"\" title=\"premio_excelencia_de_projetos_02-1024&#215;576\" aria-label=\"premio_excelencia_de_projetos_02-1024&#215;576\" class=\"img-responsive wp-image-5538\" \/><\/a><\/div><\/div><div style=\"padding:5px;\" class=\"fusion-grid-column fusion-gallery-column fusion-gallery-column-3 hover-type-none\"><div class=\"fusion-gallery-image\"><a href=\"https:\/\/www.mpal.mp.br\/wp-content\/uploads\/2022\/05\/premio_excelencia_de_projetos_03-1024x576-1.jpg\" rel=\"noreferrer\" data-rel=\"iLightbox[gallery_image_1]\" class=\"fusion-lightbox\" target=\"_self\"><img loading=\"lazy\" decoding=\"async\" src=\"https:\/\/www.mpal.mp.br\/wp-content\/uploads\/2022\/05\/premio_excelencia_de_projetos_03-1024x576-1.jpg\" width=\"1024\" height=\"576\" alt=\"\" title=\"premio_excelencia_de_projetos_03-1024&#215;576\" aria-label=\"premio_excelencia_de_projetos_03-1024&#215;576\" class=\"img-responsive wp-image-5539\" \/><\/a><\/div><\/div><div style=\"padding:5px;\" class=\"fusion-grid-column fusion-gallery-column fusion-gallery-column-3 hover-type-none\"><div class=\"fusion-gallery-image\"><a href=\"https:\/\/www.mpal.mp.br\/wp-content\/uploads\/2022\/05\/premio_excelencia_de_projetos_08-1024x576-1.jpg\" rel=\"noreferrer\" data-rel=\"iLightbox[gallery_image_1]\" class=\"fusion-lightbox\" target=\"_self\"><img loading=\"lazy\" decoding=\"async\" src=\"https:\/\/www.mpal.mp.br\/wp-content\/uploads\/2022\/05\/premio_excelencia_de_projetos_08-1024x576-1.jpg\" width=\"1024\" height=\"576\" alt=\"\" title=\"premio_excelencia_de_projetos_08-1024&#215;576\" aria-label=\"premio_excelencia_de_projetos_08-1024&#215;576\" class=\"img-responsive wp-image-5540\" \/><\/a><\/div><\/div><div class=\"clearfix\"><\/div><div style=\"padding:5px;\" class=\"fusion-grid-column fusion-gallery-column fusion-gallery-column-3 hover-type-none\"><div class=\"fusion-gallery-image\"><a href=\"https:\/\/www.mpal.mp.br\/wp-content\/uploads\/2022\/05\/premio_excelencia_de_projetos_10-1024x576-1.jpg\" rel=\"noreferrer\" data-rel=\"iLightbox[gallery_image_1]\" class=\"fusion-lightbox\" target=\"_self\"><img loading=\"lazy\" decoding=\"async\" src=\"https:\/\/www.mpal.mp.br\/wp-content\/uploads\/2022\/05\/premio_excelencia_de_projetos_10-1024x576-1.jpg\" width=\"1024\" height=\"576\" alt=\"\" title=\"premio_excelencia_de_projetos_10-1024&#215;576\" aria-label=\"premio_excelencia_de_projetos_10-1024&#215;576\" class=\"img-responsive wp-image-5541\" \/><\/a><\/div><\/div><div style=\"padding:5px;\" class=\"fusion-grid-column fusion-gallery-column fusion-gallery-column-3 hover-type-none\"><div class=\"fusion-gallery-image\"><a href=\"https:\/\/www.mpal.mp.br\/wp-content\/uploads\/2022\/05\/premio_excelencia_de_projetos_11-1024x576-1.jpg\" rel=\"noreferrer\" data-rel=\"iLightbox[gallery_image_1]\" class=\"fusion-lightbox\" target=\"_self\"><img loading=\"lazy\" decoding=\"async\" src=\"https:\/\/www.mpal.mp.br\/wp-content\/uploads\/2022\/05\/premio_excelencia_de_projetos_11-1024x576-1.jpg\" width=\"1024\" height=\"576\" alt=\"\" title=\"premio_excelencia_de_projetos_11-1024&#215;576\" aria-label=\"premio_excelencia_de_projetos_11-1024&#215;576\" class=\"img-responsive wp-image-5542\" \/><\/a><\/div><\/div><div style=\"padding:5px;\" class=\"fusion-grid-column fusion-gallery-column fusion-gallery-column-3 hover-type-none\"><div class=\"fusion-gallery-image\"><a href=\"https:\/\/www.mpal.mp.br\/wp-content\/uploads\/2022\/05\/premio_excelencia_de_projetos_12-1024x576-1.jpg\" rel=\"noreferrer\" data-rel=\"iLightbox[gallery_image_1]\" class=\"fusion-lightbox\" target=\"_self\"><img loading=\"lazy\" decoding=\"async\" src=\"https:\/\/www.mpal.mp.br\/wp-content\/uploads\/2022\/05\/premio_excelencia_de_projetos_12-1024x576-1.jpg\" width=\"1024\" height=\"576\" alt=\"\" title=\"premio_excelencia_de_projetos_12-1024&#215;576\" aria-label=\"premio_excelencia_de_projetos_12-1024&#215;576\" class=\"img-responsive wp-image-5543\" \/><\/a><\/div><\/div><div class=\"clearfix\"><\/div><div style=\"padding:5px;\" class=\"fusion-grid-column fusion-gallery-column fusion-gallery-column-3 hover-type-none\"><div class=\"fusion-gallery-image\"><a href=\"https:\/\/www.mpal.mp.br\/wp-content\/uploads\/2022\/05\/premio_excelencia_de_projetos_13-1024x576-1.jpg\" rel=\"noreferrer\" data-rel=\"iLightbox[gallery_image_1]\" class=\"fusion-lightbox\" target=\"_self\"><img loading=\"lazy\" decoding=\"async\" src=\"https:\/\/www.mpal.mp.br\/wp-content\/uploads\/2022\/05\/premio_excelencia_de_projetos_13-1024x576-1.jpg\" width=\"1024\" height=\"576\" alt=\"\" title=\"premio_excelencia_de_projetos_13-1024&#215;576\" aria-label=\"premio_excelencia_de_projetos_13-1024&#215;576\" class=\"img-responsive wp-image-5544\" \/><\/a><\/div><\/div><div style=\"padding:5px;\" class=\"fusion-grid-column fusion-gallery-column fusion-gallery-column-3 hover-type-none\"><div class=\"fusion-gallery-image\"><a href=\"https:\/\/www.mpal.mp.br\/wp-content\/uploads\/2022\/05\/premio_excelencia_de_projetos_15-1024x576-1.jpg\" rel=\"noreferrer\" data-rel=\"iLightbox[gallery_image_1]\" class=\"fusion-lightbox\" target=\"_self\"><img loading=\"lazy\" decoding=\"async\" src=\"https:\/\/www.mpal.mp.br\/wp-content\/uploads\/2022\/05\/premio_excelencia_de_projetos_15-1024x576-1.jpg\" width=\"1024\" height=\"576\" alt=\"\" title=\"premio_excelencia_de_projetos_15-1024&#215;576\" aria-label=\"premio_excelencia_de_projetos_15-1024&#215;576\" class=\"img-responsive wp-image-5545\" \/><\/a><\/div><\/div><div style=\"padding:5px;\" class=\"fusion-grid-column fusion-gallery-column fusion-gallery-column-3 hover-type-none\"><div class=\"fusion-gallery-image\"><a href=\"https:\/\/www.mpal.mp.br\/wp-content\/uploads\/2022\/05\/premio_excelencia_de_projetos_16-1024x576-1.jpg\" rel=\"noreferrer\" data-rel=\"iLightbox[gallery_image_1]\" class=\"fusion-lightbox\" target=\"_self\"><img loading=\"lazy\" decoding=\"async\" src=\"https:\/\/www.mpal.mp.br\/wp-content\/uploads\/2022\/05\/premio_excelencia_de_projetos_16-1024x576-1.jpg\" width=\"1024\" height=\"576\" alt=\"\" title=\"premio_excelencia_de_projetos_16-1024&#215;576\" aria-label=\"premio_excelencia_de_projetos_16-1024&#215;576\" class=\"img-responsive wp-image-5546\" \/><\/a><\/div><\/div><div class=\"clearfix\"><\/div><div style=\"padding:5px;\" class=\"fusion-grid-column fusion-gallery-column fusion-gallery-column-3 hover-type-none\"><div class=\"fusion-gallery-image\"><a href=\"https:\/\/www.mpal.mp.br\/wp-content\/uploads\/2022\/05\/premio_excelencia_de_projetos_17-1024x576-1.jpg\" rel=\"noreferrer\" data-rel=\"iLightbox[gallery_image_1]\" class=\"fusion-lightbox\" target=\"_self\"><img loading=\"lazy\" decoding=\"async\" src=\"https:\/\/www.mpal.mp.br\/wp-content\/uploads\/2022\/05\/premio_excelencia_de_projetos_17-1024x576-1.jpg\" width=\"1024\" height=\"576\" alt=\"\" title=\"premio_excelencia_de_projetos_17-1024&#215;576\" aria-label=\"premio_excelencia_de_projetos_17-1024&#215;576\" class=\"img-responsive wp-image-5547\" \/><\/a><\/div><\/div><div style=\"padding:5px;\" class=\"fusion-grid-column fusion-gallery-column fusion-gallery-column-3 hover-type-none\"><div class=\"fusion-gallery-image\"><a href=\"https:\/\/www.mpal.mp.br\/wp-content\/uploads\/2022\/05\/premio_excelencia_de_projetos_20-1024x576-1.jpg\" rel=\"noreferrer\" data-rel=\"iLightbox[gallery_image_1]\" class=\"fusion-lightbox\" target=\"_self\"><img loading=\"lazy\" decoding=\"async\" src=\"https:\/\/www.mpal.mp.br\/wp-content\/uploads\/2022\/05\/premio_excelencia_de_projetos_20-1024x576-1.jpg\" width=\"1024\" height=\"576\" alt=\"\" title=\"premio_excelencia_de_projetos_20-1024&#215;576\" aria-label=\"premio_excelencia_de_projetos_20-1024&#215;576\" class=\"img-responsive wp-image-5548\" \/><\/a><\/div><\/div><\/div><div class=\"fusion-clearfix\"><\/div>\n\n\t\t\t\t\t<\/div>\n\t\t\t\t<\/div><\/div><\/div>\n","protected":false},"excerpt":{"rendered":"","protected":false},"author":2,"featured_media":5537,"comment_status":"open","ping_status":"open","sticky":false,"template":"","format":"standard","meta":{"om_disable_all_campaigns":false,"_monsterinsights_skip_tracking":false,"_monsterinsights_sitenote_active":false,"_monsterinsights_sitenote_note":"","_monsterinsights_sitenote_category":0,"_uf_show_specific_survey":0,"_uf_disable_surveys":false,"footnotes":""},"categories":[2],"tags":[],"class_list":["post-5536","post","type-post","status-publish","format-standard","has-post-thumbnail","hentry","category-not_mpal"],"aioseo_notices":[],"_links":{"self":[{"href":"https:\/\/www.mpal.mp.br\/index.php?rest_route=\/wp\/v2\/posts\/5536","targetHints":{"allow":["GET"]}}],"collection":[{"href":"https:\/\/www.mpal.mp.br\/index.php?rest_route=\/wp\/v2\/posts"}],"about":[{"href":"https:\/\/www.mpal.mp.br\/index.php?rest_route=\/wp\/v2\/types\/post"}],"author":[{"embeddable":true,"href":"https:\/\/www.mpal.mp.br\/index.php?rest_route=\/wp\/v2\/users\/2"}],"replies":[{"embeddable":true,"href":"https:\/\/www.mpal.mp.br\/index.php?rest_route=%2Fwp%2Fv2%2Fcomments&post=5536"}],"version-history":[{"count":2,"href":"https:\/\/www.mpal.mp.br\/index.php?rest_route=\/wp\/v2\/posts\/5536\/revisions"}],"predecessor-version":[{"id":5550,"href":"https:\/\/www.mpal.mp.br\/index.php?rest_route=\/wp\/v2\/posts\/5536\/revisions\/5550"}],"wp:featuredmedia":[{"embeddable":true,"href":"https:\/\/www.mpal.mp.br\/index.php?rest_route=\/wp\/v2\/media\/5537"}],"wp:attachment":[{"href":"https:\/\/www.mpal.mp.br\/index.php?rest_route=%2Fwp%2Fv2%2Fmedia&parent=5536"}],"wp:term":[{"taxonomy":"category","embeddable":true,"href":"https:\/\/www.mpal.mp.br\/index.php?rest_route=%2Fwp%2Fv2%2Fcategories&post=5536"},{"taxonomy":"post_tag","embeddable":true,"href":"https:\/\/www.mpal.mp.br\/index.php?rest_route=%2Fwp%2Fv2%2Ftags&post=5536"}],"curies":[{"name":"wp","href":"https:\/\/api.w.org\/{rel}","templated":true}]}}