{"id":5532,"date":"2021-12-15T12:46:12","date_gmt":"2021-12-15T15:46:12","guid":{"rendered":"https:\/\/www.mpal.mp.br\/?p=5532"},"modified":"2023-06-12T19:06:25","modified_gmt":"2023-06-12T22:06:25","slug":"corregedoria-geral-do-ministerio-publico-realizou-47-correicoes-e-mais-99-inspecoes-durante-2021","status":"publish","type":"post","link":"https:\/\/www.mpal.mp.br\/?p=5532","title":{"rendered":"Corregedoria-Geral do Minist\u00e9rio P\u00fablico realizou 47 correi\u00e7\u00f5es e mais 99 inspe\u00e7\u00f5es durante 2021"},"content":{"rendered":"<div class=\"fusion-fullwidth fullwidth-box fusion-builder-row-1 nonhundred-percent-fullwidth non-hundred-percent-height-scrolling\"  style='background-color: #ffffff;background-position: center center;background-repeat: no-repeat;padding-top:0px;padding-right:0px;padding-bottom:0px;padding-left:0px;'><div class=\"fusion-builder-row fusion-row \"><div  class=\"fusion-layout-column fusion_builder_column fusion_builder_column_1_1 fusion-builder-column-1 fusion-one-full fusion-column-first fusion-column-last 1_1\"  style='margin-top:0px;margin-bottom:20px;'>\n\t\t\t\t\t<div class=\"fusion-column-wrapper\" style=\"padding: 0px 0px 0px 0px;background-position:left top;background-repeat:no-repeat;-webkit-background-size:cover;-moz-background-size:cover;-o-background-size:cover;background-size:cover;\"   data-bg-url=\"\">\n\t\t\t\t\t\t<div class=\"fusion-text\"><p align=\"justify\" data-raofz=\"14\"><span style=\"font-size: 14pt;\" data-raofz=\"13\">\u00d3rg\u00e3o de controle interno, a Corregedoria-Geral do Minist\u00e9rio P\u00fablico do Estado de Alagoas (MPAL), que tem o comando do procurador de Justi\u00e7a Walber Jos\u00e9 Valente de Lima, realizou, agora em 2021, 47 correi\u00e7\u00f5es virtuais e mais 99 inspe\u00e7\u00f5es, de modo a acompanhar o desempenho funcional de promotores de Justi\u00e7a da capital e do interior. Os trabalhos aconteceram entre os meses de mar\u00e7o e novembro deste ano.<\/span><\/p>\n<p align=\"justify\" data-raofz=\"14\"><span style=\"font-size: 14pt;\" data-raofz=\"13\">Em mar\u00e7o, as correi\u00e7\u00f5es aconteceram nas 1\u00aa, 8\u00aa, 9\u00aa, 14\u00aa, 18\u00aa, 19\u00aa, 20\u00aa, 21\u00aa, 22\u00aa, 47\u00aa, 49\u00aa, 51\u00aa, 62\u00aa, 63\u00aa e 64\u00aa Promotorias de Justi\u00e7a da capital, al\u00e9m da 3\u00aa Promotoria de Justi\u00e7a de Arapiraca. J\u00e1 em julho, as correi\u00e7\u00f5es foram promovidas nas Promotorias de Justi\u00e7a de Porto Calvo (1\u00aa e 2\u00aa), S\u00e3o Luiz do Quitunde, Anadia, Messias, Paripueira e Coruripe.<\/span><\/p>\n<p align=\"justify\" data-raofz=\"14\"><span style=\"font-size: 14pt;\" data-raofz=\"13\">Em agosto o trabalho seguiu sendo promovido nas Promotorias de Batalha, Boca da Mata, Cacimbinhas, Cajueiro, Col\u00f4nia de Leopoldina, Girau do Ponciano, S\u00e3o Jos\u00e9 da Tapera, Igreja Nova, Joaquim Gomes e Junqueiro. No m\u00eas seguinte, em setembro, foram mais seis, tendo elas acontecido nas comarcas de Major Isidoro, Maravilha, Satuba, Teot\u00f4nio Vilela, Quebrangulo e Traipu.<\/span><\/p>\n<p align=\"justify\" data-raofz=\"14\"><span style=\"font-size: 14pt;\" data-raofz=\"13\">No m\u00eas de outubro, no interior, a Corregedoria-Geral foi at\u00e9 \u00e0s Promotorias de Justi\u00e7a de Igaci, Coruripe e S\u00e3o Sebasti\u00e3o. J\u00e1 na capital, o trabalho foi concentrado no Gaeco e no Gaesf. Por fim, em novembro, houve correi\u00e7\u00e3o na 48\u00aa Promotoria de Justi\u00e7a da Capital.<\/span><\/p>\n<p align=\"justify\" data-raofz=\"14\"><span style=\"font-size: 14pt;\" data-raofz=\"13\">J\u00e1 as inspe\u00e7\u00f5es foram promovidas por designa\u00e7\u00e3o do Conselho Nacional do Minist\u00e9rio P\u00fablico. Ao todo, foram realizadas 99, tamb\u00e9m em Macei\u00f3 e em munic\u00edpios do interior. Para al\u00e9m disso, a Corregedoria-Geral tamb\u00e9m promoveu um encontro com os promotores de Justi\u00e7a com atua\u00e7\u00e3o na esfera criminal. Os trabalhos tiveram o objetivo de orient\u00e1-los a respeito da correi\u00e7\u00e3o extraordin\u00e1ria que foi realizada pelo CNMP e envolveram os membros que exercem suas atribui\u00e7\u00f5es nas \u00e1reas de crimes violentos letais intencionais, sistema prisional, controle externo da atividade policial e execu\u00e7\u00e3o penal.<\/span><\/p>\n<p align=\"justify\" data-raofz=\"14\"><span style=\"font-size: 14pt;\" data-raofz=\"13\">Para 2022, j\u00e1 est\u00e3o programadas 81 novas correi\u00e7\u00f5es em Alagoas, incluindo as procuradorias de Justi\u00e7a.\u00a0<\/span><\/p>\n<p align=\"justify\" data-raofz=\"14\"><span style=\"font-size: 14pt;\"><strong>Projeto<\/strong><\/span><\/p>\n<p align=\"justify\" data-raofz=\"14\"><span style=\"font-size: 14pt;\">E\u00a0tem projeto da Corregedoria-Geral seguindo o planejamento estrat\u00e9gico do MPAL. Em parceria com a Diretoria de Tecnologia da Informa\u00e7\u00e3o, est\u00e1 sendo executada a iniciativa que visa organizar o assentamento funcional dos membros da institui\u00e7\u00e3o, visando uma integra\u00e7\u00e3o entre os \u00f3rg\u00e3os da administra\u00e7\u00e3o superior e a transpar\u00eancia de dados aos promotores e procuradores de Justi\u00e7a. Com isso, tornou-se poss\u00edvel\u00a0acessar mais facilmente os dados funcionais e promover a atualiza\u00e7\u00e3o permanente das informa\u00e7\u00f5es.<\/span><\/p>\n<p align=\"justify\" data-raofz=\"14\"><span style=\"font-size: 14pt;\" data-raofz=\"13\"><b>A Corregedoria<\/b><\/span><\/p>\n<p align=\"justify\" data-raofz=\"14\"><span style=\"font-size: 14pt;\" data-raofz=\"13\">Comandada pelo corregedor-geral Walber Jos\u00e9 Valente de Lima, tendo como corregedor substituto o procurador de Justi\u00e7a Maur\u00edcio Pitta, com assessoria t\u00e9cnica dos promotores de Justi\u00e7a Napole\u00e3o Jos\u00e9 Calheiros Correia de Melo Amaral Franco e Adivaldo Batista de Souza J\u00fanior, o \u00f3rg\u00e3o \u00e9 secretariado pela promotora de Justi\u00e7a Adriana Gomes e conta ainda com o suporte administrativo dos servidores Manuella G\u00f3es da Fons\u00eaca, M\u00e1rcia Barros, Andr\u00e9a Guimar\u00e3es, Karthalliane de Souza Medeiros e Ronaldo Aureliano do Nascimento Filho.\u00a0<\/span><\/p>\n<p align=\"justify\" data-raofz=\"14\"><span style=\"font-size: 14pt;\" data-raofz=\"13\">\u201cFizemos um trabalho intenso e pudemos comprovar o quanto os promotores de Justi\u00e7a est\u00e3o comprometidos com o trabalho, com o objetivo de ajudar a promover justi\u00e7a nos quatro cantos de Alagoas. Estamos encerrando o ano com o sentimento de dever cumprido e j\u00e1 preparados para seguir com essa mesma miss\u00e3o em 2022\u201d, afirmou o corregedor-geral.<\/span><\/p>\n<p align=\"justify\" data-raofz=\"14\"><span style=\"font-size: 14pt;\" data-raofz=\"13\">Cabe \u00e0 Corregedoria, al\u00e9m de promover as correi\u00e7\u00f5es e inspe\u00e7\u00f5es nos \u00f3rg\u00e3os de execu\u00e7\u00e3o do MPAL, fazer expedi\u00e7\u00e3o de recomenda\u00e7\u00f5es, sem car\u00e1ter vinculativo; instaurar processo disciplinar para apurar a conduta de membro da institui\u00e7\u00e3o; fazer a compila\u00e7\u00e3o mensal dos relat\u00f3rios das atividades desenvolvidas pelas procuradorias e promotorias de Justi\u00e7a; al\u00e9m de elaborar e apresenta\u00e7\u00e3o ao procurador-geral de Justi\u00e7a, sempre na primeira quinzena de fevereiro, um relat\u00f3rio com dados estat\u00edsticos sobre as atividades dos membros do Minist\u00e9rio P\u00fablico, desenvolvidas no ano anterior.<\/span><\/p>\n<\/div><div class=\"fusion-clearfix\"><\/div>\n\n\t\t\t\t\t<\/div>\n\t\t\t\t<\/div><\/div><\/div>\n","protected":false},"excerpt":{"rendered":"","protected":false},"author":2,"featured_media":5533,"comment_status":"closed","ping_status":"closed","sticky":false,"template":"","format":"standard","meta":{"om_disable_all_campaigns":false,"_monsterinsights_skip_tracking":false,"_monsterinsights_sitenote_active":false,"_monsterinsights_sitenote_note":"","_monsterinsights_sitenote_category":0,"_uf_show_specific_survey":0,"_uf_disable_surveys":false,"footnotes":""},"categories":[48,2],"tags":[],"class_list":["post-5532","post","type-post","status-publish","format-standard","has-post-thumbnail","hentry","category-not_corregedoria","category-not_mpal"],"aioseo_notices":[],"_links":{"self":[{"href":"https:\/\/www.mpal.mp.br\/index.php?rest_route=\/wp\/v2\/posts\/5532","targetHints":{"allow":["GET"]}}],"collection":[{"href":"https:\/\/www.mpal.mp.br\/index.php?rest_route=\/wp\/v2\/posts"}],"about":[{"href":"https:\/\/www.mpal.mp.br\/index.php?rest_route=\/wp\/v2\/types\/post"}],"author":[{"embeddable":true,"href":"https:\/\/www.mpal.mp.br\/index.php?rest_route=\/wp\/v2\/users\/2"}],"replies":[{"embeddable":true,"href":"https:\/\/www.mpal.mp.br\/index.php?rest_route=%2Fwp%2Fv2%2Fcomments&post=5532"}],"version-history":[{"count":2,"href":"https:\/\/www.mpal.mp.br\/index.php?rest_route=\/wp\/v2\/posts\/5532\/revisions"}],"predecessor-version":[{"id":5535,"href":"https:\/\/www.mpal.mp.br\/index.php?rest_route=\/wp\/v2\/posts\/5532\/revisions\/5535"}],"wp:featuredmedia":[{"embeddable":true,"href":"https:\/\/www.mpal.mp.br\/index.php?rest_route=\/wp\/v2\/media\/5533"}],"wp:attachment":[{"href":"https:\/\/www.mpal.mp.br\/index.php?rest_route=%2Fwp%2Fv2%2Fmedia&parent=5532"}],"wp:term":[{"taxonomy":"category","embeddable":true,"href":"https:\/\/www.mpal.mp.br\/index.php?rest_route=%2Fwp%2Fv2%2Fcategories&post=5532"},{"taxonomy":"post_tag","embeddable":true,"href":"https:\/\/www.mpal.mp.br\/index.php?rest_route=%2Fwp%2Fv2%2Ftags&post=5532"}],"curies":[{"name":"wp","href":"https:\/\/api.w.org\/{rel}","templated":true}]}}