{"id":5528,"date":"2021-12-15T12:44:32","date_gmt":"2021-12-15T15:44:32","guid":{"rendered":"https:\/\/www.mpal.mp.br\/?p=5528"},"modified":"2022-05-17T12:44:46","modified_gmt":"2022-05-17T15:44:46","slug":"herba-operacao-do-gaeco-e-da-spp-combate-organizacao-criminosa-no-sertao-alagoano","status":"publish","type":"post","link":"https:\/\/www.mpal.mp.br\/?p=5528","title":{"rendered":"Herba: Opera\u00e7\u00e3o do Gaeco e da SPP combate organiza\u00e7\u00e3o criminosa no sert\u00e3o alagoano"},"content":{"rendered":"<div class=\"fusion-fullwidth fullwidth-box fusion-builder-row-1 nonhundred-percent-fullwidth non-hundred-percent-height-scrolling\"  style='background-color: #ffffff;background-position: center center;background-repeat: no-repeat;padding-top:0px;padding-right:0px;padding-bottom:0px;padding-left:0px;'><div class=\"fusion-builder-row fusion-row \"><div  class=\"fusion-layout-column fusion_builder_column fusion_builder_column_1_1 fusion-builder-column-1 fusion-one-full fusion-column-first fusion-column-last 1_1\"  style='margin-top:0px;margin-bottom:20px;'>\n\t\t\t\t\t<div class=\"fusion-column-wrapper\" style=\"padding: 0px 0px 0px 0px;background-position:left top;background-repeat:no-repeat;-webkit-background-size:cover;-moz-background-size:cover;-o-background-size:cover;background-size:cover;\"   data-bg-url=\"\">\n\t\t\t\t\t\t<div class=\"fusion-text\"><p style=\"text-align: justify;\" data-raofz=\"14\"><span style=\"font-size: 14pt;\" data-raofz=\"13\">O Grupo de Atua\u00e7\u00e3o Especial de Combate ao Crime Organizado (Gaeco) do Minist\u00e9rio P\u00fablico do Estado (MPAL) em parceria com a Secretaria de Estado da Seguran\u00e7a P\u00fablica (SSP) coordenaram, nesta quarta-feira (15), uma opera\u00e7\u00e3o integrada que visou desarticular uma organiza\u00e7\u00e3o criminosa com atua\u00e7\u00e3o no munic\u00edpio de Oliven\u00e7a.<\/span><\/p>\n<p style=\"text-align: justify;\" data-raofz=\"14\"><span style=\"font-size: 14pt;\" data-raofz=\"13\">Os alvos da opera\u00e7\u00e3o \u2013 fruto de um trabalho conjunto entre o Gaeco, a 4\u00aa Promotoria de Justi\u00e7a de Santana do Ipanema e 7\u00b0 Batalh\u00e3o da Pol\u00edcia Militar \u2013 s\u00e3o acusados da pr\u00e1tica de iversos delitos, dentre tr\u00e1fico de drogas, roubo de ve\u00edculos e com\u00e9rcio de ve\u00edculos adulterados, na cidade de Oliven\u00e7a.<\/span><\/p>\n<p style=\"text-align: justify;\" data-raofz=\"14\"><span style=\"font-size: 14pt;\" data-raofz=\"13\">Com base em provas t\u00e9cnicas que comprovam a pr\u00e1tica das atividades criminosas, o Gaeco requereu o cumprimento de sete mandados de busca e apreens\u00e3o, todos expedidos pela 17\u00aa Vara Criminal da Capital.<\/span><\/p>\n<p style=\"text-align: justify;\" data-raofz=\"14\"><span style=\"font-size: 14pt;\" data-raofz=\"13\">A a\u00e7\u00e3o culminou com a apreens\u00e3o de uma espingarda artesanal, 46 muni\u00e7\u00f5es de calibre 380 intactas, 27 muni\u00e7\u00f5es de calibre 38 intactas, tr\u00eas muni\u00e7\u00f5es de calibre 36 intactas, uma muni\u00e7\u00e3o de calibre 36 deflagrada, 24 gramas de coca\u00edna, 175 gramas de crack, uma balan\u00e7a de precis\u00e3o, dois celulares Samsung e R$ 9 mil em dinheiro.<\/span><\/p>\n<p style=\"text-align: justify;\" data-raofz=\"14\"><span style=\"font-size: 14pt;\"><strong>Efetivo participante<\/strong><\/span><\/p>\n<p style=\"text-align: justify;\" data-raofz=\"14\"><span style=\"font-size: 14pt;\" data-raofz=\"13\">A Pol\u00edcia Militar empregou militares dos 3\u00b0, 7\u00b0 e 9\u00b0 Batalh\u00f5es, al\u00e9m da Companhia de Opera\u00e7\u00f5es Especiais (COPES), o canil do 3\u00b0 BPM e o Batalh\u00e3o de Policiamento Rodovi\u00e1rio (BPRV). O Grupamento A\u00e9reo da SSP tamb\u00e9m participou da a\u00e7\u00e3o.<\/span><\/p>\n<p style=\"text-align: justify;\" data-raofz=\"14\"><span style=\"font-size: 14pt;\" data-raofz=\"13\">A popula\u00e7\u00e3o \u00e9 grande parceira do Minist\u00e9rio P\u00fablico de Alagoas e das for\u00e7as de seguran\u00e7a no combate ao crime e pode contribuir com o trabalho das pol\u00edcias realizando den\u00fancias sobre homic\u00eddios, tr\u00e1fico de drogas, roubos, organiza\u00e7\u00f5es criminosas e outros crimes por meio do Disque Den\u00fancia. As informa\u00e7\u00f5es podem ser repassadas, de forma an\u00f4nima e gratuita, por meio de liga\u00e7\u00f5es para o 181.<\/span><\/p>\n<p style=\"text-align: justify;\" data-raofz=\"14\"><span style=\"font-size: 14pt;\" data-raofz=\"13\">Com informa\u00e7\u00f5es e foto da SSP\/AL.\u00a0<\/span><\/p>\n<\/div><div class=\"fusion-clearfix\"><\/div>\n\n\t\t\t\t\t<\/div>\n\t\t\t\t<\/div><\/div><\/div>\n","protected":false},"excerpt":{"rendered":"","protected":false},"author":2,"featured_media":5529,"comment_status":"open","ping_status":"open","sticky":false,"template":"","format":"standard","meta":{"om_disable_all_campaigns":false,"_monsterinsights_skip_tracking":false,"_monsterinsights_sitenote_active":false,"_monsterinsights_sitenote_note":"","_monsterinsights_sitenote_category":0,"_uf_show_specific_survey":0,"_uf_disable_surveys":false,"footnotes":""},"categories":[23],"tags":[],"class_list":["post-5528","post","type-post","status-publish","format-standard","has-post-thumbnail","hentry","category-not_gaeco"],"aioseo_notices":[],"_links":{"self":[{"href":"https:\/\/www.mpal.mp.br\/index.php?rest_route=\/wp\/v2\/posts\/5528","targetHints":{"allow":["GET"]}}],"collection":[{"href":"https:\/\/www.mpal.mp.br\/index.php?rest_route=\/wp\/v2\/posts"}],"about":[{"href":"https:\/\/www.mpal.mp.br\/index.php?rest_route=\/wp\/v2\/types\/post"}],"author":[{"embeddable":true,"href":"https:\/\/www.mpal.mp.br\/index.php?rest_route=\/wp\/v2\/users\/2"}],"replies":[{"embeddable":true,"href":"https:\/\/www.mpal.mp.br\/index.php?rest_route=%2Fwp%2Fv2%2Fcomments&post=5528"}],"version-history":[{"count":2,"href":"https:\/\/www.mpal.mp.br\/index.php?rest_route=\/wp\/v2\/posts\/5528\/revisions"}],"predecessor-version":[{"id":5531,"href":"https:\/\/www.mpal.mp.br\/index.php?rest_route=\/wp\/v2\/posts\/5528\/revisions\/5531"}],"wp:featuredmedia":[{"embeddable":true,"href":"https:\/\/www.mpal.mp.br\/index.php?rest_route=\/wp\/v2\/media\/5529"}],"wp:attachment":[{"href":"https:\/\/www.mpal.mp.br\/index.php?rest_route=%2Fwp%2Fv2%2Fmedia&parent=5528"}],"wp:term":[{"taxonomy":"category","embeddable":true,"href":"https:\/\/www.mpal.mp.br\/index.php?rest_route=%2Fwp%2Fv2%2Fcategories&post=5528"},{"taxonomy":"post_tag","embeddable":true,"href":"https:\/\/www.mpal.mp.br\/index.php?rest_route=%2Fwp%2Fv2%2Ftags&post=5528"}],"curies":[{"name":"wp","href":"https:\/\/api.w.org\/{rel}","templated":true}]}}