{"id":5524,"date":"2021-12-15T12:42:48","date_gmt":"2021-12-15T15:42:48","guid":{"rendered":"https:\/\/www.mpal.mp.br\/?p=5524"},"modified":"2022-05-17T12:43:41","modified_gmt":"2022-05-17T15:43:41","slug":"condenacao-sustentacao-do-ministerio-publico-leva-assassina-de-italiano-a-20-anos-e-dois-meses-de-prisao","status":"publish","type":"post","link":"https:\/\/www.mpal.mp.br\/?p=5524","title":{"rendered":"Condena\u00e7\u00e3o: sustenta\u00e7\u00e3o do Minist\u00e9rio P\u00fablico leva assassina de italiano a 20 anos e dois meses de pris\u00e3o"},"content":{"rendered":"<div class=\"fusion-fullwidth fullwidth-box fusion-builder-row-1 nonhundred-percent-fullwidth non-hundred-percent-height-scrolling\"  style='background-color: #ffffff;background-position: center center;background-repeat: no-repeat;padding-top:0px;padding-right:0px;padding-bottom:0px;padding-left:0px;'><div class=\"fusion-builder-row fusion-row \"><div  class=\"fusion-layout-column fusion_builder_column fusion_builder_column_1_1 fusion-builder-column-1 fusion-one-full fusion-column-first fusion-column-last 1_1\"  style='margin-top:0px;margin-bottom:20px;'>\n\t\t\t\t\t<div class=\"fusion-column-wrapper\" style=\"padding: 0px 0px 0px 0px;background-position:left top;background-repeat:no-repeat;-webkit-background-size:cover;-moz-background-size:cover;-o-background-size:cover;background-size:cover;\"   data-bg-url=\"\">\n\t\t\t\t\t\t<div class=\"fusion-text\"><p align=\"justify\" data-raofz=\"14\"><span style=\"font-size: 14pt;\">O Minist\u00e9rio P\u00fablico Estadual (MPAL) conseguiu com\u00a0uma atua\u00e7\u00e3o\u00a0brilhante e\u00a0firme,\u00a0em j\u00fari na 7\u00aa Vara da Capital, nesta quarta-feira (15),\u00a0mais uma condena\u00e7\u00e3o. Apesar das justificativas da defesa,\u00a0de que a r\u00e9 n\u00e3o teria\u00a0outra\u00a0alternativa, sen\u00e3o matar, Cl\u00e9a Fernando M\u00e1ximo foi condenada\u00a0a 20 anos e dois meses de pris\u00e3o,\u00a0em regime fechado,\u00a0ap\u00f3s sustenta\u00e7\u00e3o\u00a0e grande atua\u00e7\u00e3o\u00a0do promotor de Justi\u00e7a, D\u00eanis Guimar\u00e3es, refor\u00e7ando o homic\u00eddio duplamente qualificado, al\u00e9m de oculta\u00e7\u00e3o de cad\u00e1ver, cometido friamente e de forma calculada por interesses financeiros da autora.\u00a0O\u00a0representante ministerial foi auxiliado pelo competente advogado Jo\u00e3o Uch\u00f4a e o\u00a0j\u00fari presidido pelo juiz Felipe Mumgumba.<\/span><\/p>\n<p align=\"justify\" data-raofz=\"14\"><span style=\"font-size: 14pt;\">O julgamento\u00a0teve in\u00edcio\u00a0\u00e0s 9h\u00a0e perdurou at\u00e9 as 21h, contando com tr\u00eas testemunhas para o Minist\u00e9rio P\u00fablico, entre elas Ant\u00f4nio Em\u00edlio Cicchelli, irm\u00e3o da v\u00edtima, e outras tr\u00eas da defesa, representada pela advogada J\u00falia Nunes.<\/span><\/p>\n<p align=\"justify\" data-raofz=\"14\"><span style=\"font-size: 14pt;\">Para o promotor de Justi\u00e7a,\u00a0D\u00eanis Guimar\u00e3es,\u00a0a preocupa\u00e7\u00e3o era a forma\u00e7\u00e3o do Conselho de Senten\u00e7a em 100%\u00a0feminino, pois poderiam se sensibilizar sem julgar a crueldade cometida por uma mulher.<\/span><\/p>\n<p align=\"justify\" data-raofz=\"14\"><span style=\"font-size: 14pt;\" data-raofz=\"14\">\u201cEsper\u00e1vamos desde o in\u00edcio a condena\u00e7\u00e3o, apesar de o Conselho ser feminino acreditamos at\u00e9 o fim que entenderia\u00a0que o Minist\u00e9rio P\u00fablico n\u00e3o estava ali acusando uma mulher, mas uma assassina que, friamente planejou um crime, atraiu a v\u00edtima, depois escondeu o cad\u00e1ver e conseguia ter, para todos, uma vida normal convivendo por 30 dias com um corpo em estado avan\u00e7ado de decomposi\u00e7\u00e3o em casa. Mais que isso, tentou extorquir os familiares do senhor Cicchelli, prova mais do que n\u00edtida de que era ambiciosa e tinha a pretens\u00e3o de lucrar com o relacionamento. Cumprimos o nosso dever de promover justi\u00e7a, o entendimento do j\u00fari foi 100% em conson\u00e2ncia com o MP, e ela foi feita. Agrade\u00e7o o aux\u00edlio do colega Uch\u00f4a, o qual considero muito importante\u201d, afirma D\u00eanis Guimar\u00e3es.<\/span><\/p>\n<p align=\"justify\" data-raofz=\"14\"><span style=\"font-size: 14pt;\">Ap\u00f3s sua contribui\u00e7\u00e3o, tamb\u00e9m convicto do dever cumprido, o advogado Jo\u00e3o Uch\u00f4a parabenizou a postura do promotor D\u00eanis.<\/span><\/p>\n<p align=\"justify\" data-raofz=\"14\"><span style=\"font-size: 14pt;\">\u201cGostaria de parabenizar o nobre promotor de Justi\u00e7a Dr. D\u00eanis Guimar\u00e3es. Muito eloquente\u201d, afirma Uch\u00f4a.<\/span><\/p>\n<p align=\"justify\" data-raofz=\"14\"><span style=\"font-size: 14pt;\"><b>Crime<\/b><\/span><\/p>\n<p align=\"justify\" data-raofz=\"14\"><span style=\"font-size: 14pt;\" data-raofz=\"14\">A alagoana disse \u00e0 pol\u00edcia que teria matado o italiano Carlo Chicchelii num ritual de magia negra, confessou que ele foi algemado, mas disse em sua vers\u00e3o que foi a pedido da v\u00edtima. O corpo ficou escondido por um m\u00eas em um dos c\u00f4modos da casa, envolvido em sacos pl\u00e1sticos e, para amenizar o mau cheiro, pelo estado avan\u00e7ado de decomposi\u00e7\u00e3o, e tamb\u00e9m para n\u00e3o despertar a desconfian\u00e7a dos vizinhos, colocou carv\u00e3o, perfume e outros produtos.<\/span><\/p>\n<p align=\"justify\" data-raofz=\"14\"><span style=\"font-size: 14pt;\" data-raofz=\"14\">Carlo Chicchelli e Cl\u00e9a M\u00e1ximo come\u00e7aram a namorar em Turin, na It\u00e1lia, onde eram vizinhos. At\u00e9 que ele decidiu morar com ela em Macei\u00f3, no bairro da Ponta Grossa. Por dois meses a fam\u00edlia do estrangeiro ficou sem not\u00edcias dele e come\u00e7ou a estranhar.<\/span><\/p>\n<p align=\"justify\" data-raofz=\"14\"><span style=\"font-size: 14pt;\" data-raofz=\"14\">Cl\u00e9a, por sua vez, passando-se pelo namorado, come\u00e7ou a manter contato pedindo dinheiro. Somente ap\u00f3s algum tempo, ela confessou ser a respons\u00e1vel pelos contatos e criou vers\u00f5es para convencer a fam\u00edlia a enviar os valores pedidos, entre elas que havia se envolvido com a filha de um traficante, estava escondido, amea\u00e7ado de morte e precisava do dinheiro para fugir, o que estranharam.<\/span><\/p>\n<p align=\"justify\" data-raofz=\"14\"><span style=\"font-size: 14pt;\">Foto: Claudemir Mota<\/span><\/p>\n<\/div><div class=\"fusion-clearfix\"><\/div>\n\n\t\t\t\t\t<\/div>\n\t\t\t\t<\/div><\/div><\/div>\n","protected":false},"excerpt":{"rendered":"","protected":false},"author":2,"featured_media":5525,"comment_status":"open","ping_status":"open","sticky":false,"template":"","format":"standard","meta":{"om_disable_all_campaigns":false,"_monsterinsights_skip_tracking":false,"_monsterinsights_sitenote_active":false,"_monsterinsights_sitenote_note":"","_monsterinsights_sitenote_category":0,"_uf_show_specific_survey":0,"_uf_disable_surveys":false,"footnotes":""},"categories":[2],"tags":[],"class_list":["post-5524","post","type-post","status-publish","format-standard","has-post-thumbnail","hentry","category-not_mpal"],"aioseo_notices":[],"_links":{"self":[{"href":"https:\/\/www.mpal.mp.br\/index.php?rest_route=\/wp\/v2\/posts\/5524","targetHints":{"allow":["GET"]}}],"collection":[{"href":"https:\/\/www.mpal.mp.br\/index.php?rest_route=\/wp\/v2\/posts"}],"about":[{"href":"https:\/\/www.mpal.mp.br\/index.php?rest_route=\/wp\/v2\/types\/post"}],"author":[{"embeddable":true,"href":"https:\/\/www.mpal.mp.br\/index.php?rest_route=\/wp\/v2\/users\/2"}],"replies":[{"embeddable":true,"href":"https:\/\/www.mpal.mp.br\/index.php?rest_route=%2Fwp%2Fv2%2Fcomments&post=5524"}],"version-history":[{"count":2,"href":"https:\/\/www.mpal.mp.br\/index.php?rest_route=\/wp\/v2\/posts\/5524\/revisions"}],"predecessor-version":[{"id":5527,"href":"https:\/\/www.mpal.mp.br\/index.php?rest_route=\/wp\/v2\/posts\/5524\/revisions\/5527"}],"wp:featuredmedia":[{"embeddable":true,"href":"https:\/\/www.mpal.mp.br\/index.php?rest_route=\/wp\/v2\/media\/5525"}],"wp:attachment":[{"href":"https:\/\/www.mpal.mp.br\/index.php?rest_route=%2Fwp%2Fv2%2Fmedia&parent=5524"}],"wp:term":[{"taxonomy":"category","embeddable":true,"href":"https:\/\/www.mpal.mp.br\/index.php?rest_route=%2Fwp%2Fv2%2Fcategories&post=5524"},{"taxonomy":"post_tag","embeddable":true,"href":"https:\/\/www.mpal.mp.br\/index.php?rest_route=%2Fwp%2Fv2%2Ftags&post=5524"}],"curies":[{"name":"wp","href":"https:\/\/api.w.org\/{rel}","templated":true}]}}