{"id":5509,"date":"2021-12-16T12:37:06","date_gmt":"2021-12-16T15:37:06","guid":{"rendered":"https:\/\/www.mpal.mp.br\/?p=5509"},"modified":"2022-05-17T12:38:11","modified_gmt":"2022-05-17T15:38:11","slug":"tapera-mp-denuncia-homem-que-arrancou-parte-da-orelha-de-funcionario-de-lanchonete-e-agrediu-mais-tres","status":"publish","type":"post","link":"https:\/\/www.mpal.mp.br\/?p=5509","title":{"rendered":"Tapera: MP denuncia homem que arrancou parte da orelha de funcion\u00e1rio de lanchonete e agrediu mais tr\u00eas"},"content":{"rendered":"<div class=\"fusion-fullwidth fullwidth-box fusion-builder-row-1 nonhundred-percent-fullwidth non-hundred-percent-height-scrolling\"  style='background-color: #ffffff;background-position: center center;background-repeat: no-repeat;padding-top:0px;padding-right:0px;padding-bottom:0px;padding-left:0px;'><div class=\"fusion-builder-row fusion-row \"><div  class=\"fusion-layout-column fusion_builder_column fusion_builder_column_1_1 fusion-builder-column-1 fusion-one-full fusion-column-first fusion-column-last 1_1\"  style='margin-top:0px;margin-bottom:20px;'>\n\t\t\t\t\t<div class=\"fusion-column-wrapper\" style=\"padding: 0px 0px 0px 0px;background-position:left top;background-repeat:no-repeat;-webkit-background-size:cover;-moz-background-size:cover;-o-background-size:cover;background-size:cover;\"   data-bg-url=\"\">\n\t\t\t\t\t\t<div class=\"fusion-text\"><p class=\"western\" style=\"text-align: justify;\" align=\"justify\" data-raofz=\"14\"><span style=\"font-size: 14pt;\" data-raofz=\"14\">Responsabilizar pelos atos de viol\u00eancia cometidos, lesionando quatro pessoas, entre elas uma que teve parte da orelha decepada e cumprindo o seu papel de proteger o cidad\u00e3o quando os seus direitos forem violados, moveu o Minist\u00e9rio P\u00fablico do Estado de Alagoas, por meio da Promotoria de Justi\u00e7a de S\u00e3o Jos\u00e9 da Tapera, a denunciar Wesdelley Barros Rezende Carvalho, de 39 anos. O fato ocorreu no dia 01 de outubro de 2021, por volta das 00h20, na Lanchonete Santo\u2019s Burguer, situada no Centro da referida cidade.<\/span><\/p>\n<p class=\"western\" style=\"text-align: justify;\" align=\"justify\" data-raofz=\"14\"><span style=\"font-size: 14pt;\" data-raofz=\"14\">Conforme o constado nos autos do Inqu\u00e9rito Policial, o denunciado de forma abrupta partiu em dire\u00e7\u00e3o \u00e0s v\u00edtimas, causando maior les\u00e3o a Guilherme Souza Santos, arrancando um peda\u00e7o da sua orelha com uma mordida, causando-lhe deformidade. N\u00e3o conformado com a agress\u00e3o a uma pessoa, foi em dire\u00e7\u00e3o a Dayane Cristina da Silva Henrique, Carlos Eduardo dos Santos Vieira e Vanderlea dos Santos. Todas as v\u00edtimas s\u00e3o funcion\u00e1rias da lanchonete e o ato b\u00e1rbaro teria ocorrido quando Wesdelley Barros, ap\u00f3s a meia-noite, recebeu a informa\u00e7\u00e3o de que o expediente havia sido encerrado e, consequentemente, n\u00e3o poderia mais ser atendido.<\/span><\/p>\n<p style=\"text-align: justify;\" align=\"justify\" data-raofz=\"14\"><span style=\"font-size: 14pt;\" data-raofz=\"14\">\u201cO Mp de Alagoas, por meio da Promotoria de Justi\u00e7a de S. Jos\u00e9 da Tapera acaba de oferecer den\u00fancia em desfavor do cidad\u00e3o citado, em raz\u00e3o de ele ofender a integridade f\u00edsica de quatro trabalhadores durante a jornada de trabalho, em uma lanchonete no centro da cidade. Uma das v\u00edtimas sofreu les\u00f5es corporais grav\u00edssimas, tendo parte da orelha arrancada, causando a deformidade permanente e outras tr\u00eas v\u00edtimas sofreram les\u00f5es leves, entre elas a gerente da lanchonete que levou um soco no rosto. O MP por interm\u00e9dio desse parquet vem recha\u00e7ar com veem\u00eancia tais atitudes perpetradas pelo acusado e ir\u00e1, na Justi\u00e7a, lutar pela condena\u00e7\u00e3o do mesmo\u201d, declara o promotor de Justi\u00e7a, F\u00e1bio Bastos.<\/span><\/p>\n<p style=\"text-align: justify;\" align=\"justify\" data-raofz=\"14\"><span style=\"font-size: 14pt;\" data-raofz=\"14\">Titular da Promotoria de Justi\u00e7a de S\u00e3o Jos\u00e9 da Tapera, Bastos refor\u00e7a que pedir\u00e1 reparos por todos os danos causados \u00e0s v\u00edtimas.<\/span><\/p>\n<p style=\"text-align: justify;\" align=\"justify\" data-raofz=\"14\"><span style=\"font-size: 14pt;\" data-raofz=\"14\">\u201cRessalte-se que o Minist\u00e9rio P\u00fablico requereu indeniza\u00e7\u00e3o por danos morais, f\u00edsicos e est\u00e9ticos das v\u00edtimas atingidas por tamanha barb\u00e1rie\u201d, esclarece o promotor de Justi\u00e7a, F\u00e1bio Bastos.<\/span><\/p>\n<p style=\"text-align: justify;\" align=\"justify\" data-raofz=\"14\"><span style=\"font-size: 14pt;\" data-raofz=\"14\"><b>O caso<\/b><\/span><\/p>\n<p style=\"text-align: justify;\" align=\"justify\" data-raofz=\"14\"><span style=\"font-size: 14pt;\" data-raofz=\"14\">O denunciado havia chegado alterado no local em raz\u00e3o do uso de bebida alco\u00f3lica, e continuou bebendo no local, tomou conhecimento que o estabelecimento fecharia e pediu a conta. Por\u00e9m, al\u00e9m do que foi consumido, o acusado exigiu\u00a0seis\u00a0pacotes de cerveja, mas deixando claro que n\u00e3o pagaria \u00e0 vista, ou seja, queria compr\u00e1-las \u201cfiado\u201d<b>.<\/b><\/span><\/p>\n<p style=\"text-align: justify;\" align=\"justify\" data-raofz=\"14\"><span style=\"font-size: 14pt;\" data-raofz=\"14\">A gerente Dayane Cristina informou ao denunciado que era orienta\u00e7\u00e3o do propriet\u00e1rio do estabelecimento comercial n\u00e3o vender nenhum produto fiado, o que agravou o descontrole do agressor que na sequ\u00eancia come\u00e7ou a bater fortemente no balc\u00e3o gritando \u201cque levaria as bebidas de qualquer jeito\u201d.<\/span><\/p>\n<p style=\"text-align: justify;\" align=\"justify\" data-raofz=\"14\"><span style=\"font-size: 14pt;\" data-raofz=\"14\">Ao\u00a0perceber que os funcion\u00e1rios tiraram as bebidas alco\u00f3licas do balc\u00e3o, o acusado partiu para agress\u00e3o dos mesmos, ocasi\u00e3o em que mordeu e arrancou um peda\u00e7o da orelha da v\u00edtima Guilherme,<b>\u00a0<\/b>dando causa a uma deformidade permanente do \u00f3rg\u00e3o, conforme laudo de exame de corpo de delito.<\/span><\/p>\n<p style=\"text-align: justify;\" align=\"justify\" data-raofz=\"14\"><span style=\"font-size: 14pt;\" data-raofz=\"14\"><b>Outras v\u00edtimas<\/b><\/span><\/p>\n<p style=\"text-align: justify;\" align=\"justify\" data-raofz=\"14\"><span style=\"font-size: 14pt;\" data-raofz=\"14\">De acordo com exames de corpo de delito, Dayane Cristina foi atingida com um soco em seu rosto;<b>\u00a0<\/b>Carlos Eduardo\u00a0<b>f<\/b>oi agredido com uma cabe\u00e7ada desferida pelo denunciado, ofendendo a sua integridade f\u00edsica; Vanderlea dos Santos\u00a0<b>f<\/b>oi agredida com um chute em sua perna desferido pelo denunciado, tamb\u00e9m tendo a sua integridade f\u00edsica ofendida.<\/span><\/p>\n<p style=\"text-align: justify;\" align=\"justify\" data-raofz=\"14\"><span style=\"font-size: 14pt;\" data-raofz=\"14\">O\u00a0denunciado, descontrolado, s\u00f3 foi contido depois pelos amigos que estavam no local, posteriormente, evadindo-se e tomando destino ignorado.<\/span><\/p>\n<p style=\"text-align: justify;\" align=\"justify\" data-raofz=\"14\"><span style=\"font-size: 14pt;\" data-raofz=\"14\">Para o Minist\u00e9rio P\u00fablico, ante o exposto, restam presentes ind\u00edcios da autoria e prova da materialidade do fato, havendo, destarte, justa causa para a\u00e7\u00e3o penal, estando o denunciado Wesdelley Barros Rezende Carvalho, incurso nas penas do art. 129, \u00a72\u00ba, inciso IV (deformidade permanente) e tr\u00eas vezes incurso nas penas do art. 129,\u00a0<i data-raofz=\"14\">caput<\/i>, todos C\u00f3digo Penal, devendo a pena ser aplicada nos termos do art. 69,\u00a0<i data-raofz=\"14\">caput<\/i>, do Diploma Penal.<\/span><\/p>\n<p class=\"western\" style=\"text-align: justify;\" align=\"justify\" data-raofz=\"14\"><span style=\"font-size: 14pt;\" data-raofz=\"14\">\u201cA forma como os crimes foram cometidos pelo acusado s\u00e3o, sem sombra de d\u00favidas, de alt\u00edssima reprovabilidade, especialmente porque as v\u00edtimas estavam em seu local de trabalho e uma delas foi brutalmente ofendida em sua integridade f\u00edsica quando teve a sua orelha arrancada por uma mordida do acusado. Al\u00e9m do mais, os delitos impactaram a cidade de S\u00e3o Jos\u00e9 da Tapera\u201d, conclui o promotor.<\/span><\/p>\n<\/div><div class=\"fusion-clearfix\"><\/div>\n\n\t\t\t\t\t<\/div>\n\t\t\t\t<\/div><\/div><\/div>\n","protected":false},"excerpt":{"rendered":"","protected":false},"author":2,"featured_media":3993,"comment_status":"open","ping_status":"open","sticky":false,"template":"","format":"standard","meta":{"om_disable_all_campaigns":false,"_monsterinsights_skip_tracking":false,"_monsterinsights_sitenote_active":false,"_monsterinsights_sitenote_note":"","_monsterinsights_sitenote_category":0,"_uf_show_specific_survey":0,"_uf_disable_surveys":false,"footnotes":""},"categories":[2],"tags":[],"class_list":["post-5509","post","type-post","status-publish","format-standard","has-post-thumbnail","hentry","category-not_mpal"],"aioseo_notices":[],"_links":{"self":[{"href":"https:\/\/www.mpal.mp.br\/index.php?rest_route=\/wp\/v2\/posts\/5509","targetHints":{"allow":["GET"]}}],"collection":[{"href":"https:\/\/www.mpal.mp.br\/index.php?rest_route=\/wp\/v2\/posts"}],"about":[{"href":"https:\/\/www.mpal.mp.br\/index.php?rest_route=\/wp\/v2\/types\/post"}],"author":[{"embeddable":true,"href":"https:\/\/www.mpal.mp.br\/index.php?rest_route=\/wp\/v2\/users\/2"}],"replies":[{"embeddable":true,"href":"https:\/\/www.mpal.mp.br\/index.php?rest_route=%2Fwp%2Fv2%2Fcomments&post=5509"}],"version-history":[{"count":2,"href":"https:\/\/www.mpal.mp.br\/index.php?rest_route=\/wp\/v2\/posts\/5509\/revisions"}],"predecessor-version":[{"id":5511,"href":"https:\/\/www.mpal.mp.br\/index.php?rest_route=\/wp\/v2\/posts\/5509\/revisions\/5511"}],"wp:featuredmedia":[{"embeddable":true,"href":"https:\/\/www.mpal.mp.br\/index.php?rest_route=\/wp\/v2\/media\/3993"}],"wp:attachment":[{"href":"https:\/\/www.mpal.mp.br\/index.php?rest_route=%2Fwp%2Fv2%2Fmedia&parent=5509"}],"wp:term":[{"taxonomy":"category","embeddable":true,"href":"https:\/\/www.mpal.mp.br\/index.php?rest_route=%2Fwp%2Fv2%2Fcategories&post=5509"},{"taxonomy":"post_tag","embeddable":true,"href":"https:\/\/www.mpal.mp.br\/index.php?rest_route=%2Fwp%2Fv2%2Ftags&post=5509"}],"curies":[{"name":"wp","href":"https:\/\/api.w.org\/{rel}","templated":true}]}}