{"id":5505,"date":"2021-12-16T12:33:26","date_gmt":"2021-12-16T15:33:26","guid":{"rendered":"https:\/\/www.mpal.mp.br\/?p=5505"},"modified":"2022-05-17T12:35:51","modified_gmt":"2022-05-17T15:35:51","slug":"em-arapiraca-mpal-entrega-certificados-as-comunidades-capacitadas-pelo-projeto-empoderador-digital","status":"publish","type":"post","link":"https:\/\/www.mpal.mp.br\/?p=5505","title":{"rendered":"Em Arapiraca, MPAL entrega certificados \u00e0s comunidades capacitadas pelo projeto Empoderador Digital"},"content":{"rendered":"<div class=\"fusion-fullwidth fullwidth-box fusion-builder-row-1 nonhundred-percent-fullwidth non-hundred-percent-height-scrolling\"  style='background-color: #ffffff;background-position: center center;background-repeat: no-repeat;padding-top:0px;padding-right:0px;padding-bottom:0px;padding-left:0px;'><div class=\"fusion-builder-row fusion-row \"><div  class=\"fusion-layout-column fusion_builder_column fusion_builder_column_1_1 fusion-builder-column-1 fusion-one-full fusion-column-first fusion-column-last 1_1\"  style='margin-top:0px;margin-bottom:20px;'>\n\t\t\t\t\t<div class=\"fusion-column-wrapper\" style=\"padding: 0px 0px 0px 0px;background-position:left top;background-repeat:no-repeat;-webkit-background-size:cover;-moz-background-size:cover;-o-background-size:cover;background-size:cover;\"   data-bg-url=\"\">\n\t\t\t\t\t\t<div class=\"fusion-text\"><p align=\"justify\" data-raofz=\"14\"><span style=\"font-size: 14pt;\" data-raofz=\"13\">Numa solenidade que marcou a tarde desta quinta-feira (16), no audit\u00f3rio do Instituto Federal de Alagoas (Ifal), o Minist\u00e9rio P\u00fablico do Estado de Alagoas (MPAL), por meio do projeto Empoderamento Digital \u2013 Inclus\u00e3o Digital Comunit\u00e1ria, entregou, em Arapiraca, dezenas de certificados para as comunidades beneficiadas com os cursos ofertados em parceria com diversas institui\u00e7\u00f5es p\u00fablicas e privadas. A iniciativa seguir\u00e1 em 2022, oferecendo a mesma qualifica\u00e7\u00e3o para moradores de novos bairros.<\/span><\/p>\n<p align=\"justify\" data-raofz=\"14\"><span style=\"font-size: 14pt;\" data-raofz=\"13\">Criado agora em 2021, o Empoderamento Digital tem a miss\u00e3o de incentivar a articula\u00e7\u00e3o comunit\u00e1ria no fortalecimento de sua autonomia quanto a obten\u00e7\u00e3o de servi\u00e7os p\u00fablicos nos meios virtuais de atendimento. A, parceria que envolve 10 institui\u00e7\u00f5es p\u00fablicas e um conjunto de associa\u00e7\u00f5es comunit\u00e1rias, foi posta em pr\u00e1tica durante os meses de novembro e dezembro, com a capacita\u00e7\u00e3o dos representantes comunit\u00e1rios no uso de servi\u00e7os digitais, tornando-os facilitadores desses canais em suas respectivas regi\u00f5es. \u201cS\u00e3o a\u00e7\u00f5es que visam reduzir as dificuldades de locomo\u00e7\u00e3o e de acesso a esses servi\u00e7os p\u00fablicos. Sabemos o quanto elas ser\u00e3o importantes para aqueles que, antes disso, n\u00e3o tinham tido, ainda, a oportunidade de conhecimento sobre esse universo digital. Que essa aprendizagem possa fazer a diferen\u00e7a na vida dessas pessoas, afinal, o Minist\u00e9rio P\u00fablico tamb\u00e9m existe para promover a transforma\u00e7\u00e3o social\u201d, afirmou V\u00e1lter Acioly, procurador-geral de Justi\u00e7a em exerc\u00edcio.<\/span><\/p>\n<p align=\"justify\" data-raofz=\"14\"><span style=\"font-size: 14pt;\" data-raofz=\"13\">\u201cAcrescento ainda que o nosso Minist\u00e9rio P\u00fablico tem recebido reconhecimento nacional por sua atua\u00e7\u00e3o em defesa daqueles mais necessitados, e isso mostra o quanto estamos comprometidos com a cidadania e a dignidade das pessoas. Aproveito tamb\u00e9m para agradecer aos parceiros que acreditam que todos, de m\u00e3os dadas, podemos mudar a vida de muita gente\u201d, declarou ele.\u00a0<\/span><\/p>\n<p align=\"justify\" data-raofz=\"14\"><span style=\"font-size: 14pt;\" data-raofz=\"13\">O coordenador do projeto, promotor de Justi\u00e7a Rog\u00e9rio Paranhos, comemorou o encerramento dessa primeira etapa do projeto, aproveitando o momento para anunciar a novidade da entrega de um computador para cada comunidade capacitada. As doa\u00e7\u00f5es foram feitas pelo Senac\/AL. \u201cMuitas vezes s\u00e3o pessoas que n\u00e3o podem ter um equipamento desse em casa, ent\u00e3o, a partir de agora, elas ter\u00e3o o suporte necess\u00e1rio dentro da associa\u00e7\u00e3o do seu bairro. Isso, sem sombra de d\u00favidas, diminuir\u00e1 a dist\u00e2ncia social entre os moradores e a tecnologia que eles precisam para resolver algumas demandas pessoais de servi\u00e7os p\u00fablicos e privados. \u00c9 uma hora integrar esse projeto, que foi fruto de um trabalho, de um esfor\u00e7o coletivo\u201d, disse.<\/span><\/p>\n<p align=\"justify\" data-raofz=\"14\"><span style=\"font-size: 14pt;\" data-raofz=\"13\">\u201cQueremos agradecer porque foi um curso que far\u00e1 a diferen\u00e7a nas nossas vidas. Muitas vezes, como n\u00e3o sabemos como se d\u00e1 o acesso a esses servi\u00e7os, pagamos a algu\u00e9m para nos ajudar, ou, ent\u00e3o, temos que marcar para ir pessoalmente nos \u00f3rg\u00e3os, o que exige tempo e dinheiro. Que bom que n\u00e3o precisaremos mais passar por isso. Meu desejo \u00e9 para que muitas outras comunidades tamb\u00e9m possam receber essa mesma capacita\u00e7\u00e3o\u201d, declarou N\u00edvea Queiroz, aluna beneficiada.<\/span><\/p>\n<p align=\"justify\" data-raofz=\"14\"><span style=\"font-size: 14pt;\" data-raofz=\"13\">A cerim\u00f4nia desta quinta-feira foi prestigiada por diversas autoridades, dentre elas, o promotor de Justi\u00e7a Maur\u00edcio Wanderley, o senador Rodrigo Cunha \u2013 que vai viabilizar a internet para que as associa\u00e7\u00f5es possam fazer uso dos computadores -, a reitoria do IFAL e secret\u00e1rios municipais.<\/span><\/p>\n<p align=\"justify\" data-raofz=\"14\"><span style=\"font-size: 14pt;\" data-raofz=\"13\">Al\u00e9m de Rog\u00e9rio Paranhos, o projeto tamb\u00e9m \u00e9 composto pelos servidores Warlley Kaleu da Silva \u2013 gerente do Empoderador Digital, Jonathan do Nascimento Matos e Jos\u00e9 Jailson Nunes de Macedo, e tem o apoio das Associa\u00e7\u00f5es Comunit\u00e1rias do Munic\u00edpio de Arapiraca (Facomar).<\/span><\/p>\n<p align=\"justify\" data-raofz=\"14\"><span style=\"font-size: 14pt;\" data-raofz=\"13\"><b>O treinamento ofertado<\/b><\/span><\/p>\n<p align=\"justify\" data-raofz=\"14\"><span style=\"font-size: 14pt;\" data-raofz=\"13\">S\u00e3o \u00f3rg\u00e3os parceiros do projeto o Servi\u00e7o Nacional de Aprendizagem Comercial (Senac), a Prefeitura Municipal de Arapiraca, a Caixa Econ\u00f4mica Federal, o Instituto Nacional de Seguridade Social, a Equatorial Alagoas Distribuidora de Energia S\/A, a Companhia de Saneamento de Alagoas, o Departamento Estadual de Tr\u00e2nsito, a 5\u00aa Ger\u00eancia Regional de Educa\u00e7\u00e3o, a Pol\u00edcia Civil, a Secretaria de Estado do Planejamento, Gest\u00e3o e Patrim\u00f4nio e o Servi\u00e7o Nacional de Aprendizagem Industrial.<\/span><\/p>\n<p align=\"justify\" data-raofz=\"14\"><span style=\"font-size: 14pt;\" data-raofz=\"13\">A capacita\u00e7\u00e3o ensinou, al\u00e9m do curso b\u00e1sico de inform\u00e1tica que ser\u00e1 patrocinado pelo Sesc, a fazer a emiss\u00e3o e ou agendamento de documentos pessoais, emiss\u00e3o de segunda via de contas residenciais b\u00e1sicas, como energia, \u00e1gua e telefone e o agendamento e acompanhamento dos servi\u00e7os prestados por diversos \u00f3rg\u00e3os como INSS, Receita Federal, SUS, dentre outros.<\/span><\/p>\n<p align=\"justify\" data-raofz=\"14\"><span style=\"font-size: 14pt;\" data-raofz=\"13\">O curso foi ministrado por representantes dos \u00f3rg\u00e3os prestadores de servi\u00e7os para representantes Facomar, Unamaa, Associa\u00e7\u00e3o Comunit\u00e1ria dos Moradores do Bairro Planalto, Associa\u00e7\u00e3o Esp\u00edrita Seareiros de Jesus, Associa\u00e7\u00e3o dos Moradores do Povoado B\u00e1lsamo, Associa\u00e7\u00e3o dos Moradores da Baixa da Hora, Associa\u00e7\u00e3o Amor Perfeito Azul, Associa\u00e7\u00e3o dos Moradores do Bairro Arnon de Melo, Funda\u00e7\u00e3o Ant\u00f4nio Jorge, Associa\u00e7\u00e3o dos Moradores da Vila Cana\u00e3, Associa\u00e7\u00e3o dos Moradores do Povoado Fazenda Velha, Associa\u00e7\u00e3o de Desenvolvimento da Comunidade de Remanescente de Quilombo Carrasco e Associa\u00e7\u00e3o dos Moradores da Vila Capim.<\/span><\/p>\n<\/div><div class=\"fusion-clearfix\"><\/div>\n\n\t\t\t\t\t<\/div>\n\t\t\t\t<\/div><\/div><\/div>\n","protected":false},"excerpt":{"rendered":"","protected":false},"author":2,"featured_media":5506,"comment_status":"open","ping_status":"open","sticky":false,"template":"","format":"standard","meta":{"om_disable_all_campaigns":false,"_monsterinsights_skip_tracking":false,"_monsterinsights_sitenote_active":false,"_monsterinsights_sitenote_note":"","_monsterinsights_sitenote_category":0,"_uf_show_specific_survey":0,"_uf_disable_surveys":false,"footnotes":""},"categories":[2],"tags":[],"class_list":["post-5505","post","type-post","status-publish","format-standard","has-post-thumbnail","hentry","category-not_mpal"],"aioseo_notices":[],"_links":{"self":[{"href":"https:\/\/www.mpal.mp.br\/index.php?rest_route=\/wp\/v2\/posts\/5505","targetHints":{"allow":["GET"]}}],"collection":[{"href":"https:\/\/www.mpal.mp.br\/index.php?rest_route=\/wp\/v2\/posts"}],"about":[{"href":"https:\/\/www.mpal.mp.br\/index.php?rest_route=\/wp\/v2\/types\/post"}],"author":[{"embeddable":true,"href":"https:\/\/www.mpal.mp.br\/index.php?rest_route=\/wp\/v2\/users\/2"}],"replies":[{"embeddable":true,"href":"https:\/\/www.mpal.mp.br\/index.php?rest_route=%2Fwp%2Fv2%2Fcomments&post=5505"}],"version-history":[{"count":2,"href":"https:\/\/www.mpal.mp.br\/index.php?rest_route=\/wp\/v2\/posts\/5505\/revisions"}],"predecessor-version":[{"id":5508,"href":"https:\/\/www.mpal.mp.br\/index.php?rest_route=\/wp\/v2\/posts\/5505\/revisions\/5508"}],"wp:featuredmedia":[{"embeddable":true,"href":"https:\/\/www.mpal.mp.br\/index.php?rest_route=\/wp\/v2\/media\/5506"}],"wp:attachment":[{"href":"https:\/\/www.mpal.mp.br\/index.php?rest_route=%2Fwp%2Fv2%2Fmedia&parent=5505"}],"wp:term":[{"taxonomy":"category","embeddable":true,"href":"https:\/\/www.mpal.mp.br\/index.php?rest_route=%2Fwp%2Fv2%2Fcategories&post=5505"},{"taxonomy":"post_tag","embeddable":true,"href":"https:\/\/www.mpal.mp.br\/index.php?rest_route=%2Fwp%2Fv2%2Ftags&post=5505"}],"curies":[{"name":"wp","href":"https:\/\/api.w.org\/{rel}","templated":true}]}}