{"id":55049,"date":"2025-04-17T09:13:08","date_gmt":"2025-04-17T12:13:08","guid":{"rendered":"https:\/\/www.mpal.mp.br\/?p=55049"},"modified":"2025-04-24T09:13:36","modified_gmt":"2025-04-24T12:13:36","slug":"caso-ana-beatriz-plid-ve-como-um-dos-mais-desafiadores-adotando-todos-os-protocolos-na-busca","status":"publish","type":"post","link":"https:\/\/www.mpal.mp.br\/?p=55049","title":{"rendered":"Caso Ana Beatriz: PLID v\u00ea como um dos mais desafiadores adotando todos os protocolos na busca"},"content":{"rendered":"<p style=\"text-align: justify;\">\u201cFoi um dos maiores desafios que a equipe do PLIDAL teve que enfrentar, pois o desaparecimento da infante Ana Beatriz e sua curta hist\u00f3ria de vida, nos trouxe muita emo\u00e7\u00e3o e indigna\u00e7\u00e3o\u201d. A fala \u00e9 da coordenadora do Programa de Localiza\u00e7\u00e3o e Identifica\u00e7\u00e3o de Desaparecidos (PLIDAL), do Minist\u00e9rio P\u00fablico de Alagoas (MPAL), promotora de Justi\u00e7a Marluce Falc\u00e3o. Desde a sexta-feira (11) a Rede esteve envolvida, acompanhando passo a passo das dilig\u00eancias at\u00e9 o triste desfecho.<\/p>\n<p style=\"text-align: justify;\">A promotora fez quest\u00e3o de reconhecer e agradecer o empenho das for\u00e7as de Seguran\u00e7a P\u00fablica, destacando a seriedade e compromisso de todos.<\/p>\n<blockquote>\n<p style=\"text-align: justify;\">\u201cEm todo per\u00edodo de buscas pela Ana Beatriz, registramos o dedicado e excepcional trabalho realizado pelos delegados da DRACCO\/PC-AL, Igor Diego E Jo\u00e3o Marcelo e suas equipes da Pol\u00edcia Civil de Alagoas, sob o comando do secret\u00e1rio de Seguran\u00e7a P\u00fablica, Fl\u00e1vio Saraiva.<br \/>\nAgradecemos o apoio fundamental das Pol\u00edcias Militar, Cient\u00edfica, Corpo de Bombeiros e Pol\u00edcia Rodovi\u00e1ria Federal\u201d, destaca.<\/p>\n<\/blockquote>\n<p style=\"text-align: justify;\">Marluce Falc\u00e3o relembra a celeridade com a qual os delegados acionaram o sistema Alerta Amber, sendo esse o primeiro caso de Alagoas a fazer uso da ferramenta.<\/p>\n<blockquote>\n<p style=\"text-align: justify;\">\u201cInicialmente, \u00e9 preciso lembrar, o delegado Ronilson Medeiros e a delegada Rosimeire Vieira, acionaram o Programa ALERTA AMBER, do Minist\u00e9rio da Justi\u00e7a, importante instrumento na busca de crian\u00e7as desaparecidas\u201d.<\/p>\n<\/blockquote>\n<p style=\"text-align: justify;\">A representante ministerial ressalta, ainda, a import\u00e2ncia da parceria com as for\u00e7as de seguran\u00e7a do estado de Pernambuco e do apoio do PLID\/PE, com a colabora\u00e7\u00e3o do promotor de justi\u00e7a Fabiano Pessoa, culminando no afastamento das primeiras vers\u00f5es do desaparecimento apresentadas pela m\u00e3e de Ana Beatriz<\/p>\n<p style=\"text-align: justify;\">Nesse \u00ednterim, o PLID\/AL deu apoio operacional \u00e0s promotoras de Justi\u00e7a Ariadne Dantas e Andr\u00e9a Teixeira que n\u00e3o mediram esfor\u00e7os \u00e0 elucida\u00e7\u00e3o do caso e ado\u00e7\u00e3o das medidas legais .<\/p>\n<p style=\"text-align: justify;\">Por fim, vale enfatizar que a Rede do PLIDAL e o Minist\u00e9rio P\u00fablico de Alagoas, como guardi\u00e3o da Cidadania, estar\u00e3o ao lado da sociedade e dos familiares da rec\u00e9m-nascida Ana Beatriz, em busca da Justi\u00e7a.<\/p>\n","protected":false},"excerpt":{"rendered":"<p> [&hellip;]<\/p>\n","protected":false},"author":8,"featured_media":55140,"comment_status":"open","ping_status":"open","sticky":false,"template":"","format":"standard","meta":{"om_disable_all_campaigns":false,"_monsterinsights_skip_tracking":false,"_monsterinsights_sitenote_active":false,"_monsterinsights_sitenote_note":"","_monsterinsights_sitenote_category":0,"_uf_show_specific_survey":0,"_uf_disable_surveys":false,"footnotes":""},"categories":[20],"tags":[],"class_list":["post-55049","post","type-post","status-publish","format-standard","has-post-thumbnail","hentry","category-not_sinalid"],"aioseo_notices":[],"_links":{"self":[{"href":"https:\/\/www.mpal.mp.br\/index.php?rest_route=\/wp\/v2\/posts\/55049","targetHints":{"allow":["GET"]}}],"collection":[{"href":"https:\/\/www.mpal.mp.br\/index.php?rest_route=\/wp\/v2\/posts"}],"about":[{"href":"https:\/\/www.mpal.mp.br\/index.php?rest_route=\/wp\/v2\/types\/post"}],"author":[{"embeddable":true,"href":"https:\/\/www.mpal.mp.br\/index.php?rest_route=\/wp\/v2\/users\/8"}],"replies":[{"embeddable":true,"href":"https:\/\/www.mpal.mp.br\/index.php?rest_route=%2Fwp%2Fv2%2Fcomments&post=55049"}],"version-history":[{"count":3,"href":"https:\/\/www.mpal.mp.br\/index.php?rest_route=\/wp\/v2\/posts\/55049\/revisions"}],"predecessor-version":[{"id":55141,"href":"https:\/\/www.mpal.mp.br\/index.php?rest_route=\/wp\/v2\/posts\/55049\/revisions\/55141"}],"wp:featuredmedia":[{"embeddable":true,"href":"https:\/\/www.mpal.mp.br\/index.php?rest_route=\/wp\/v2\/media\/55140"}],"wp:attachment":[{"href":"https:\/\/www.mpal.mp.br\/index.php?rest_route=%2Fwp%2Fv2%2Fmedia&parent=55049"}],"wp:term":[{"taxonomy":"category","embeddable":true,"href":"https:\/\/www.mpal.mp.br\/index.php?rest_route=%2Fwp%2Fv2%2Fcategories&post=55049"},{"taxonomy":"post_tag","embeddable":true,"href":"https:\/\/www.mpal.mp.br\/index.php?rest_route=%2Fwp%2Fv2%2Ftags&post=55049"}],"curies":[{"name":"wp","href":"https:\/\/api.w.org\/{rel}","templated":true}]}}