{"id":5492,"date":"2022-05-16T12:02:56","date_gmt":"2022-05-16T15:02:56","guid":{"rendered":"https:\/\/www.mpal.mp.br\/?p=5492"},"modified":"2022-05-17T12:03:05","modified_gmt":"2022-05-17T15:03:05","slug":"caso-luiz-davi-mpal-opina-por-bloqueio-de-contas-da-equatorial-apos-empresa-nao-cumprir-decisao-judicial","status":"publish","type":"post","link":"https:\/\/www.mpal.mp.br\/?p=5492","title":{"rendered":"Caso Luiz Davi: MPAL opina por bloqueio de contas da Equatorial ap\u00f3s empresa n\u00e3o cumprir decis\u00e3o judicial"},"content":{"rendered":"<div class=\"fusion-fullwidth fullwidth-box fusion-builder-row-1 nonhundred-percent-fullwidth non-hundred-percent-height-scrolling\"  style='background-color: #ffffff;background-position: center center;background-repeat: no-repeat;padding-top:0px;padding-right:0px;padding-bottom:0px;padding-left:0px;'><div class=\"fusion-builder-row fusion-row \"><div  class=\"fusion-layout-column fusion_builder_column fusion_builder_column_1_1 fusion-builder-column-1 fusion-one-full fusion-column-first fusion-column-last 1_1\"  style='margin-top:0px;margin-bottom:20px;'>\n\t\t\t\t\t<div class=\"fusion-column-wrapper\" style=\"padding: 0px 0px 0px 0px;background-position:left top;background-repeat:no-repeat;-webkit-background-size:cover;-moz-background-size:cover;-o-background-size:cover;background-size:cover;\"   data-bg-url=\"\">\n\t\t\t\t\t\t<div class=\"fusion-text\"><p style=\"text-align: justify;\" align=\"justify\" data-raofz=\"14\"><span style=\"font-size: 14pt;\" data-raofz=\"13\">O Minist\u00e9rio P\u00fablico do Estado e Alagoas se manifestou, nesta segunda-feira (16), no processo n\u00ba 08.2022.00033000-1, cuja a\u00e7\u00e3o foi ajuizada pela m\u00e3e de uma crian\u00e7a que ficou com graves sequelas ap\u00f3s ter sofrido uma descarga el\u00e9trica, num poste localizado na Pra\u00e7a dos Mart\u00edrios. O acidente ocorreu em janeiro deste ano e, mesmo ap\u00f3s decis\u00e3o judicial, a empresa Equatorial Alagoas Distribuidora de Energia S.A. ainda n\u00e3o deu a devida assist\u00eancia \u00e0 fam\u00edlia de Luiz Davi, de apenas 10 anos. Em seu parecer, a 16\u00aa Promotoria de Justi\u00e7a da Capital (Fazenda P\u00fablica Municipal) opinou pelo bloqueio das contas da Equatorial.<\/span><\/p>\n<p style=\"text-align: justify;\" align=\"justify\" data-raofz=\"14\"><span style=\"font-size: 14pt;\" data-raofz=\"13\">O parecer foi emitido pelo promotor de Justi\u00e7a Marcus R\u00f4mulo Maia de Mello. No documento, ele se manifesta em favor do pagamento dos danos morais e materiais sofridos pela fam\u00edlia da v\u00edtima. \u201cConsiderando a urg\u00eancia da tutela provis\u00f3ria deferida, bem como a aus\u00eancia de justificativa leg\u00edtima para seu descumprimento pela r\u00e9, opina o Minist\u00e9rio P\u00fablico pelo bloqueio imediato da quantia acima mencionada via Bacenjud, depositando-se o valor bloqueado diretamente na conta da autora informada\u201d, posicionou-se ele.\u00a0O\u00a0Bacenjud\u00a0\u00e9 o sistema eletr\u00f4nico que realiza a comunica\u00e7\u00e3o entre as\u00a0institui\u00e7\u00f5es financeiras\u00a0e o\u00a0Poder\u00a0Judici\u00e1rio, sendo intermediado pelo Banco Central.<\/span><\/p>\n<p style=\"text-align: justify;\" align=\"justify\" data-raofz=\"14\"><span style=\"font-size: 14pt;\" data-raofz=\"13\">Em sua manifesta\u00e7\u00e3o, Marcus R\u00f4mulo Maia de Mello tamb\u00e9m refor\u00e7a o valor requerido pela m\u00e3e da crian\u00e7a, M\u00e1rcia Cleide Dias, de 2,5 (dois e meio) sal\u00e1rios-m\u00ednimos. Ele \u00e9 relativo a todo o per\u00edodo em que ela esteve impossibilitada de trabalhar em decorr\u00eancia dos cuidados com o filho hospitalizado e para custear as despesas para o tratamento dele. \u201cA fam\u00edlia precisa urgente desse dinheiro porque os gastos com o tratamento da v\u00edtima s\u00e3o elevados. A decis\u00e3o foi proferida desde mar\u00e7o, no entanto, a empresa ainda n\u00e3o a cumpriu, deixando a fam\u00edlia completamente desassistida\u201d, argumentou o promotor de Justi\u00e7a.<\/span><\/p>\n<p style=\"text-align: justify;\" align=\"justify\" data-raofz=\"14\"><span style=\"font-size: 14pt;\" data-raofz=\"13\">O aux\u00edlio mensal foi pleiteado por M\u00e1rcia Cleide Dias em fevereiro deste ano, ap\u00f3s o seu filho, o pequeno Luiz Davi, ter sofrido uma descarga el\u00e9trica. Ele se acidentou ao tocar na fia\u00e7\u00e3o de um poste instalado na Pra\u00e7a dos Mart\u00edrios, no Centro de Macei\u00f3. Em raz\u00e3o do choque, ele ficou com graves sequelas,\u00a0como\u00a0paralisia cerebral\u00a0e\u00a0perda dos movimentos\u00a0do corpo.<\/span><\/p>\n<\/div><div class=\"fusion-clearfix\"><\/div>\n\n\t\t\t\t\t<\/div>\n\t\t\t\t<\/div><\/div><\/div>\n","protected":false},"excerpt":{"rendered":"","protected":false},"author":2,"featured_media":5493,"comment_status":"open","ping_status":"open","sticky":false,"template":"","format":"standard","meta":{"om_disable_all_campaigns":false,"_monsterinsights_skip_tracking":false,"_monsterinsights_sitenote_active":false,"_monsterinsights_sitenote_note":"","_monsterinsights_sitenote_category":0,"_uf_show_specific_survey":0,"_uf_disable_surveys":false,"footnotes":""},"categories":[2],"tags":[],"class_list":["post-5492","post","type-post","status-publish","format-standard","has-post-thumbnail","hentry","category-not_mpal"],"aioseo_notices":[],"_links":{"self":[{"href":"https:\/\/www.mpal.mp.br\/index.php?rest_route=\/wp\/v2\/posts\/5492","targetHints":{"allow":["GET"]}}],"collection":[{"href":"https:\/\/www.mpal.mp.br\/index.php?rest_route=\/wp\/v2\/posts"}],"about":[{"href":"https:\/\/www.mpal.mp.br\/index.php?rest_route=\/wp\/v2\/types\/post"}],"author":[{"embeddable":true,"href":"https:\/\/www.mpal.mp.br\/index.php?rest_route=\/wp\/v2\/users\/2"}],"replies":[{"embeddable":true,"href":"https:\/\/www.mpal.mp.br\/index.php?rest_route=%2Fwp%2Fv2%2Fcomments&post=5492"}],"version-history":[{"count":2,"href":"https:\/\/www.mpal.mp.br\/index.php?rest_route=\/wp\/v2\/posts\/5492\/revisions"}],"predecessor-version":[{"id":5495,"href":"https:\/\/www.mpal.mp.br\/index.php?rest_route=\/wp\/v2\/posts\/5492\/revisions\/5495"}],"wp:featuredmedia":[{"embeddable":true,"href":"https:\/\/www.mpal.mp.br\/index.php?rest_route=\/wp\/v2\/media\/5493"}],"wp:attachment":[{"href":"https:\/\/www.mpal.mp.br\/index.php?rest_route=%2Fwp%2Fv2%2Fmedia&parent=5492"}],"wp:term":[{"taxonomy":"category","embeddable":true,"href":"https:\/\/www.mpal.mp.br\/index.php?rest_route=%2Fwp%2Fv2%2Fcategories&post=5492"},{"taxonomy":"post_tag","embeddable":true,"href":"https:\/\/www.mpal.mp.br\/index.php?rest_route=%2Fwp%2Fv2%2Ftags&post=5492"}],"curies":[{"name":"wp","href":"https:\/\/api.w.org\/{rel}","templated":true}]}}