{"id":5488,"date":"2022-05-16T11:44:18","date_gmt":"2022-05-16T14:44:18","guid":{"rendered":"https:\/\/www.mpal.mp.br\/?p=5488"},"modified":"2022-05-17T12:02:11","modified_gmt":"2022-05-17T15:02:11","slug":"ministerio-publico-fara-audiencia-publica-para-tratar-dos-direitos-do-publico-lgbtqi","status":"publish","type":"post","link":"https:\/\/www.mpal.mp.br\/?p=5488","title":{"rendered":"Minist\u00e9rio P\u00fablico far\u00e1 audi\u00eancia p\u00fablica para tratar dos direitos do p\u00fablico LGBTQI+"},"content":{"rendered":"<div class=\"fusion-fullwidth fullwidth-box fusion-builder-row-1 nonhundred-percent-fullwidth non-hundred-percent-height-scrolling\"  style='background-color: #ffffff;background-position: center center;background-repeat: no-repeat;padding-top:0px;padding-right:0px;padding-bottom:0px;padding-left:0px;'><div class=\"fusion-builder-row fusion-row \"><div  class=\"fusion-layout-column fusion_builder_column fusion_builder_column_1_1 fusion-builder-column-1 fusion-one-full fusion-column-first fusion-column-last 1_1\"  style='margin-top:0px;margin-bottom:20px;'>\n\t\t\t\t\t<div class=\"fusion-column-wrapper\" style=\"padding: 0px 0px 0px 0px;background-position:left top;background-repeat:no-repeat;-webkit-background-size:cover;-moz-background-size:cover;-o-background-size:cover;background-size:cover;\"   data-bg-url=\"\">\n\t\t\t\t\t\t<div class=\"fusion-text\"><p style=\"text-align: justify;\" align=\"justify\" data-raofz=\"14\"><span style=\"font-size: 14pt;\" data-raofz=\"14\">Um momento \u00edmpar, entre comemora\u00e7\u00e3o e discuss\u00f5es com um p\u00fablico ainda v\u00edtima de in\u00fameros preconceitos e covardias. Nesta ter\u00e7a-feira (17), o dia \u00e9 de audi\u00eancia p\u00fablica com o tema \u201cDireitos Civis do Movimento LGBTQI+, a partir das 10h, no audit\u00f3rio da Sede das Promotorias de Justi\u00e7a, no Barro Duro, em Macei\u00f3. Em Alagoas, o n\u00famero de casos de homofobia \u00e9 considerado elevado e o promotor de Justi\u00e7a Ant\u00f4nio Sodr\u00e9 acredita que \u00e9 preciso conscientizar ainda mais a popula\u00e7\u00e3o sobre as leis e suas punibilidades.<\/span><\/p>\n<p style=\"text-align: justify;\" align=\"justify\" data-raofz=\"14\"><span style=\"font-size: 14pt;\" data-raofz=\"14\">O promotor de Justi\u00e7a, Ant\u00f4nio Sodr\u00e9, ressalta a import\u00e2ncia de se discutir o respeito ao p\u00fablico homossexual.<\/span><\/p>\n<p style=\"text-align: justify;\" align=\"justify\" data-raofz=\"14\"><span style=\"font-size: 14pt;\" data-raofz=\"14\">\u201cO momento \u00e9 para discuss\u00f5es que direcionem para a garantia dos direitos de todos que se assumem homossexuais, pois, apesar dos avan\u00e7os, ainda existe o preconceito, a homofobia velada ou n\u00edtida e o Minist\u00e9rio P\u00fablico precisa reafirmar a esse p\u00fablico que existe algu\u00e9m para ouvi-lo e defend\u00ea-lo. A audi\u00eancia \u00e9 justamente para interagirmos, sabermos de reivindica\u00e7\u00f5es, ouvir depoimentos, den\u00fancias, orientar, por fim, extrairmos algo importante o que precisa ser oficiado \u00e0s autoridades. E eis a raz\u00e3o da audi\u00eancia p\u00fablica, relembrar a conquista deste direito civil e doutros \u201d, afirma Sodr\u00e9.<\/span><\/p>\n<p style=\"text-align: justify;\" align=\"justify\" data-raofz=\"14\"><span style=\"font-size: 14pt;\" data-raofz=\"14\">Sodr\u00e9 explica que a data do evento, 17 de maio, \u00e9 o dia que foi escolhido para comemorar a decis\u00e3o de retirar a homossexualidade da Classifica\u00e7\u00e3o Internacional dos transtornos mentais (doen\u00e7a) da Organiza\u00e7\u00e3o Mundial da Sa\u00fade (OMS) em 1990, passando esta a ser um marco hist\u00f3rico dentre as conquistas alcan\u00e7adas nas tr\u00eas \u00faltimas d\u00e9cadas\u201d.<\/span><\/p>\n<\/div><div class=\"fusion-clearfix\"><\/div>\n\n\t\t\t\t\t<\/div>\n\t\t\t\t<\/div><\/div><\/div>\n","protected":false},"excerpt":{"rendered":"","protected":false},"author":2,"featured_media":5489,"comment_status":"open","ping_status":"open","sticky":false,"template":"","format":"standard","meta":{"om_disable_all_campaigns":false,"_monsterinsights_skip_tracking":false,"_monsterinsights_sitenote_active":false,"_monsterinsights_sitenote_note":"","_monsterinsights_sitenote_category":0,"_uf_show_specific_survey":0,"_uf_disable_surveys":false,"footnotes":""},"categories":[2],"tags":[],"class_list":["post-5488","post","type-post","status-publish","format-standard","has-post-thumbnail","hentry","category-not_mpal"],"aioseo_notices":[],"_links":{"self":[{"href":"https:\/\/www.mpal.mp.br\/index.php?rest_route=\/wp\/v2\/posts\/5488","targetHints":{"allow":["GET"]}}],"collection":[{"href":"https:\/\/www.mpal.mp.br\/index.php?rest_route=\/wp\/v2\/posts"}],"about":[{"href":"https:\/\/www.mpal.mp.br\/index.php?rest_route=\/wp\/v2\/types\/post"}],"author":[{"embeddable":true,"href":"https:\/\/www.mpal.mp.br\/index.php?rest_route=\/wp\/v2\/users\/2"}],"replies":[{"embeddable":true,"href":"https:\/\/www.mpal.mp.br\/index.php?rest_route=%2Fwp%2Fv2%2Fcomments&post=5488"}],"version-history":[{"count":2,"href":"https:\/\/www.mpal.mp.br\/index.php?rest_route=\/wp\/v2\/posts\/5488\/revisions"}],"predecessor-version":[{"id":5491,"href":"https:\/\/www.mpal.mp.br\/index.php?rest_route=\/wp\/v2\/posts\/5488\/revisions\/5491"}],"wp:featuredmedia":[{"embeddable":true,"href":"https:\/\/www.mpal.mp.br\/index.php?rest_route=\/wp\/v2\/media\/5489"}],"wp:attachment":[{"href":"https:\/\/www.mpal.mp.br\/index.php?rest_route=%2Fwp%2Fv2%2Fmedia&parent=5488"}],"wp:term":[{"taxonomy":"category","embeddable":true,"href":"https:\/\/www.mpal.mp.br\/index.php?rest_route=%2Fwp%2Fv2%2Fcategories&post=5488"},{"taxonomy":"post_tag","embeddable":true,"href":"https:\/\/www.mpal.mp.br\/index.php?rest_route=%2Fwp%2Fv2%2Ftags&post=5488"}],"curies":[{"name":"wp","href":"https:\/\/api.w.org\/{rel}","templated":true}]}}