{"id":5476,"date":"2021-12-17T12:40:23","date_gmt":"2021-12-17T15:40:23","guid":{"rendered":"https:\/\/www.mpal.mp.br\/?p=5476"},"modified":"2022-05-16T12:42:30","modified_gmt":"2022-05-16T15:42:30","slug":"pgj-em-exercicio-valter-acioly-assina-ordem-de-servico-e-promotorias-de-justica-de-penedo-terao-sede-propria","status":"publish","type":"post","link":"https:\/\/www.mpal.mp.br\/?p=5476","title":{"rendered":"PGJ em exerc\u00edcio, Valter Acioly  assina ordem de servi\u00e7o e promotorias de Justi\u00e7a de Penedo ter\u00e3o sede pr\u00f3pria"},"content":{"rendered":"<div class=\"fusion-fullwidth fullwidth-box fusion-builder-row-1 nonhundred-percent-fullwidth non-hundred-percent-height-scrolling\"  style='background-color: #ffffff;background-position: center center;background-repeat: no-repeat;padding-top:0px;padding-right:0px;padding-bottom:0px;padding-left:0px;'><div class=\"fusion-builder-row fusion-row \"><div  class=\"fusion-layout-column fusion_builder_column fusion_builder_column_1_1 fusion-builder-column-1 fusion-one-full fusion-column-first fusion-column-last 1_1\"  style='margin-top:0px;margin-bottom:20px;'>\n\t\t\t\t\t<div class=\"fusion-column-wrapper\" style=\"padding: 0px 0px 0px 0px;background-position:left top;background-repeat:no-repeat;-webkit-background-size:cover;-moz-background-size:cover;-o-background-size:cover;background-size:cover;\"   data-bg-url=\"\">\n\t\t\t\t\t\t<div class=\"fusion-text\"><p style=\"text-align: justify;\" align=\"justify\" data-raofz=\"14\">A quest\u00e3o \u00e9 continuar valorizando e proporcionando aos membros e servidores do Minist\u00e9rio P\u00fablico de Alagoas (MPAL) um local digno de trabalho e, obviamente, para a recep\u00e7\u00e3o de todo cidad\u00e3o penedense. E assim, o procurador-geral de Justi\u00e7a em exerc\u00edcio, Valter Jos\u00e9 de Omena Acioly, ladeado pelos promotores de Justi\u00e7a naturais, Sitael Jones Lemos, El\u00e1dio Estrela e Wesley Fernandes, tamb\u00e9m do diretor-geral da institui\u00e7\u00e3o, Carlos Eduardo \u00c0vila, assinou, com o prefeito de Penedo, Ronaldo Lopes e o engenheiro civil Jo\u00e3o Elias, nessa quarta-feira (16), a ordem de servi\u00e7o para a constru\u00e7\u00e3o do pr\u00e9dio-sede das Promotorias de Justi\u00e7a. A obra est\u00e1 or\u00e7ada em R$ 2 milh\u00f5es e cento e vinte mil reais.<\/p>\n<p style=\"text-align: justify;\" align=\"justify\" data-raofz=\"14\">Ter uma sede pr\u00f3pria \u00e9 um sonho antigo dos promotores que h\u00e1 tanto defendem a sociedade local. No momento, as promotorias funcionam em um pr\u00e9dio alugado e mais centralizado, por\u00e9m, anteriormente, eram acomodadas em um casar\u00e3o com escadaria e sem acessibilidade. A not\u00edcia foi bem aceita por todos.<\/p>\n<p style=\"text-align: justify;\" align=\"justify\" data-raofz=\"14\">O PGJ em exerc\u00edcio, Valter Acioly, em seu discurso, enfatizou que esse projeto j\u00e1 havia sido colocado como prioridade e que o momento \u00e9 de orgulho.<\/p>\n<p style=\"text-align: justify;\" align=\"justify\" data-raofz=\"14\">\u201cPosso afirmar que estamos todos de parab\u00e9ns, pois nesta manh\u00e3, aqui em Penedo, damos o pontap\u00e9 para um acolhimento a altura dos nossos colegas promotores de Justi\u00e7a que aqui trabalham, h\u00e1 tanto tempo, com compromisso, fazendo o bem, defendendo a sociedade penedense. A constru\u00e7\u00e3o da sede das promotorias era quest\u00e3o de honra para n\u00f3s, diante de anseios t\u00e3o antigos, sofrendo retardamento por conta da pandemia. Quero agradecer em nome da institui\u00e7\u00e3o ao prefeito que, entendendo a import\u00e2ncia do nosso trabalho, o valor do minist\u00e9rio p\u00fablico na vida de cada cidad\u00e3o, disp\u00f4s-se a ser parceiro com a doa\u00e7\u00e3o do terreno. Os promotores ter\u00e3o um local digno para desenvolver suas atividades e o povo de Penedo uma casa mais aconchegante para receb\u00ea-lo, com acessibilidade, e muito respeito\u201d, afirma o chefe ministerial em exerc\u00edcio.<\/p>\n<p style=\"text-align: justify;\" align=\"justify\" data-raofz=\"14\">Valter Acioly ainda parabenizou os colegas que atuam em Penedo e ressaltou que o Minist\u00e9rio P\u00fablico de Alagoas prima pelo di\u00e1logo e bom tratamento a todos.<\/p>\n<p style=\"text-align: justify;\" data-raofz=\"14\">\u201cA administra\u00e7\u00e3o atual tem-se consagrado pelas conquistas, solu\u00e7\u00e3o de conflitos sem confronto, com di\u00e1logo. Aqui temos um trabalho desempenho dos nossos colegas, esse novo MP tem sido de investimento para que a gente se inspire na constru\u00e7\u00e3o de uma sociedade sem preconceito ou discrimina\u00e7\u00e3o. O MP investe numa nova esfera, onde quem dele precise seja sempre acolhido da melhor forma. Agradecemos aos colegas pelo grande trabalho desenvolvido em Penedo\u201d, concluiu.<\/p>\n<p style=\"text-align: justify;\" align=\"justify\" data-raofz=\"14\">O prefeito de Penedo, Ronaldo Lopes, mostrou-se satisfeito em firmar parceria, reconhecendo a import\u00e2ncia do trabalho do Minist\u00e9rio P\u00fablico.<\/p>\n<p style=\"text-align: justify;\" align=\"justify\" data-raofz=\"14\">\u201cColocamos \u00e0 disposi\u00e7\u00e3o uma \u00e1rea considerada boa para as instala\u00e7\u00f5es do MP, foi avaliado o terreno, considerado adequado, e em seguida enviamos o projeto \u00e0 C\u00e2mara de Vereadores, onde foi aprovado por unanimidade. Os tr\u00e2mites continuaram no cart\u00f3rio e hoje recebemos a grata surpresa da ordem de servi\u00e7o sendo dada e assinada pelo doutor Valter, agora procurador-geral substituto. O Minist\u00e9rio P\u00fablico j\u00e1 est\u00e3o aqui h\u00e1 muito tempo, mas como diz o amigo Francisco Guerra nunca teve um local adequado, no momento est\u00e1 numa casa maior mas que n\u00e3o oferece condi\u00e7\u00f5es reais para a import\u00e2ncia da institui\u00e7\u00e3o. Temos o Minist\u00e9rio P\u00fablico como um parceiro que nos orienta e sempre procuramos atender suas recomenda\u00e7\u00f5es, orienta\u00e7\u00f5es e com esse novo pr\u00e9dio ganha o povo penedense\u201d, declara o prefeito Ronaldo Lopes.<\/p>\n<p style=\"text-align: justify;\" align=\"justify\" data-raofz=\"14\">O coordenador das Promotorias de Justi\u00e7a de Penedo, promotor de Justi\u00e7a Sitael Jones, discursou emocionado e agradeceu pelo atendimento da Procuradoria-Geral de Justi\u00e7a aos anseios dos membros que atuam em Penedo.<\/p>\n<p style=\"text-align: justify;\" align=\"justify\" data-raofz=\"14\">\u201cQuero externar meu agradecimento como promotor da 4<sup>a<\/sup>\u00a0Vara, desde 2005, ao gestor municipal doutor Ronaldo Lopes, pela parceria que aqui demonstrou ter sido estabelecida em prol da sociedade local, no ato de assinatura da ordem de servi\u00e7o para a constru\u00e7\u00e3o da nossa sede. Esta era uma not\u00edcia aguardada com muita expectativa pela fam\u00edlia que integra o Minist\u00e9rio P\u00fablico nesta Comarca e pelo povo penedense. Deixo aqui registrado o nosso compromisso renovado de sempre buscar promover a cidadania daqueles que nos procuram, dirigem-se \u00e0s nossas promotorias em prol dos seus direitos e suas leg\u00edtimas necessidades\u201d.<\/p>\n<p style=\"text-align: justify;\" align=\"justify\" data-raofz=\"14\">Quem tamb\u00e9m se pronunciou, representando o Poder Legislativo Municipal, foi o vereador Irm\u00e3o Jo\u00e3o (Jo\u00e3o Ferreira da Silva).<\/p>\n<p style=\"text-align: justify;\" data-raofz=\"14\">\u201c\u00c9 uma honra participar desse evento e ser representante do Legislativo que aprovou esse projeto que permitira ao MP ter sua sede pr\u00f3pria. Estaremos sempre juntos pensando no bem- estar e na garantia dos direitos do nosso povo\u201d, afirmou o vereador.<\/p>\n<p style=\"text-align: justify;\" align=\"justify\" data-raofz=\"14\">Participaram da solenidade como convidados, o procurador de justi\u00e7a, M\u00e1rcio Roberto Ten\u00f3rio de Albuquerque, os procuradores municipais, Francisco Sousa Guerra, Diego Le\u00e3o da Fonseca e Sheyla Ferraz de Menezes Farias, al\u00e9m do chefe de gabinete, advogado Alfredo Jos\u00e9 Pereira e o vereador Irm\u00e3o Jo\u00e3o (Jo\u00e3o Ferreira da Silva).<\/p>\n<\/div><div class=\"fusion-clearfix\"><\/div>\n\n\t\t\t\t\t<\/div>\n\t\t\t\t<\/div><\/div><\/div>\n","protected":false},"excerpt":{"rendered":"","protected":false},"author":2,"featured_media":5477,"comment_status":"open","ping_status":"open","sticky":false,"template":"","format":"standard","meta":{"om_disable_all_campaigns":false,"_monsterinsights_skip_tracking":false,"_monsterinsights_sitenote_active":false,"_monsterinsights_sitenote_note":"","_monsterinsights_sitenote_category":0,"_uf_show_specific_survey":0,"_uf_disable_surveys":false,"footnotes":""},"categories":[2],"tags":[],"class_list":["post-5476","post","type-post","status-publish","format-standard","has-post-thumbnail","hentry","category-not_mpal"],"aioseo_notices":[],"_links":{"self":[{"href":"https:\/\/www.mpal.mp.br\/index.php?rest_route=\/wp\/v2\/posts\/5476","targetHints":{"allow":["GET"]}}],"collection":[{"href":"https:\/\/www.mpal.mp.br\/index.php?rest_route=\/wp\/v2\/posts"}],"about":[{"href":"https:\/\/www.mpal.mp.br\/index.php?rest_route=\/wp\/v2\/types\/post"}],"author":[{"embeddable":true,"href":"https:\/\/www.mpal.mp.br\/index.php?rest_route=\/wp\/v2\/users\/2"}],"replies":[{"embeddable":true,"href":"https:\/\/www.mpal.mp.br\/index.php?rest_route=%2Fwp%2Fv2%2Fcomments&post=5476"}],"version-history":[{"count":2,"href":"https:\/\/www.mpal.mp.br\/index.php?rest_route=\/wp\/v2\/posts\/5476\/revisions"}],"predecessor-version":[{"id":5479,"href":"https:\/\/www.mpal.mp.br\/index.php?rest_route=\/wp\/v2\/posts\/5476\/revisions\/5479"}],"wp:featuredmedia":[{"embeddable":true,"href":"https:\/\/www.mpal.mp.br\/index.php?rest_route=\/wp\/v2\/media\/5477"}],"wp:attachment":[{"href":"https:\/\/www.mpal.mp.br\/index.php?rest_route=%2Fwp%2Fv2%2Fmedia&parent=5476"}],"wp:term":[{"taxonomy":"category","embeddable":true,"href":"https:\/\/www.mpal.mp.br\/index.php?rest_route=%2Fwp%2Fv2%2Fcategories&post=5476"},{"taxonomy":"post_tag","embeddable":true,"href":"https:\/\/www.mpal.mp.br\/index.php?rest_route=%2Fwp%2Fv2%2Ftags&post=5476"}],"curies":[{"name":"wp","href":"https:\/\/api.w.org\/{rel}","templated":true}]}}