{"id":5465,"date":"2022-04-25T08:20:38","date_gmt":"2022-04-25T11:20:38","guid":{"rendered":"https:\/\/www.mpal.mp.br\/?p=5465"},"modified":"2022-05-16T08:25:04","modified_gmt":"2022-05-16T11:25:04","slug":"chefia-do-mpal-pjg-marcio-roberto-tomara-posse-na-proxima-quinta-feira-28-2","status":"publish","type":"post","link":"https:\/\/www.mpal.mp.br\/?p=5465","title":{"rendered":"Chefia do MPAL: PJG M\u00e1rcio Roberto tomar\u00e1 posse na pr\u00f3xima quinta-feira (28)"},"content":{"rendered":"<div class=\"fusion-fullwidth fullwidth-box fusion-builder-row-1 nonhundred-percent-fullwidth non-hundred-percent-height-scrolling\"  style='background-color: #ffffff;background-position: center center;background-repeat: no-repeat;padding-top:0px;padding-right:0px;padding-bottom:0px;padding-left:0px;'><div class=\"fusion-builder-row fusion-row \"><div  class=\"fusion-layout-column fusion_builder_column fusion_builder_column_1_1 fusion-builder-column-1 fusion-one-full fusion-column-first fusion-column-last 1_1\"  style='margin-top:0px;margin-bottom:20px;'>\n\t\t\t\t\t<div class=\"fusion-column-wrapper\" style=\"padding: 0px 0px 0px 0px;background-position:left top;background-repeat:no-repeat;-webkit-background-size:cover;-moz-background-size:cover;-o-background-size:cover;background-size:cover;\"   data-bg-url=\"\">\n\t\t\t\t\t\t<div class=\"fusion-text\"><p style=\"text-align: justify;\" data-raofz=\"14\"><span style=\"font-size: 14pt;\">O procurador-geral de Justi\u00e7a, M\u00e1rcio Roberto Ten\u00f3rio de Albuquerque, ser\u00e1 reconduzido \u00e0 chefia do Minist\u00e9rio P\u00fablico do Estado de Alagoas, na pr\u00f3xima quinta-feira (28), numa solenidade que ocorrer\u00e1 no audit\u00f3rio Virg\u00ednio Loureiro, situado no Centro Cultural e de Conven\u00e7\u00f5es Ruth Cardoso, em Macei\u00f3. A cerim\u00f4nia de posse, marcada para \u00e0s 19h, dever\u00e1 contar com a presen\u00e7a de autoridades alagoanas e de outros estados, al\u00e9m de membros do Conselho Nacional do Minist\u00e9rio P\u00fablico (CNMP).<\/span><\/p>\n<p style=\"text-align: justify;\" data-raofz=\"14\"><span style=\"font-size: 14pt;\">M\u00e1rcio Roberto Ten\u00f3rio de Albuquerque tomar\u00e1 novamente posse no cargo de procurador-geral de Justi\u00e7a para comandar os destinos do Minist\u00e9rio P\u00fablico para o bi\u00eanio 2022\/2024. Durante a solenidade, o PGJ dever\u00e1 fazer um balan\u00e7o da atual gest\u00e3o, destacando sua atua\u00e7\u00e3o na chefia da institui\u00e7\u00e3o, os investimentos feitos entre os anos de 2020 e 2022 e o que ele tem planejado para o novo per\u00edodo que ora se inicia: \u201cForam dois anos desafiadores, diante de um per\u00edodo pand\u00eamico que exigiu muito do Minist\u00e9rio P\u00fablico. Criamos uma for\u00e7a-tarefa para enfrentar a pandemia da Covid-19, fiscalizamos os gastos p\u00fablicos, salvaguardamos direitos sociais e combatemos o crime e a corrup\u00e7\u00e3o. Para al\u00e9m disso, implantamos melhorias salariais para membros e servidores e investimentos mais de R$ 12 milh\u00f5es em reformas, constru\u00e7\u00f5es e aquisi\u00e7\u00e3o de equipamentos de inform\u00e1tica, de comunica\u00e7\u00e3o e mobili\u00e1rio\u201d, detalhou ele.<\/span><\/p>\n<p style=\"text-align: justify;\" data-raofz=\"14\"><span style=\"font-size: 14pt;\">\u201cAinda h\u00e1 muito o que se fazer, mas, com vontade, determina\u00e7\u00e3o e muito trabalho, seguiremos avan\u00e7ando na busca de oferecer um Minist\u00e9rio P\u00fablico melhor para procuradores de Justi\u00e7a, promotores de Justi\u00e7a, servidores e, especialmente, para a popula\u00e7\u00e3o, principal destinat\u00e1ria dos nossos servi\u00e7os\u201d, acrescentou ele.<\/span><\/p>\n<p style=\"text-align: justify;\" data-raofz=\"14\"><span style=\"font-size: 14pt;\">Entre 2017 e 2020, antes de assumir a chefia do MPAL, M\u00e1rcio Roberto Ten\u00f3rio de Albuquerque ocupou o cargo de subprocurador-geral administrativo institucional, compondo a administra\u00e7\u00e3o superior daquele per\u00edodo. Em abril de 2020, candidatou-se para a chefia da institui\u00e7\u00e3o, tendo conquistado a maioria dos votos, o que o levou ao comando do Minist\u00e9rio P\u00fablico desde ent\u00e3o.<\/span><\/p>\n<\/div><div class=\"fusion-clearfix\"><\/div>\n\n\t\t\t\t\t<\/div>\n\t\t\t\t<\/div><\/div><\/div>\n","protected":false},"excerpt":{"rendered":"","protected":false},"author":2,"featured_media":5466,"comment_status":"open","ping_status":"open","sticky":false,"template":"","format":"standard","meta":{"om_disable_all_campaigns":false,"_monsterinsights_skip_tracking":false,"_monsterinsights_sitenote_active":false,"_monsterinsights_sitenote_note":"","_monsterinsights_sitenote_category":0,"_uf_show_specific_survey":0,"_uf_disable_surveys":false,"footnotes":""},"categories":[2],"tags":[],"class_list":["post-5465","post","type-post","status-publish","format-standard","has-post-thumbnail","hentry","category-not_mpal"],"aioseo_notices":[],"_links":{"self":[{"href":"https:\/\/www.mpal.mp.br\/index.php?rest_route=\/wp\/v2\/posts\/5465","targetHints":{"allow":["GET"]}}],"collection":[{"href":"https:\/\/www.mpal.mp.br\/index.php?rest_route=\/wp\/v2\/posts"}],"about":[{"href":"https:\/\/www.mpal.mp.br\/index.php?rest_route=\/wp\/v2\/types\/post"}],"author":[{"embeddable":true,"href":"https:\/\/www.mpal.mp.br\/index.php?rest_route=\/wp\/v2\/users\/2"}],"replies":[{"embeddable":true,"href":"https:\/\/www.mpal.mp.br\/index.php?rest_route=%2Fwp%2Fv2%2Fcomments&post=5465"}],"version-history":[{"count":2,"href":"https:\/\/www.mpal.mp.br\/index.php?rest_route=\/wp\/v2\/posts\/5465\/revisions"}],"predecessor-version":[{"id":5468,"href":"https:\/\/www.mpal.mp.br\/index.php?rest_route=\/wp\/v2\/posts\/5465\/revisions\/5468"}],"wp:featuredmedia":[{"embeddable":true,"href":"https:\/\/www.mpal.mp.br\/index.php?rest_route=\/wp\/v2\/media\/5466"}],"wp:attachment":[{"href":"https:\/\/www.mpal.mp.br\/index.php?rest_route=%2Fwp%2Fv2%2Fmedia&parent=5465"}],"wp:term":[{"taxonomy":"category","embeddable":true,"href":"https:\/\/www.mpal.mp.br\/index.php?rest_route=%2Fwp%2Fv2%2Fcategories&post=5465"},{"taxonomy":"post_tag","embeddable":true,"href":"https:\/\/www.mpal.mp.br\/index.php?rest_route=%2Fwp%2Fv2%2Ftags&post=5465"}],"curies":[{"name":"wp","href":"https:\/\/api.w.org\/{rel}","templated":true}]}}