{"id":54501,"date":"2025-04-02T14:03:35","date_gmt":"2025-04-02T17:03:35","guid":{"rendered":"https:\/\/www.mpal.mp.br\/?p=54501"},"modified":"2025-08-20T11:52:34","modified_gmt":"2025-08-20T14:52:34","slug":"corregedoria-geral-do-mpal-fara-inspecoes-em-16-promotorias-de-justica-neste-mes-de-abril","status":"publish","type":"post","link":"https:\/\/www.mpal.mp.br\/?p=54501","title":{"rendered":"Corregedoria-Geral do MPAL far\u00e1 inspe\u00e7\u00f5es em 16 promotorias de Justi\u00e7a neste m\u00eas de abril"},"content":{"rendered":"<p style=\"text-align: justify;\" align=\"justify\"><span style=\"color: #000000; font-family: helvetica, arial, sans-serif; font-size: 10pt;\">A Corregedoria-Geral (CG) do Minist\u00e9rio P\u00fablico do Estado de Alagoas (MPAL) dar\u00e1, neste m\u00eas de abril, seguimento ao calend\u00e1rio das correi\u00e7\u00f5es ordin\u00e1rias deste ano de 2025. Elas acontecer\u00e3o entre os dias 1 e 30 em promotorias de Justi\u00e7a (PJ) da capital e do interior. <\/span><\/p>\n<p style=\"text-align: justify;\" align=\"justify\"><span style=\"color: #000000; font-family: helvetica, arial, sans-serif; font-size: 10pt;\">Esse cronograma de atividades foi definido ainda em janeiro, durante reuni\u00e3o realizada pelo corregedor-geral do MPAL, Eduardo Tavares, e pela corregedora-geral substituta, Neide Camelo, que exercer\u00e3o os respectivos cargos durante o bi\u00eanio 2025 e 2026. <\/span><\/p>\n<p style=\"text-align: justify;\" align=\"justify\"><span style=\"color: #000000; font-family: helvetica, arial, sans-serif; font-size: 10pt;\">\u201cNeste m\u00eas de abril, o trabalho correcional vai envolver inspe\u00e7\u00f5es em 16 promotorias de Justi\u00e7a, tanto em Macei\u00f3, quanto no interior, envolvendo munic\u00edpios da zona da mata, agreste a regi\u00e3o metropolitana. Ressaltamos que essa \u00e9 uma atividade de fiscaliza\u00e7\u00e3o e de orienta\u00e7\u00e3o que leva em conta objetivos, metas e indicadores visando a an\u00e1lise da atua\u00e7\u00e3o resolutiva dos membros do Minist\u00e9rio P\u00fablico e sua efic\u00e1cia social\u201d, explicou Eduardo Tavares.<\/span><\/p>\n<p style=\"text-align: justify;\" align=\"justify\"><span style=\"font-family: helvetica, arial, sans-serif; font-size: 10pt;\"><span style=\"color: #000000;\">O corregedor-geral do Minist\u00e9rio P\u00fablico <\/span><span style=\"color: #000000;\">tamb\u00e9m chamou aten\u00e7\u00e3o para o fato de que a Corregedoria n\u00e3o deve ser <\/span><span style=\"color: #000000;\">vist<\/span><span style=\"color: #000000;\">a<\/span><span style=\"color: #000000;\"> como um canal <\/span><span style=\"color: #000000;\">de puni\u00e7\u00e3o, mas, sim, de<\/span> <span style=\"color: #000000;\">di\u00e1logo <\/span><span style=\"color: #000000;\">constante <\/span><span style=\"color: #000000;\">entre promotores de Justi\u00e7a e <\/span><span style=\"color: #000000;\">a Procuradoria-Geral de Justi\u00e7a.<\/span><\/span><\/p>\n<p style=\"text-align: justify;\" align=\"justify\"><span style=\"font-family: helvetica, arial, sans-serif; font-size: 10pt;\"><strong><span style=\"color: #000000;\"><b>Visitas de cortesias e correi\u00e7\u00f5es<\/b><\/span><\/strong><\/span><\/p>\n<p style=\"text-align: justify;\" align=\"justify\"><span style=\"color: #000000; font-family: helvetica, arial, sans-serif; font-size: 10pt;\">O cronograma de atividades da CG teve in\u00edcio em fevereiro \u00faltimo com visitas de cortesias que ocorreram nas comarcas de Arapiraca, Palmeira dos \u00cdndios, Rio Largo, Uni\u00e3o dos Palmares, S\u00e3o Miguel dos Campos, Coruripe, Penedo, Santana do Ipanema e Delmiro Gouveia, al\u00e9m de algumas PJs da capital. <\/span><\/p>\n<p style=\"text-align: justify;\" align=\"justify\"><span style=\"color: #000000; font-family: helvetica, arial, sans-serif; font-size: 10pt;\">J\u00e1 as correi\u00e7\u00f5es foram iniciadas em mar\u00e7o em promotorias de Justi\u00e7a de Arapiraca, Rio Largo e Pia\u00e7abu\u00e7u. <\/span><\/p>\n<p style=\"text-align: justify;\"><span style=\"color: #000000; font-family: helvetica, arial, sans-serif; font-size: 10pt;\">Confira abaixo o calend\u00e1rio completo das correi\u00e7\u00f5es de abril:<\/span><\/p>\n<p style=\"text-align: justify;\"><span style=\"font-family: helvetica, arial, sans-serif; font-size: 10pt;\">07\u00aa PJ de Arapiraca &#8211; 01\/04<\/span><\/p>\n<p style=\"text-align: justify;\"><span style=\"font-family: helvetica, arial, sans-serif; font-size: 10pt;\">08\u00aa PJ de Arapiraca &#8211; 01\/04<\/span><\/p>\n<p style=\"text-align: justify;\"><span style=\"font-family: helvetica, arial, sans-serif; font-size: 10pt;\">10\u00aa PJ de Arapiraca &#8211; 01\/04<\/span><\/p>\n<p style=\"text-align: justify;\"><span style=\"font-family: helvetica, arial, sans-serif; font-size: 10pt;\">11\u00aa PJ de Arapiraca &#8211; 01\/04<\/span><\/p>\n<p style=\"text-align: justify;\"><span style=\"font-family: helvetica, arial, sans-serif; font-size: 10pt;\">1\u00aa PJ de Atalaia &#8211; 08\/04<\/span><\/p>\n<p style=\"text-align: justify;\"><span style=\"font-family: helvetica, arial, sans-serif; font-size: 10pt;\">2\u00aa PJ de Atalaia &#8211; 08\/04<\/span><\/p>\n<p style=\"text-align: justify;\"><span style=\"font-family: helvetica, arial, sans-serif; font-size: 10pt;\">31\u00aa PJ da Capital &#8211; 11\/04<\/span><\/p>\n<p style=\"text-align: justify;\"><span style=\"font-family: helvetica, arial, sans-serif; font-size: 10pt;\">32\u00aa PJ da Capital &#8211; 11\/04<\/span><\/p>\n<p style=\"text-align: justify;\"><span style=\"font-family: helvetica, arial, sans-serif; font-size: 10pt;\">01\u00aa PJ de S\u00e3o Miguel dos Campos &#8211; 22\/04<\/span><\/p>\n<p style=\"text-align: justify;\"><span style=\"font-family: helvetica, arial, sans-serif; font-size: 10pt;\">02\u00aa PJ de S\u00e3o Miguel dos Campos &#8211; 22\/04<\/span><\/p>\n<p style=\"text-align: justify;\"><span style=\"font-family: helvetica, arial, sans-serif; font-size: 10pt;\">03\u00aa PJ de S\u00e3o Miguel dos Campos &#8211; 22\/04<\/span><\/p>\n<p style=\"text-align: justify;\"><span style=\"font-family: helvetica, arial, sans-serif; font-size: 10pt;\">05\u00aa PJ de S\u00e3o Miguel dos Campos &#8211; 22\/04<\/span><\/p>\n<p style=\"text-align: justify;\"><span style=\"font-family: helvetica, arial, sans-serif; font-size: 10pt;\">01\u00aa PJ de Penedo &#8211; 30\/04<\/span><\/p>\n<p style=\"text-align: justify;\"><span style=\"font-family: helvetica, arial, sans-serif; font-size: 10pt;\">04\u00aa PJ de Penedo &#8211; 30\/04<\/span><\/p>\n<p style=\"text-align: justify;\"><span style=\"font-family: helvetica, arial, sans-serif; font-size: 10pt;\">06\u00aa PJ de Penedo &#8211; 30\/04<\/span><\/p>\n<p style=\"text-align: justify;\"><span style=\"font-family: helvetica, arial, sans-serif; font-size: 10pt;\">PJ de Pia\u00e7abu\u00e7u &#8211; 30\/04<\/span><\/p>\n","protected":false},"excerpt":{"rendered":"<p> [&hellip;]<\/p>\n","protected":false},"author":17,"featured_media":54503,"comment_status":"closed","ping_status":"closed","sticky":false,"template":"","format":"standard","meta":{"om_disable_all_campaigns":false,"_monsterinsights_skip_tracking":false,"_monsterinsights_sitenote_active":false,"_monsterinsights_sitenote_note":"","_monsterinsights_sitenote_category":0,"_uf_show_specific_survey":0,"_uf_disable_surveys":false,"footnotes":""},"categories":[48],"tags":[],"class_list":["post-54501","post","type-post","status-publish","format-standard","has-post-thumbnail","hentry","category-not_corregedoria"],"aioseo_notices":[],"_links":{"self":[{"href":"https:\/\/www.mpal.mp.br\/index.php?rest_route=\/wp\/v2\/posts\/54501","targetHints":{"allow":["GET"]}}],"collection":[{"href":"https:\/\/www.mpal.mp.br\/index.php?rest_route=\/wp\/v2\/posts"}],"about":[{"href":"https:\/\/www.mpal.mp.br\/index.php?rest_route=\/wp\/v2\/types\/post"}],"author":[{"embeddable":true,"href":"https:\/\/www.mpal.mp.br\/index.php?rest_route=\/wp\/v2\/users\/17"}],"replies":[{"embeddable":true,"href":"https:\/\/www.mpal.mp.br\/index.php?rest_route=%2Fwp%2Fv2%2Fcomments&post=54501"}],"version-history":[{"count":1,"href":"https:\/\/www.mpal.mp.br\/index.php?rest_route=\/wp\/v2\/posts\/54501\/revisions"}],"predecessor-version":[{"id":54502,"href":"https:\/\/www.mpal.mp.br\/index.php?rest_route=\/wp\/v2\/posts\/54501\/revisions\/54502"}],"wp:featuredmedia":[{"embeddable":true,"href":"https:\/\/www.mpal.mp.br\/index.php?rest_route=\/wp\/v2\/media\/54503"}],"wp:attachment":[{"href":"https:\/\/www.mpal.mp.br\/index.php?rest_route=%2Fwp%2Fv2%2Fmedia&parent=54501"}],"wp:term":[{"taxonomy":"category","embeddable":true,"href":"https:\/\/www.mpal.mp.br\/index.php?rest_route=%2Fwp%2Fv2%2Fcategories&post=54501"},{"taxonomy":"post_tag","embeddable":true,"href":"https:\/\/www.mpal.mp.br\/index.php?rest_route=%2Fwp%2Fv2%2Ftags&post=54501"}],"curies":[{"name":"wp","href":"https:\/\/api.w.org\/{rel}","templated":true}]}}