{"id":5450,"date":"2022-05-06T08:07:20","date_gmt":"2022-05-06T11:07:20","guid":{"rendered":"https:\/\/www.mpal.mp.br\/?p=5450"},"modified":"2022-05-16T08:10:31","modified_gmt":"2022-05-16T11:10:31","slug":"ministerio-publico-cobra-da-prefeitura-de-rio-largo-informacoes-sobre-contrato-e-aumento-de-tarifa-intermunicipal","status":"publish","type":"post","link":"https:\/\/www.mpal.mp.br\/?p=5450","title":{"rendered":"Minist\u00e9rio P\u00fablico cobra da Prefeitura de Rio Largo informa\u00e7\u00f5es sobre contrato e aumento de tarifa intermunicipal"},"content":{"rendered":"<div class=\"fusion-fullwidth fullwidth-box fusion-builder-row-1 nonhundred-percent-fullwidth non-hundred-percent-height-scrolling\"  style='background-color: #ffffff;background-position: center center;background-repeat: no-repeat;padding-top:0px;padding-right:0px;padding-bottom:0px;padding-left:0px;'><div class=\"fusion-builder-row fusion-row \"><div  class=\"fusion-layout-column fusion_builder_column fusion_builder_column_1_1 fusion-builder-column-1 fusion-one-full fusion-column-first fusion-column-last 1_1\"  style='margin-top:0px;margin-bottom:20px;'>\n\t\t\t\t\t<div class=\"fusion-column-wrapper\" style=\"padding: 0px 0px 0px 0px;background-position:left top;background-repeat:no-repeat;-webkit-background-size:cover;-moz-background-size:cover;-o-background-size:cover;background-size:cover;\"   data-bg-url=\"\">\n\t\t\t\t\t\t<div class=\"fusion-text\"><p class=\"western\" style=\"text-align: justify;\" align=\"justify\" data-raofz=\"14\"><span style=\"font-size: 14pt;\">Tido como ilegal pela Ag\u00eancia Reguladora de Servi\u00e7os P\u00fablicos do Estado de Alagoas (Arsal), o aumento das tarifas referentes ao transporte intermunicipal de Rio Largo tamb\u00e9m est\u00e1 sob o olhar do Minist\u00e9rio P\u00fablico Estadual (MPAL) que, por meio da 2\u00aa Promotoria de Justi\u00e7a da Comarca, instaurou procedimento e oficiou a Prefeitura Municipal para esclarecimentos. A promotora de Justi\u00e7a substituta, Cintia Calumby, requereu\u00a0explica\u00e7\u00f5es detalhadas do chefe do Poder Executivo.<\/span><\/p>\n<p class=\"western\" style=\"text-align: justify;\" align=\"justify\" data-raofz=\"14\"><span style=\"font-size: 14pt;\" data-raofz=\"14\">A representante ministerial solicitou que a Prefeitura de Rio Largo envie c\u00f3pia do contrato de concess\u00e3o pactuado entre o Munic\u00edpio e a empresa Veleiro.<\/span><\/p>\n<p class=\"western\" style=\"text-align: justify;\" align=\"justify\" data-raofz=\"14\"><span style=\"font-size: 14pt;\">\u201cO pedido \u00e9 para que a prefeitura nos envie as informa\u00e7\u00f5es necess\u00e1rias sobre o aumento da tarifa intermunicipal que ocorreu a partir do dia 9 de abril, surpreendendo a todos os usu\u00e1rios. Al\u00e9m do mais, o Minist\u00e9rio P\u00fablico, nos termos dos artigos 9 e 18 da Lei 12.587\/2012, requereu\u00a0a c\u00f3pia do contrato com a empresa que faz as linhas na cidade para entender em que se basearam. Segundo a Arsal \u00e9 uma medida il\u00edcita e somos o \u00f3rg\u00e3o fiscalizador em defesa dos direitos do cidad\u00e3o, precisamos de respostas\u201d, afirma a promotora Cintia Calumby.<\/span><\/p>\n<p class=\"western\" style=\"text-align: justify;\" align=\"justify\" data-raofz=\"14\"><span style=\"font-size: 14pt;\">A promotora Cintia Calumby, solicitou c\u00f3pia do ato e dos fundamentos que embasaram o aumento e requereu\u00a0que o Munic\u00edpio se pronuncie tomando como base os par\u00e1grafos 7.\u00ba\u00a0e 12.\u00ba, do artigo 9.\u00ba, da\u00a0Lei 12.587\/12, conhecida como Lei da Mobilidade Urbana\u00a0que, respectivamente, afirmam ser compet\u00eancia do poder p\u00fablico delegar a fixa\u00e7\u00e3o, o reajuste e a revis\u00e3o da tarifa de remunera\u00e7\u00e3o da presta\u00e7\u00e3o do servi\u00e7o e da tarifa p\u00fablica a ser cobrada do usu\u00e1rio, mas que o poder p\u00fablico poder\u00e1, em car\u00e1ter excepcional e desde que observado o interesse p\u00fablico, proceder \u00e0 revis\u00e3o extraordin\u00e1ria das tarifas, por ato de of\u00edcio ou mediante provoca\u00e7\u00e3o da empresa, caso em que esta dever\u00e1 demonstrar sua cabal necessidade, instruindo o requerimento com todos os elementos indispens\u00e1veis e suficientes para subsidiar a decis\u00e3o, dando publicidade ao ato.<\/span><\/p>\n<p class=\"western\" style=\"text-align: justify;\" align=\"justify\" data-raofz=\"14\"><span style=\"font-size: 14pt;\" data-raofz=\"14\">Os mun\u00edcipes pagavam R$ 4,00 ou R$ 4,70 at\u00e9 o dia 8 de abril de 2022, e passaram a desembolsar at\u00e9 R$ 6,00 no dia seguinte sem qualquer comunica\u00e7\u00e3o feita pela Prefeitura.<\/span><\/p>\n<\/div><div class=\"fusion-clearfix\"><\/div>\n\n\t\t\t\t\t<\/div>\n\t\t\t\t<\/div><\/div><\/div>\n","protected":false},"excerpt":{"rendered":"","protected":false},"author":2,"featured_media":3993,"comment_status":"open","ping_status":"open","sticky":false,"template":"","format":"standard","meta":{"om_disable_all_campaigns":false,"_monsterinsights_skip_tracking":false,"_monsterinsights_sitenote_active":false,"_monsterinsights_sitenote_note":"","_monsterinsights_sitenote_category":0,"_uf_show_specific_survey":0,"_uf_disable_surveys":false,"footnotes":""},"categories":[2],"tags":[],"class_list":["post-5450","post","type-post","status-publish","format-standard","has-post-thumbnail","hentry","category-not_mpal"],"aioseo_notices":[],"_links":{"self":[{"href":"https:\/\/www.mpal.mp.br\/index.php?rest_route=\/wp\/v2\/posts\/5450","targetHints":{"allow":["GET"]}}],"collection":[{"href":"https:\/\/www.mpal.mp.br\/index.php?rest_route=\/wp\/v2\/posts"}],"about":[{"href":"https:\/\/www.mpal.mp.br\/index.php?rest_route=\/wp\/v2\/types\/post"}],"author":[{"embeddable":true,"href":"https:\/\/www.mpal.mp.br\/index.php?rest_route=\/wp\/v2\/users\/2"}],"replies":[{"embeddable":true,"href":"https:\/\/www.mpal.mp.br\/index.php?rest_route=%2Fwp%2Fv2%2Fcomments&post=5450"}],"version-history":[{"count":2,"href":"https:\/\/www.mpal.mp.br\/index.php?rest_route=\/wp\/v2\/posts\/5450\/revisions"}],"predecessor-version":[{"id":5452,"href":"https:\/\/www.mpal.mp.br\/index.php?rest_route=\/wp\/v2\/posts\/5450\/revisions\/5452"}],"wp:featuredmedia":[{"embeddable":true,"href":"https:\/\/www.mpal.mp.br\/index.php?rest_route=\/wp\/v2\/media\/3993"}],"wp:attachment":[{"href":"https:\/\/www.mpal.mp.br\/index.php?rest_route=%2Fwp%2Fv2%2Fmedia&parent=5450"}],"wp:term":[{"taxonomy":"category","embeddable":true,"href":"https:\/\/www.mpal.mp.br\/index.php?rest_route=%2Fwp%2Fv2%2Fcategories&post=5450"},{"taxonomy":"post_tag","embeddable":true,"href":"https:\/\/www.mpal.mp.br\/index.php?rest_route=%2Fwp%2Fv2%2Ftags&post=5450"}],"curies":[{"name":"wp","href":"https:\/\/api.w.org\/{rel}","templated":true}]}}