{"id":5446,"date":"2022-05-06T08:02:08","date_gmt":"2022-05-06T11:02:08","guid":{"rendered":"https:\/\/www.mpal.mp.br\/?p=5446"},"modified":"2022-05-16T08:03:35","modified_gmt":"2022-05-16T11:03:35","slug":"condenado-atuacao-do-mp-convence-conselho-de-sentenca-e-homicida-tem-pena-de-mais-de-26-anos-de-prisao","status":"publish","type":"post","link":"https:\/\/www.mpal.mp.br\/?p=5446","title":{"rendered":"Condenado: atua\u00e7\u00e3o do MP convence conselho de senten\u00e7a e homicida tem pena de mais de 26 anos de pris\u00e3o"},"content":{"rendered":"<div class=\"fusion-fullwidth fullwidth-box fusion-builder-row-1 nonhundred-percent-fullwidth non-hundred-percent-height-scrolling\"  style='background-color: #ffffff;background-position: center center;background-repeat: no-repeat;padding-top:0px;padding-right:0px;padding-bottom:0px;padding-left:0px;'><div class=\"fusion-builder-row fusion-row \"><div  class=\"fusion-layout-column fusion_builder_column fusion_builder_column_1_1 fusion-builder-column-1 fusion-one-full fusion-column-first fusion-column-last 1_1\"  style='margin-top:0px;margin-bottom:20px;'>\n\t\t\t\t\t<div class=\"fusion-column-wrapper\" style=\"padding: 0px 0px 0px 0px;background-position:left top;background-repeat:no-repeat;-webkit-background-size:cover;-moz-background-size:cover;-o-background-size:cover;background-size:cover;\"   data-bg-url=\"\">\n\t\t\t\t\t\t<div class=\"fusion-text\"><p class=\"western\" style=\"text-align: justify;\" align=\"justify\" data-raofz=\"14\"><span style=\"font-size: 14pt;\">Motivo f\u00fatil, meio cruel e que dificultou a defesa da v\u00edtima foram as qualificadoras apontadas pelo Minist\u00e9rio P\u00fablico de Alagoas (MPAL) pedindo a condena\u00e7\u00e3o de Maciel de Oliveira, de vulgo \u201c<span lang=\"pt-BR\" data-raofz=\"16\">Minho<\/span>\u201d, autor de homic\u00eddio, ocorrido em Macei\u00f3, tendo como v\u00edtima Edvaldo Flor da Silva, conhecido como \u201cChina\u201d. A promotora de Justi\u00e7a Adilza Freitas evidenciou a frieza e a premedita\u00e7\u00e3o para a\u00a0<span lang=\"pt-BR\" data-raofz=\"16\">execu\u00e7\u00e3o<\/span>\u00a0do crime, sustenta\u00e7\u00e3o que levou, nesta quinta-feira (5), em j\u00fari no F\u00f3rum desembargador Jairon Maia Fernandes, o r\u00e9u a 26 anos, seis meses e sete dias de reclus\u00e3o em regime fechado.<\/span><\/p>\n<p class=\"western\" style=\"text-align: justify;\" align=\"justify\" data-raofz=\"14\"><span style=\"font-size: 14pt;\" data-raofz=\"14\">Adilza Freitas sustentou como agravantes a frieza e a celeridade com as quais \u201cMinho\u201d planejou e executou Edvaldo.<\/span><\/p>\n<p class=\"western\" style=\"text-align: justify;\" align=\"justify\" data-raofz=\"14\"><span style=\"font-size: 14pt;\">\u201c<span lang=\"pt-BR\" data-raofz=\"16\">O crime ocorreu de forma covarde, premeditada, com o criminoso de campana \u00e0 espera do momento para golpear a v\u00edtima, desarmada e sem a menor condi\u00e7\u00e3o de defesa. O r\u00e9u e o senhor Edvaldo discutiram, o que teria levado \u00e0 viol\u00eancia desnecess\u00e1ria e repudiante com v\u00e1rios golpes de faca, principalmente na regi\u00e3o do pesco\u00e7o,\u00a0<\/span><span lang=\"pt-BR\" data-raofz=\"16\">o que respalda a forma fria na hora do cometimento do homic\u00eddio<\/span><span lang=\"pt-BR\" data-raofz=\"16\">. Ficaram\u00a0<\/span><span lang=\"pt-BR\" data-raofz=\"16\">filhos\u00a0<\/span><span lang=\"pt-BR\" data-raofz=\"16\">\u00f3rf\u00e3<\/span><span lang=\"pt-BR\" data-raofz=\"16\">o<\/span><span lang=\"pt-BR\" data-raofz=\"16\">s,\u00a0<\/span><span lang=\"pt-BR\" data-raofz=\"16\">um de menoridade,\u00a0<\/span><span lang=\"pt-BR\" data-raofz=\"16\">a esposa sozinha e tamb\u00e9m afetada psicologicamente.\u00a0<\/span><span lang=\"pt-BR\" data-raofz=\"16\">O conselho de senten\u00e7a alcan\u00e7ou a gravidade do fato, entendeu que a postura do Minist\u00e9rio P\u00fablico era correta, concordou conosco e acatou as qualificadoras\u201d, declara a promotora.<\/span><\/span><\/p>\n<p class=\"western\" style=\"text-align: justify;\" align=\"justify\" data-raofz=\"14\"><span style=\"font-size: 14pt;\"><span lang=\"pt-BR\" data-raofz=\"16\">Maciel Oliveira assassinou \u201cChina\u201d, numa emboscada, quando a v\u00edtima transitava,\u00a0<\/span><span lang=\"pt-BR\" data-raofz=\"16\">na madrugada,<\/span><span lang=\"pt-BR\" data-raofz=\"16\">\u00a0em um beco escuro,\u00a0<\/span><span lang=\"pt-BR\" data-raofz=\"16\">com destino \u00e0 casa de uma tia<\/span><span lang=\"pt-BR\" data-raofz=\"16\">.<\/span><\/span><\/p>\n<p class=\"western\" style=\"text-align: justify;\" align=\"justify\" data-raofz=\"14\"><span style=\"font-size: 14pt;\"><span lang=\"pt-BR\" data-raofz=\"16\">O condenado\u00a0<\/span><span lang=\"pt-BR\" data-raofz=\"16\">\u00e9 de<\/span><span lang=\"pt-BR\" data-raofz=\"16\">\u00a0vida pregressa e\u00a0<\/span><span lang=\"pt-BR\" data-raofz=\"16\">j\u00e1\u00a0<\/span><span lang=\"pt-BR\" data-raofz=\"16\">possui uma condena\u00e7\u00e3o com tr\u00e2nsito em julgado, cumprindo pena no processo de n\u00ba 000.6218-14.2018.8.013.0701 em tr\u00e2mite na Vara de Execu\u00e7\u00e3o de Concei\u00e7\u00e3o das Alagoas, em Minas Gerais.<\/span><\/span><\/p>\n<p class=\"western\" style=\"text-align: justify;\" align=\"justify\" data-raofz=\"14\"><span style=\"font-size: 14pt;\"><b><span lang=\"pt-BR\" data-raofz=\"16\">S<\/span><span lang=\"pt-BR\" data-raofz=\"16\">enten\u00e7a<\/span><\/b><\/span><\/p>\n<p class=\"western\" style=\"text-align: justify;\" align=\"justify\" data-raofz=\"14\"><span style=\"font-size: 14pt;\"><span lang=\"pt-BR\" data-raofz=\"16\">A<\/span><span lang=\"pt-BR\" data-raofz=\"16\">\u00a0princ\u00edpio, avaliadas as tr\u00eas circunst\u00e2ncias negativas: culpabilidade, circunst\u00e2ncias e consequ\u00eancias do delito foi dada a condena\u00e7\u00e3o de dois anos e tr\u00eas meses para cada, perfazendo seis anos e nove meses de pris\u00e3o, somados a mais 12 anos (por ser homic\u00eddio qualificado), obtendo-se 18 anos e nove meses de reclus\u00e3o.<\/span><\/span><\/p>\n<p class=\"western\" style=\"text-align: justify;\" align=\"justify\" data-raofz=\"14\"><span style=\"font-size: 14pt;\" data-raofz=\"14\"><span lang=\"pt-BR\" data-raofz=\"16\">Agravada pelas qualificadoras, a condena\u00e7\u00e3o definitiva aplicada pelo juiz Guilherme Bubolz Bohm foi de 26 anos, seis meses e sete dias de reclus\u00e3o. O magistrado tamb\u00e9m determinou que fosse informado Vara de Execu\u00e7\u00e3o Penal da Comarca de Concei\u00e7\u00e3o das Alagoas\/MG , informando que o r\u00e9u se encontraria no sistema prisional de Alagoas.<\/span><\/span><\/p>\n<\/div><div class=\"fusion-clearfix\"><\/div>\n\n\t\t\t\t\t<\/div>\n\t\t\t\t<\/div><\/div><\/div>\n","protected":false},"excerpt":{"rendered":"","protected":false},"author":2,"featured_media":5447,"comment_status":"open","ping_status":"open","sticky":false,"template":"","format":"standard","meta":{"om_disable_all_campaigns":false,"_monsterinsights_skip_tracking":false,"_monsterinsights_sitenote_active":false,"_monsterinsights_sitenote_note":"","_monsterinsights_sitenote_category":0,"_uf_show_specific_survey":0,"_uf_disable_surveys":false,"footnotes":""},"categories":[2],"tags":[],"class_list":["post-5446","post","type-post","status-publish","format-standard","has-post-thumbnail","hentry","category-not_mpal"],"aioseo_notices":[],"_links":{"self":[{"href":"https:\/\/www.mpal.mp.br\/index.php?rest_route=\/wp\/v2\/posts\/5446","targetHints":{"allow":["GET"]}}],"collection":[{"href":"https:\/\/www.mpal.mp.br\/index.php?rest_route=\/wp\/v2\/posts"}],"about":[{"href":"https:\/\/www.mpal.mp.br\/index.php?rest_route=\/wp\/v2\/types\/post"}],"author":[{"embeddable":true,"href":"https:\/\/www.mpal.mp.br\/index.php?rest_route=\/wp\/v2\/users\/2"}],"replies":[{"embeddable":true,"href":"https:\/\/www.mpal.mp.br\/index.php?rest_route=%2Fwp%2Fv2%2Fcomments&post=5446"}],"version-history":[{"count":2,"href":"https:\/\/www.mpal.mp.br\/index.php?rest_route=\/wp\/v2\/posts\/5446\/revisions"}],"predecessor-version":[{"id":5449,"href":"https:\/\/www.mpal.mp.br\/index.php?rest_route=\/wp\/v2\/posts\/5446\/revisions\/5449"}],"wp:featuredmedia":[{"embeddable":true,"href":"https:\/\/www.mpal.mp.br\/index.php?rest_route=\/wp\/v2\/media\/5447"}],"wp:attachment":[{"href":"https:\/\/www.mpal.mp.br\/index.php?rest_route=%2Fwp%2Fv2%2Fmedia&parent=5446"}],"wp:term":[{"taxonomy":"category","embeddable":true,"href":"https:\/\/www.mpal.mp.br\/index.php?rest_route=%2Fwp%2Fv2%2Fcategories&post=5446"},{"taxonomy":"post_tag","embeddable":true,"href":"https:\/\/www.mpal.mp.br\/index.php?rest_route=%2Fwp%2Fv2%2Ftags&post=5446"}],"curies":[{"name":"wp","href":"https:\/\/api.w.org\/{rel}","templated":true}]}}