{"id":5442,"date":"2022-05-09T07:59:16","date_gmt":"2022-05-09T10:59:16","guid":{"rendered":"https:\/\/www.mpal.mp.br\/?p=5442"},"modified":"2022-05-16T08:00:07","modified_gmt":"2022-05-16T11:00:07","slug":"ministerio-publico-recebe-escritura-do-terreno-onde-esta-sendo-construida-a-sede-das-promotorias-de-justica-de-penedo","status":"publish","type":"post","link":"https:\/\/www.mpal.mp.br\/?p=5442","title":{"rendered":"Minist\u00e9rio P\u00fablico recebe escritura do terreno onde est\u00e1 sendo constru\u00edda a sede das Promotorias de Justi\u00e7a de Penedo"},"content":{"rendered":"<div class=\"fusion-fullwidth fullwidth-box fusion-builder-row-1 nonhundred-percent-fullwidth non-hundred-percent-height-scrolling\"  style='background-color: #ffffff;background-position: center center;background-repeat: no-repeat;padding-top:0px;padding-right:0px;padding-bottom:0px;padding-left:0px;'><div class=\"fusion-builder-row fusion-row \"><div  class=\"fusion-layout-column fusion_builder_column fusion_builder_column_1_1 fusion-builder-column-1 fusion-one-full fusion-column-first fusion-column-last 1_1\"  style='margin-top:0px;margin-bottom:20px;'>\n\t\t\t\t\t<div class=\"fusion-column-wrapper\" style=\"padding: 0px 0px 0px 0px;background-position:left top;background-repeat:no-repeat;-webkit-background-size:cover;-moz-background-size:cover;-o-background-size:cover;background-size:cover;\"   data-bg-url=\"\">\n\t\t\t\t\t\t<div class=\"fusion-text\"><p class=\"p1\" style=\"text-align: justify;\" data-raofz=\"14\"><span class=\"s1\" style=\"font-size: 14pt;\" data-raofz=\"14\">O Minist\u00e9rio P\u00fablico do Estado de Alagoas recebeu, nesta segunda-feira (9), o documento de escritura e registro do terreno onde est\u00e1 sendo constru\u00edda a futura sede das Promotorias de Justi\u00e7a do munic\u00edpio de Penedo. As obras est\u00e3o em andamento e foram or\u00e7adas em R$ 2 milh\u00f5es.<\/span><\/p>\n<p class=\"p1\" style=\"text-align: justify;\" data-raofz=\"14\"><span class=\"s1\" style=\"font-size: 14pt;\" data-raofz=\"14\">Foi o procurador-geral de Justi\u00e7a, M\u00e1rcio Roberto Ten\u00f3rio de Albuquerque, quem recebeu o documento, que foi entregue por Luiz Campos Teixeira Neto, tabeli\u00e3o do 1o cart\u00f3rio de registro de im\u00f3veis de Penedo. \u201c\u00c9 uma alegria termos em m\u00e3os essa escritura, que nos d\u00e1, de forma definitiva, a posse do terreno que foi gentilmente doado pela Prefeitura de Penedo, a quem agradecemos, mais uma vez. Reafirmamos que<span class=\"Apple-converted-space\" data-raofz=\"14\">\u00a0\u00a0<\/span>essa nova sede que est\u00e1 sendo edificada ser\u00e1 muito importante, com melhor estrutura para membros e servidores trabalharem e, claro, para que a popula\u00e7\u00e3o possa ser atendida com mais conforto e comodidade. Ser\u00e1 um pr\u00e9dio moderno, como merece o nosso Minist\u00e9rio P\u00fablico\u201d, disse ele.<\/span><\/p>\n<p class=\"p1\" style=\"text-align: justify;\" data-raofz=\"14\"><span class=\"s1\" style=\"font-size: 14pt;\" data-raofz=\"14\">O tabeli\u00e3o Lu\u00edz Campos Teixeira Neto afirmou que fez quest\u00e3o de vir a Macei\u00f3 trazer o documento. \u201cSei que esse registro estava sendo muito esperado, ent\u00e3o, decidi vir pessoalmente entreg\u00e1-lo. Agora o terreno est\u00e1 legalmente doado ao Minist\u00e9rio P\u00fablico\u201d, declarou.<\/span><\/p>\n<p class=\"p1\" style=\"text-align: justify;\" data-raofz=\"14\"><span style=\"font-size: 14pt;\"><strong><span class=\"s1\" data-raofz=\"14\">As obras<\/span><\/strong><\/span><\/p>\n<p class=\"p1\" style=\"text-align: justify;\" data-raofz=\"14\"><span class=\"s1\" style=\"font-size: 14pt;\" data-raofz=\"14\">O novo pr\u00e9dio contar\u00e1 com salas para abrigar as cinco promotorias de Justi\u00e7a, que ter\u00e3o as suas assessorias integradas, espa\u00e7os para a realiza\u00e7\u00e3o de audi\u00eancia e apoio t\u00e9cnico, centro de processamento de dados, arquivo, copa\/cozinha, recep\u00e7\u00e3o, banheiros exclusivos para os membros e servidores e banheiros acess\u00edveis para o p\u00fablico em geral.<\/span><\/p>\n<p class=\"p1\" style=\"text-align: justify;\" data-raofz=\"14\"><span style=\"font-size: 14pt;\"><span class=\"s1\" data-raofz=\"14\">A edifica\u00e7\u00e3o tamb\u00e9m vai contar com um sistema de reaproveitamento de \u00e1gua das chuvas e uma rede\u00a0<\/span>estabilizada de energia el\u00e9trica.<\/span><\/p>\n<p class=\"p1\" style=\"text-align: justify;\" data-raofz=\"14\"><span class=\"s1\" style=\"font-size: 14pt;\" data-raofz=\"14\">As obras dever\u00e3o ser finalizadas em outubro deste ano e est\u00e3o or\u00e7adas em R$ 2.140.699,20.<\/span><\/p>\n<\/div><div class=\"fusion-clearfix\"><\/div>\n\n\t\t\t\t\t<\/div>\n\t\t\t\t<\/div><\/div><\/div>\n","protected":false},"excerpt":{"rendered":"","protected":false},"author":2,"featured_media":5443,"comment_status":"open","ping_status":"open","sticky":false,"template":"","format":"standard","meta":{"om_disable_all_campaigns":false,"_monsterinsights_skip_tracking":false,"_monsterinsights_sitenote_active":false,"_monsterinsights_sitenote_note":"","_monsterinsights_sitenote_category":0,"_uf_show_specific_survey":0,"_uf_disable_surveys":false,"footnotes":""},"categories":[2],"tags":[],"class_list":["post-5442","post","type-post","status-publish","format-standard","has-post-thumbnail","hentry","category-not_mpal"],"aioseo_notices":[],"_links":{"self":[{"href":"https:\/\/www.mpal.mp.br\/index.php?rest_route=\/wp\/v2\/posts\/5442","targetHints":{"allow":["GET"]}}],"collection":[{"href":"https:\/\/www.mpal.mp.br\/index.php?rest_route=\/wp\/v2\/posts"}],"about":[{"href":"https:\/\/www.mpal.mp.br\/index.php?rest_route=\/wp\/v2\/types\/post"}],"author":[{"embeddable":true,"href":"https:\/\/www.mpal.mp.br\/index.php?rest_route=\/wp\/v2\/users\/2"}],"replies":[{"embeddable":true,"href":"https:\/\/www.mpal.mp.br\/index.php?rest_route=%2Fwp%2Fv2%2Fcomments&post=5442"}],"version-history":[{"count":2,"href":"https:\/\/www.mpal.mp.br\/index.php?rest_route=\/wp\/v2\/posts\/5442\/revisions"}],"predecessor-version":[{"id":5445,"href":"https:\/\/www.mpal.mp.br\/index.php?rest_route=\/wp\/v2\/posts\/5442\/revisions\/5445"}],"wp:featuredmedia":[{"embeddable":true,"href":"https:\/\/www.mpal.mp.br\/index.php?rest_route=\/wp\/v2\/media\/5443"}],"wp:attachment":[{"href":"https:\/\/www.mpal.mp.br\/index.php?rest_route=%2Fwp%2Fv2%2Fmedia&parent=5442"}],"wp:term":[{"taxonomy":"category","embeddable":true,"href":"https:\/\/www.mpal.mp.br\/index.php?rest_route=%2Fwp%2Fv2%2Fcategories&post=5442"},{"taxonomy":"post_tag","embeddable":true,"href":"https:\/\/www.mpal.mp.br\/index.php?rest_route=%2Fwp%2Fv2%2Ftags&post=5442"}],"curies":[{"name":"wp","href":"https:\/\/api.w.org\/{rel}","templated":true}]}}